{"id":876776,"date":"2026-03-18T00:36:17","date_gmt":"2026-03-18T00:36:17","guid":{"rendered":"https:\/\/www.europesays.com\/de\/876776\/"},"modified":"2026-03-18T00:36:17","modified_gmt":"2026-03-18T00:36:17","slug":"aachen-will-kaufoption-ziehen-schroers-kehrt-nicht-zur-arminia-zurueck","status":"publish","type":"post","link":"https:\/\/www.europesays.com\/de\/876776\/","title":{"rendered":"Aachen will Kaufoption ziehen: Schroers kehrt nicht zur Arminia zur\u00fcck"},"content":{"rendered":"<p id=\"absatz1\" class=\"em_text\">Bielefeld. Zw\u00f6lf Tore und acht Vorlagen in 26 Pflichtspielen: Die Bilanz von Mika Schroers in der laufenden Saison ist beeindruckend. Gemeinsam mit Offensivpartner Lars Gindorf ist der 24-J\u00e4hrige, der vor der Saison leihweise von Arminia Bielefeld zu Alemannia Aachen wechselte, die Lebensversicherung des Drittligisten. Kein Wunder also, dass sie Aachener das Duo gerne halten w\u00fcrden.<\/p>\n<p id=\"absatz2\" class=\"em_text\">Im Fall Gindorf d\u00fcrfte das allerdings ein frommer Wunsch bleiben. Denn der Toptorj\u00e4ger der 3. Liga (20 Treffer) ist nur bis zum Sommer von Hannover 96 ausgeliehen. Eine Kaufoption besitzen die Aachener nicht und Gindorf hat sich mit seinen Leistungen ohnehin auf den Zettel des ein oder anderen Zweitligisten gespielt.<\/p>\n<p id=\"absatz3\" class=\"em_text\">Anders ist die Lage bei DSC-Leihgabe Schroers. Hier h\u00e4lt der Drittligist die Karten in der Hand, besitzt eine Kaufoption. Und diese wird die Alemannia auch ziehen, wie Sportdirektor Rachid Azzouzi gegen\u00fcber der \u201eAachener Zeitung\u201c erkl\u00e4rte. \u201eBei einem haben wir die M\u00f6glichkeit, die Option zu ziehen, und das werden wir auch machen.\u201c Schroers wird im Sommer also nicht zu Arminia Bielefeld zur\u00fcckkehren.<\/p>\n<p id=\"absatz4\"><b class=\"bold\">14 Abg\u00e4nge in 12 Monaten:<\/b> <a href=\"https:\/\/www.nw.de\/sport\/fussball\/dsc_arminia_bielefeld\/24264840_14-Abgaenge-in-12-Monaten-Wie-es-fuer-die-Ex-Arminia-Profis-bei-ihren-neuen-Klubs-laeuft.html\" rel=\"nofollow noopener\" target=\"_blank\">Wie es f\u00fcr die Ex-Arminia-Profis bei ihren neuen Klubs l\u00e4uft<\/a><\/p>\n<p>\n        \u00d7\n    <\/p>\n<p>\n            Sie erhalten in wenigen Minuten eine E-Mail zur Best\u00e4tigung Ihrer Anmeldung.\n        <\/p>\n<p>Erst danach ist diese abgeschlossen.<\/p>\n<p>Bitte pr\u00fcfen Sie auch den Spam-Ordner.<\/p>\n<p>\n        \u00d7\n    <\/p>\n<p>\n            Sie haben bisher Ihre E-Mail-Adresse noch nicht best\u00e4tigt.\n        <\/p>\n<p>Erst danach ist diese abgeschlossen.<\/p>\n<p>Bitte pr\u00fcfen Sie auch den Spam-Ordner.<\/p>\n<p>\n        \u00d7\n    <\/p>\n<p>\n            Es ist einen Fehler aufgetreten\n        <\/p>\n<p>Bei Fragen hilft unser Newsletter-Support<\/p>\n<p> Newsletter<\/p>\n<p> DSC Arminia Bielefeld<\/p>\n<p>W\u00f6chentlich alle News rund um Arminia Bielefeld.<\/p>\n<p>                Jetzt anmelden<\/p>\n<p>22 Pflichtspiele f\u00fcr Arminia Bielefeld<\/p>\n<p id=\"absatz5\" class=\"em_text\">Der Offensivspieler war im Sommer 2024 von Borussia M\u00f6nchengladbach II zu den Ostwestfalen gewechselt, verpasste unter Trainer Mitch Kniat aber den Durchbruch in der 3. Liga. Sp\u00e4testens nach der R\u00fcckkehr in die 2. Bundesliga wurde schnell deutlich, dass es Schroers angesichts der Konkurrenz auf den Au\u00dfenpositionen schwer haben w\u00fcrde, substanzielle Einsatzzeiten zu bekommen.<\/p>\n<p id=\"absatz6\" class=\"em_text\">Sowohl an den ersten beiden Zweitliga-Spieltagen der laufenden Saison als auch bei der DFB-Pokalpartie gegen Werder Werder Bremen wurde er nicht f\u00fcr den Spieltagskader nominiert. Am dritten Spieltag gegen Dynamo Dresden schaffte er zwar den Sprung in das Aufgebot, sa\u00df w\u00e4hrend der 1:2-Heimniederlage aber \u00fcber die vollen 90 Minuten auf der Bank. Spielpraxis sammelte Schroers nur noch in der Oberliga, wo er in zwei Partien f\u00fcr Arminias U21 drei Tore erzielte.<\/p>\n<p>        <a href=\"https:\/\/www.nw.de\/_em_daten\/_cache\/image\/1xelByaDl1aEVxOU1XVXRXazA4YVBHMHJya2sveFBYdmUzOWxUMytQVmRVK1hiSzdCa05kTTAxcEhhVGZ6ajBhTDh0bFh2U2pUeWQ0UkYzQ1c1NXpaMkR2M2JWQjIvclNlUFJvZWliV0xYUzQ9\/260317-2111-878387699.jpg\" class=\"nw-article-image\" title=\"Im Trikot von Alemannia Aachen bl\u00fchte Mika Schroers (r.) auf und sammelte in der 3. Liga 20 Scorerpunkte.\" data-glightbox=\"type: image; description: Im Trikot von Alemannia Aachen bl\u00fchte Mika Schroers (r.) auf und sammelte in der 3. Liga 20 Scorerpunkte.  | \u00a9 sport\/presse\/foto D\u00fcnh\u00f6lter \" rel=\"nofollow noopener\" target=\"_blank\"><br \/>\n            <img decoding=\"async\" src=\"https:\/\/www.europesays.com\/de\/wp-content\/uploads\/2026\/03\/260317-2111-878387699.jpg\" class=\"nw-img-fluid nw-w-full nw-lazy nw-rounded-t-md\" alt=\"Im Trikot von Alemannia Aachen bl\u00fchte Mika Schroers (r.) auf und sammelte in der 3. Liga 20 Scorerpunkte. - \u00a9 sport\/presse\/foto D\u00fcnh\u00f6lter\" data-format=\"16:9\"\/><br \/>\n        <\/a><\/p>\n<p>                Im Trikot von Alemannia Aachen bl\u00fchte Mika Schroers (r.) auf und sammelte in der 3. Liga 20 Scorerpunkte.<br \/>\n                                    | \u00a9 sport\/presse\/foto D\u00fcnh\u00f6lter<\/p>\n<p id=\"absatz7\" class=\"em_text\">Im Sommer wird sich das kurze Kapitel Arminia Bielefeld nach 22 Pflichtspielen (ein Tor, zwei Vorlagen) endg\u00fcltig schlie\u00dfen. Der Zweitligist darf sich wiederum \u00fcber eine kleine Abl\u00f6sesumme f\u00fcr den Offensivspieler freuen. Diese soll dem Bericht zufolge im niedrigen sechsstelligen Bereich liegen.<\/p>\n","protected":false},"excerpt":{"rendered":"Bielefeld. Zw\u00f6lf Tore und acht Vorlagen in 26 Pflichtspielen: Die Bilanz von Mika Schroers in der laufenden Saison&hellip;\n","protected":false},"author":2,"featured_media":876777,"comment_status":"","ping_status":"","sticky":false,"template":"","format":"standard","meta":{"footnotes":"","_share_on_mastodon":"0"},"categories":[1841],"tags":[1424,999,2368,1605,3364,29,30,2366,8836,4281,1611,1606,1608,85960,734,2381,2380,1613,71856,1209,2697,4279],"class_list":["post-876776","post","type-post","status-publish","format-standard","has-post-thumbnail","category-bielefeld","tag-aachen","tag-alemannia-aachen","tag-arminia-bielefeld","tag-bielefeld","tag-de","tag-deutschland","tag-germany","tag-hannover-96","tag-kaufoption","tag-label_arminia","tag-label_informiere-mich","tag-label_m-80","tag-label_top-news","tag-lars-gindorf","tag-meta_artikelklasse_nachricht","tag-meta_copyrights_rgowl_freier_mitarbeiter","tag-meta_themen_arminia_bielefeld","tag-meta_userneeds_informieremich","tag-mika-schroers","tag-nordrhein-westfalen","tag-pflichtspiel","tag-serie_nlarminia"],"share_on_mastodon":{"url":"https:\/\/pubeurope.com\/@de\/116247382446576752","error":""},"_links":{"self":[{"href":"https:\/\/www.europesays.com\/de\/wp-json\/wp\/v2\/posts\/876776","targetHints":{"allow":["GET"]}}],"collection":[{"href":"https:\/\/www.europesays.com\/de\/wp-json\/wp\/v2\/posts"}],"about":[{"href":"https:\/\/www.europesays.com\/de\/wp-json\/wp\/v2\/types\/post"}],"author":[{"embeddable":true,"href":"https:\/\/www.europesays.com\/de\/wp-json\/wp\/v2\/users\/2"}],"replies":[{"embeddable":true,"href":"https:\/\/www.europesays.com\/de\/wp-json\/wp\/v2\/comments?post=876776"}],"version-history":[{"count":0,"href":"https:\/\/www.europesays.com\/de\/wp-json\/wp\/v2\/posts\/876776\/revisions"}],"wp:featuredmedia":[{"embeddable":true,"href":"https:\/\/www.europesays.com\/de\/wp-json\/wp\/v2\/media\/876777"}],"wp:attachment":[{"href":"https:\/\/www.europesays.com\/de\/wp-json\/wp\/v2\/media?parent=876776"}],"wp:term":[{"taxonomy":"category","embeddable":true,"href":"https:\/\/www.europesays.com\/de\/wp-json\/wp\/v2\/categories?post=876776"},{"taxonomy":"post_tag","embeddable":true,"href":"https:\/\/www.europesays.com\/de\/wp-json\/wp\/v2\/tags?post=876776"}],"curies":[{"name":"wp","href":"https:\/\/api.w.org\/{rel}","templated":true}]}}