{"id":876799,"date":"2026-03-18T00:49:16","date_gmt":"2026-03-18T00:49:16","guid":{"rendered":"https:\/\/www.europesays.com\/de\/876799\/"},"modified":"2026-03-18T00:49:16","modified_gmt":"2026-03-18T00:49:16","slug":"afrika-cup-senegals-titel-aberkannt-marokko-neuer-champion","status":"publish","type":"post","link":"https:\/\/www.europesays.com\/de\/876799\/","title":{"rendered":"Afrika-Cup: Senegals Titel aberkannt, Marokko neuer Champion"},"content":{"rendered":"<p>            <img loading=\"lazy\" decoding=\"async\" class=\"ts-image\" src=\"https:\/\/www.europesays.com\/de\/wp-content\/uploads\/2026\/03\/afrika-cup-rudelbildung-100.jpg\" alt=\"Rudelbildung beim Afrika-Cup-Finale zwischen Marokko und Senegal\" title=\"Rudelbildung beim Afrika-Cup-Finale zwischen Marokko und Senegal | AFP\"\/><\/p>\n<p class=\"metatextline\">Stand: 18.03.2026 \u2022 00:08 Uhr<\/p>\n<p class=\"article-head__shorttext\">\n        <strong>Das Finale des Afrika-Cups ging in die Geschichte des Profifu\u00dfballs ein &#8211; und es hat ein Nachspiel. Weil der Senegal zwischenzeitlich die Fortsetzung boykottiert hatte, wurde Marokko nun nachtr\u00e4glich zum Sieger ernannt.<\/strong>\n    <\/p>\n<p class=\"textabsatz m-ten m-offset-one l-eight l-offset-two columns twelve\">Der afrikanische Fu\u00dfballverband hat das von Tumulten \u00fcberschattete Skandal-Endspiel neu gewertet, das CAF-Berufungsgremium erkl\u00e4rte die Partie f\u00fcr den Senegal rund zwei Monate nach deren Austragung gem\u00e4\u00df Artikel 84 des Regelwerks als verloren, das Ergebnis wurde mit 3:0 zugunsten von Gastgeber Marokko gewertet. Das teilte der Verband am Dienstag mit.<\/p>\n<p>    Senegal-Streik hat sp\u00e4te Konsequenzen<\/p>\n<p class=\"textabsatz m-ten m-offset-one l-eight l-offset-two columns twelve\">Das Berufungsgericht stellte sich damit gegen die Entscheidung des CAF, der zun\u00e4chst zwar zahlreiche Geldstrafen ausgesprochen, das sportliche Ergebnis aber unangetastet gelassen hatte. Der Verband hatte in seiner Entscheidung noch geurteilt, dass das Team des Senegal nach seinem kurzzeitigen Boykott zur\u00fcckgekommen sei und die Kriterien f\u00fcr eine Aufgabe deswegen nicht erf\u00fcllt wurden.<\/p>\n<p class=\"textabsatz m-ten m-offset-one l-eight l-offset-two columns twelve\">Hintergrund der Entscheidung ist das chaotische Endspiel am 18. Januar in Rabat, das kurz vor dem Abbruch gestanden hatte. Nach einem sp\u00e4ten Elfmeterpfiff f\u00fcr Marokko hatten Senegals Spieler aus Protest den Platz zwischenzeitlich verlassen, erst nach l\u00e4ngerer Unterbrechung wurde die Partie fortgesetzt. Brahim Diaz vergab den Strafsto\u00df, in der Verl\u00e4ngerung traf Pape Gueye (94.) zum 1:0-Endstand f\u00fcr Senegal.<\/p>\n<p>    FIFA-Pr\u00e4sident Infantino: Darf sich &#8222;niemals wiederholen&#8220;<\/p>\n<p class=\"textabsatz m-ten m-offset-one l-eight l-offset-two columns twelve\">Ein Abbruch hatte auch gedroht, weil auf den Trib\u00fcnen in Rabat Chaos ausgebrochen war. Senegals Fans wollten auf den Platz st\u00fcrmen, Sicherheitskr\u00e4fte verhinderten dies. Der marokkanische Verband hatte unmittelbar nach dem Spiel rechtliche Schritte bei CAF und FIFA angek\u00fcndigt. &#8222;Diese Situation hatte erhebliche Auswirkungen auf den normalen Spielverlauf und die Leistung der Spieler&#8220;, erkl\u00e4rte der Verband damals und zielte bereits auf das zwischenzeitliche Verlassen des Spielfelds ab.<\/p>\n<p class=\"textabsatz m-ten m-offset-one l-eight l-offset-two columns twelve\">Auch FIFA-Pr\u00e4sident Gianni Infantino hatte von &#8222;inakzeptablen&#8220; und &#8222;h\u00e4sslichen&#8220; Szenen gesprochen, die &#8222;verurteilt&#8220; werden m\u00fcssen und sich &#8222;niemals wiederholen&#8220; d\u00fcrfen. Der Senegal um Bayern-Profi Nicolas Jackson und Topstar Sadio Man\u00e9 hatte seinen zweiten Titel nach 2022 gefeiert. Dieser Triumph verliert durch die nachtr\u00e4gliche Wertung seine G\u00fcltigkeit, Marokko wird stattdessen erstmals seit 1976 wieder als Afrikameister gef\u00fchrt.<\/p>\n","protected":false},"excerpt":{"rendered":"Stand: 18.03.2026 \u2022 00:08 Uhr Das Finale des Afrika-Cups ging in die Geschichte des Profifu\u00dfballs ein &#8211; und&hellip;\n","protected":false},"author":2,"featured_media":876800,"comment_status":"","ping_status":"","sticky":false,"template":"","format":"standard","meta":{"footnotes":"","_share_on_mastodon":"0"},"categories":[5],"tags":[148728,331,332,3364,29,347,30,13,3876,14,15,12,39878],"class_list":["post-876799","post","type-post","status-publish","format-standard","has-post-thumbnail","category-nachrichten","tag-afrika-cup","tag-aktuelle-nachrichten","tag-aktuelle-news","tag-de","tag-deutschland","tag-fussball","tag-germany","tag-headlines","tag-marokko","tag-nachrichten","tag-news","tag-schlagzeilen","tag-senegal"],"share_on_mastodon":{"url":"","error":""},"_links":{"self":[{"href":"https:\/\/www.europesays.com\/de\/wp-json\/wp\/v2\/posts\/876799","targetHints":{"allow":["GET"]}}],"collection":[{"href":"https:\/\/www.europesays.com\/de\/wp-json\/wp\/v2\/posts"}],"about":[{"href":"https:\/\/www.europesays.com\/de\/wp-json\/wp\/v2\/types\/post"}],"author":[{"embeddable":true,"href":"https:\/\/www.europesays.com\/de\/wp-json\/wp\/v2\/users\/2"}],"replies":[{"embeddable":true,"href":"https:\/\/www.europesays.com\/de\/wp-json\/wp\/v2\/comments?post=876799"}],"version-history":[{"count":0,"href":"https:\/\/www.europesays.com\/de\/wp-json\/wp\/v2\/posts\/876799\/revisions"}],"wp:featuredmedia":[{"embeddable":true,"href":"https:\/\/www.europesays.com\/de\/wp-json\/wp\/v2\/media\/876800"}],"wp:attachment":[{"href":"https:\/\/www.europesays.com\/de\/wp-json\/wp\/v2\/media?parent=876799"}],"wp:term":[{"taxonomy":"category","embeddable":true,"href":"https:\/\/www.europesays.com\/de\/wp-json\/wp\/v2\/categories?post=876799"},{"taxonomy":"post_tag","embeddable":true,"href":"https:\/\/www.europesays.com\/de\/wp-json\/wp\/v2\/tags?post=876799"}],"curies":[{"name":"wp","href":"https:\/\/api.w.org\/{rel}","templated":true}]}}