{"id":876890,"date":"2026-03-18T01:39:16","date_gmt":"2026-03-18T01:39:16","guid":{"rendered":"https:\/\/www.europesays.com\/de\/876890\/"},"modified":"2026-03-18T01:39:16","modified_gmt":"2026-03-18T01:39:16","slug":"georgischer-patriarch-mit-93-jahren-gestorben","status":"publish","type":"post","link":"https:\/\/www.europesays.com\/de\/876890\/","title":{"rendered":"Georgischer Patriarch mit 93 Jahren gestorben"},"content":{"rendered":"<p>Einflussreicher Kirchenmann <\/p>\n<p>Ilia II. ist tot \u2013 Am Morgen erlitt der Patriarch eine Magenblutung<\/p>\n<p>17.03.2026 &#8211; 23:37 UhrLesedauer: 2 Min.<\/p>\n<p><a href=\"#focus-0\" class=\"transition-colors duration-200 block text-current relative\" data-sctrack=\"FocusGalleryImage.Reference\"><img fetchpriority=\"high\" data-testid=\"Opener.Image\" style=\"--lqipURL:url('https:\/\/images.t-online.de\/2026\/03\/BW7JwDohJ2FJ\/0x75:800x450\/fit-in\/150x0\/filters:blur(25)\/georgiens-orthodoxer-patriarch-ilia-ii-m-wird-von-priestern-unterstuetzt-archivbild.jpg')\"   loading=\"eager\" src=\"https:\/\/www.europesays.com\/de\/wp-content\/uploads\/2026\/03\/georgiens-orthodoxer-patriarch-ilia-ii-m-wird-von-priestern-unterstuetzt-archivbild.jpg\" alt=\"Georgiens orthodoxer Patriarch Ilia II. (M) wird von Priestern unterst\u00fctzt (Archivbild).\" title=\"Georgiens orthodoxer Patriarch Ilia II. (M) wird von Priestern unterst\u00fctzt (Archivbild).\" width=\"800\" height=\"450\" class=\"bg-[url:var(--lqipURL)] bg-cover bg-center flex h-full w-full max-w-full\" decoding=\"async\"\/><img style=\"--width:32;--height:32\" loading=\"lazy\" src=\"https:\/\/www.t-online.de\/s\/paper\/_next\/static\/media\/zoom-in.f7dae02f.svg\" alt=\"Vergr\u00f6\u00dfern des Bildes\" title=\"Vergr\u00f6\u00dfern des Bildes\" class=\"block h-[calc(var(--height)_\/_16_*_1rem)] w-[calc(var(--width)_\/_16_*_1rem)] max-w-none absolute bottom-8 right-8 rounded-4 bg-snow p-8\" decoding=\"async\"\/><\/a><\/p>\n<p>Georgiens orthodoxer Patriarch Ilia II. (M) wird von Priestern unterst\u00fctzt (Archivbild). (Quelle: Shakh Aivazov\/AP\/dpa)<\/p>\n<p class=\"font-bold text-18 leading-17 user-text-lg:text-22 user-text-xl:text-24\">Er galt als historische Pers\u00f6nlichkeit: Der georgische Patriarch Ilia II. ist im Alter von 93 Jahren gestorben. Bekannt war er vor allem als Verfechter ultrakonservativer Werte.<\/p>\n<p class=\"text-18 leading-17 user-text-lg:text-22 user-text-xl:text-24\">In der S\u00fcdkaukasusrepublik Georgien ist Patriarch Ilia II. im Alter von 93 Jahren nach offiziellen Angaben nach fast einem halben Jahrhundert im Amt gestorben. Das Patriarchat teilte in der Hauptstadt Tiflis (Tbilissi) mit, dass der Leichnam des Oberhauptes der georgisch-orthodoxen Kirche an diesem Mittwoch in die Sameba-Kathedrale \u00fcberf\u00fchrt werde und landesweit Trauer angesetzt sei. Ilia II. galt als eine der einflussreichsten Pers\u00f6nlichkeiten in der Geschichte des unabh\u00e4ngigen Georgiens und als geistlicher F\u00fchrer der Nation.<\/p>\n<p class=\"text-18 leading-17 user-text-lg:text-22 user-text-xl:text-24\">&#8222;Er war eine epochale Pers\u00f6nlichkeit. Dies ist ein gro\u00dfer Verlust f\u00fcr die gesamte orthodoxe Kirche weltweit&#8220;, sagte der Stellvertreter des Patriarchen, Metropolit Schio Mujiri. &#8222;Er hat eine ganze Epoche gepr\u00e4gt.&#8220; Bei vielen prowestlichen Georgiern stand er in der Kritik, weil er mit seinem politischen Einfluss und wegen des Bestehens auf traditionellen Werten eine proeurop\u00e4ische Entwicklung des Landes behinderte.<\/p>\n<p class=\"text-18 leading-17 user-text-lg:text-22 user-text-xl:text-24\">Ilia II., der in der russischen Stadt Wladikawkas im Nordkaukasus am <br \/>4. Januar 1933 mit b\u00fcrgerlichem Namen als Irakli Guduschauri-Schiolaschwili geboren wurde, stand seit Dezember 1977 an der Spitze der georgisch-orthodoxen Kirche. Als er im Alter von 44 Jahren noch in der Ex-Sowjetrepublik Georgien Patriarch wurde, als nur wenige Menschen in die Kirche gingen, schlug er ein neues Kapitel in der Geschichte der Kirche des Landes auf.<\/p>\n<p class=\"text-18 leading-17 user-text-lg:text-22 user-text-xl:text-24\">W\u00e4hrend seines Patriarchats vergr\u00f6\u00dferte sich die Zahl der Gl\u00e4ubigen um ein Vielfaches, in zuvor geschlossenen Kirchen fanden wieder Gottesdienste statt, und im Land wurden neue Kirchen gebaut \u2013 darunter die Kathedrale der Heiligen Dreifaltigkeit in Tiflis. W\u00e4hrend seiner Amtszeit gab es einschneidende historische Ereignisse in dem Land, darunter der Zerfall der Sowjetunion, der Krieg mit <a class=\"transition-colors duration-200 cursor-pointer text-inherit no-underline text-salemsfur md:hover:text-magenta md:hover:border-magenta md:focus:text-magenta border-current border-b border-solid break-words\" data-tracking=\"{&quot;action&quot;:&quot;click&quot;,&quot;category&quot;:&quot;intextLink&quot;,&quot;label&quot;:&quot;\/themen\/russland\/&quot;}\" href=\"https:\/\/www.t-online.de\/themen\/russland\/\" data-sctrack=\"BodyAnchor\" rel=\"nofollow noopener\" target=\"_blank\">Russland<\/a> 2008 und politische Umw\u00e4lzungen. 2016 traf er in Tbilissi auch <a class=\"transition-colors duration-200 cursor-pointer text-inherit no-underline text-salemsfur md:hover:text-magenta md:hover:border-magenta md:focus:text-magenta border-current border-b border-solid break-words\" data-tracking=\"{&quot;action&quot;:&quot;click&quot;,&quot;category&quot;:&quot;intextLink&quot;,&quot;label&quot;:&quot;\/themen\/papst-franziskus\/&quot;}\" href=\"https:\/\/www.t-online.de\/themen\/papst-franziskus\/\" data-sctrack=\"BodyAnchor\" rel=\"nofollow noopener\" target=\"_blank\">Papst Franziskus<\/a> \u2013 auf dessen von Spannungen zwischen den christlichen Konfessionen begleiteter Reise im S\u00fcdkaukasus.<\/p>\n<p class=\"text-18 leading-17 user-text-lg:text-22 user-text-xl:text-24\">Das Patriarchat gilt weiter als eine der einflussreichsten Institutionen des Landes. Ilia II. war laut Umfragen als Autorit\u00e4t \u00fcber alle politischen Lager anerkannt. Der Patriarch war am fr\u00fchen Morgen mit einer massiven Magenblutung in das Kaukasische Medizinische Zentrum gebracht worden. Kurz vor seinem Tod fanden sich dort die wichtigsten Vertreter des Landes ein, darunter auch der Milliard\u00e4r Bidsina Iwanischwili, der engste Kontakte zum Patriarchen pflegte und wichtigster politischer Strippenzieher des Landes ist.<\/p>\n","protected":false},"excerpt":{"rendered":"Einflussreicher Kirchenmann Ilia II. ist tot \u2013 Am Morgen erlitt der Patriarch eine Magenblutung 17.03.2026 &#8211; 23:37 UhrLesedauer:&hellip;\n","protected":false},"author":2,"featured_media":876891,"comment_status":"","ping_status":"","sticky":false,"template":"","format":"standard","meta":{"footnotes":"","_share_on_mastodon":"0"},"categories":[3],"tags":[1217,13538,13,193570,193571,14,15,12,75792,193572,43116,10,8,9,11,103,104],"class_list":["post-876890","post","type-post","status-publish","format-standard","has-post-thumbnail","category-welt","tag-1217","tag-georgien","tag-headlines","tag-ilia-ii","tag-magenblutung","tag-nachrichten","tag-news","tag-schlagzeilen","tag-suedkaukasus","tag-tbilissi","tag-tiflis","tag-top-news","tag-top-meldungen","tag-topmeldungen","tag-topnews","tag-welt","tag-world"],"share_on_mastodon":{"url":"https:\/\/pubeurope.com\/@de\/116247630384446152","error":""},"_links":{"self":[{"href":"https:\/\/www.europesays.com\/de\/wp-json\/wp\/v2\/posts\/876890","targetHints":{"allow":["GET"]}}],"collection":[{"href":"https:\/\/www.europesays.com\/de\/wp-json\/wp\/v2\/posts"}],"about":[{"href":"https:\/\/www.europesays.com\/de\/wp-json\/wp\/v2\/types\/post"}],"author":[{"embeddable":true,"href":"https:\/\/www.europesays.com\/de\/wp-json\/wp\/v2\/users\/2"}],"replies":[{"embeddable":true,"href":"https:\/\/www.europesays.com\/de\/wp-json\/wp\/v2\/comments?post=876890"}],"version-history":[{"count":0,"href":"https:\/\/www.europesays.com\/de\/wp-json\/wp\/v2\/posts\/876890\/revisions"}],"wp:featuredmedia":[{"embeddable":true,"href":"https:\/\/www.europesays.com\/de\/wp-json\/wp\/v2\/media\/876891"}],"wp:attachment":[{"href":"https:\/\/www.europesays.com\/de\/wp-json\/wp\/v2\/media?parent=876890"}],"wp:term":[{"taxonomy":"category","embeddable":true,"href":"https:\/\/www.europesays.com\/de\/wp-json\/wp\/v2\/categories?post=876890"},{"taxonomy":"post_tag","embeddable":true,"href":"https:\/\/www.europesays.com\/de\/wp-json\/wp\/v2\/tags?post=876890"}],"curies":[{"name":"wp","href":"https:\/\/api.w.org\/{rel}","templated":true}]}}