{"id":877150,"date":"2026-03-18T04:07:18","date_gmt":"2026-03-18T04:07:18","guid":{"rendered":"https:\/\/www.europesays.com\/de\/877150\/"},"modified":"2026-03-18T04:07:18","modified_gmt":"2026-03-18T04:07:18","slug":"berlin-ruestet-gegen-drohnen-cdu-treibt-mega-sensornetz-voran-tempelhof-im-fokus-politik","status":"publish","type":"post","link":"https:\/\/www.europesays.com\/de\/877150\/","title":{"rendered":"Berlin r\u00fcstet gegen Drohnen: CDU treibt Mega-Sensornetz voran \u2013 Tempelhof im Fokus | Politik"},"content":{"rendered":"<p><a class=\"skip-content skip-content--link\" href=\"#in-content-skip-link-target-v-0-0\">TTS-Player \u00fcberspringen\u21b5<\/a><a id=\"in-content-skip-link-target-v-0-0\" class=\"skip-content--target-link-hidden skip-content skip-content--target-link\" href=\"#in-content-skip-link-target-v-0-0\">Artikel weiterlesen<\/a><\/p>\n<p>Berlin \u2013\u00a0<b>Die deutsche Hauptstadt will sich vor Angriffen aus der Luft wappnen. Besonders Gro\u00dfveranstaltungen, Staatsbesuche und wichtige Einrichtungen sollen besser gesch\u00fctzt werden. Um Drohnen zu erkennen und abzuwehren, soll \u00fcber ganz Berlin ein Netzwerk mit Sensoren verteilt werden. <\/b><\/p>\n<p>Das Konzept liegt BILD exklusiv vor: 62 Funk-Sensoren decken das Stadtgebiet zwischen Wannsee und M\u00fcggelsee ab \u2013 jeder \u00fcberwacht einen Radius von 5 bis 10 Kilometer. Eingesetzt werden im Konzept zumindest im Stadtzentrum mit dem Regierungsviertel auch Radar und Kameras. Sie reagieren auf komplett autonome (\u201eschwarze\u201c) Drohnen, denen kein Pilot zugeordnet werden kann.<\/p>\n<p>Installiert werden k\u00f6nnten die notwendigen Ger\u00e4te innerhalb von sechs Monaten. Als Lagezentrum w\u00fcrde sich zum Beispiel der <a href=\"https:\/\/www.google.com\/search?q=bild.de+Ex-Flughafen+Tempelhof&amp;rlz=1C5GCEM_en___DE1100&amp;oq=bild.de+Ex-Flughafen+Tempelhof&amp;gs_lcrp=EgZjaHJvbWUyBggAEEUYOTIHCAEQIRigATIHCAIQIRigAdIBCjE1ODYxajBqMTWoAgiwAgHxBVIlbzmdW8M_&amp;sourceid=chrome&amp;ie=UTF-8\" target=\"_blank\" rel=\"nofollow noopener\" class=\"text-link--external text-link\">Ex-Flughafen Tempelhof<\/a> anbieten \u2013 er liegt zentral und das Polizeipr\u00e4sidium ist bereits in den Geb\u00e4uden untergebracht. Gekl\u00e4rt werden muss zum Beispiel noch, wie man mit Absch\u00fcssen umgeht \u2013 die Tr\u00fcmmer w\u00fcrden auf die Stadt regnen, m\u00f6glicherweise zu Verletzungen f\u00fchren. Auch noch offen ist der Einsatz von Abfangdrohnen, die mit Netzen ausger\u00fcstet sind, um feindliche Objekte zu neutralisieren \u2013\u00a0sie m\u00fcssten ziemlich gro\u00df sein.<\/p>\n<p>Die Finanzierung steht<\/p>\n<p>Vorangetrieben wird das Konzept von Berlins CDU-Fraktionschef Dirk Stettner (56): \u201eWir arbeiten daf\u00fcr, dass Berlin sicherer wird. Und es gibt eine Technik, die das schafft. Die Koalition hat bereits Mittel im Haushalt bereitgestellt. Mehr als f\u00fcnf Millionen Euro.<\/p>\n<p>Mehr investieren muss Berlin auch in den Zivilschutz. Das k\u00fcndigte der Regierende Kai Wegner (53, CDU) nach der ersten Sitzung einer Landesregierung im <a href=\"https:\/\/www.bild.de\/themen\/organisationen\/bundesministerium-verteidigung\/politik-nachrichten-news-fotos-videos-20458694.bild.html\" class=\"text-link\" rel=\"nofollow noopener\" target=\"_blank\">Verteidigungsministerium<\/a> an. Jede Senatsbeh\u00f6rde bekommt zwei Beauftragte, die nach einem Sicherheitscheck berechtigt sind, geheime Verschlusssachen zu empfangen und zu lagern. Vorbereitet werden auch \u00dcbungen zur zivilen Verteidigung, der Schutz von Kulturg\u00fctern und Ausweichstandorte f\u00fcr Regierungsgesch\u00e4fte.<\/p>\n<p><img decoding=\"async\" width=\"992\" height=\"558\" alt=\"Berlins Regierungschef Kai Wegner (l) tagte erstmals mit seiner Senatsmannschaft im Verteidigungsministerium mit Boris Pistorius (66, SPD)\" src=\"https:\/\/www.europesays.com\/de\/wp-content\/uploads\/2026\/03\/b85ecf77e1b76c2be9d0746499c93d4b,ebcb0283.jpeg\"   class=\"landscape\" loading=\"lazy\"\/><\/p>\n<p class=\"fig__caption__text\">Berlins Regierungschef Kai Wegner (l.) tagte erstmals mit seiner Senatsmannschaft im Verteidigungsministerium mit Boris Pistorius (66, SPD)<\/p>\n<p>Foto: BMVg\/Steve Eibe<\/p>\n<p>Auch ein relevantes Problem in puncto Sicherheit: Allein in Berlin gibt es alle zwei Sekunden einen digitalen Angriffsversuch.<\/p>\n<p>Mehr zum ThemaKliniken im Spionage-Visier<\/p>\n<p>Unter Cyberangriffen leiden besonders Berlins Krankenh\u00e4user. Dort werden zunehmend auch offensichtliche Spionage und Sabotage-Versuche beobachtet \u2013\u00a0wie Drohnen-\u00dcberfl\u00fcge, aufgebrochene T\u00fcren, unbekannte Personen in eigentlich unzug\u00e4nglichen Bereichen. Deshalb soll es zum Beispiel strengere Zugangskontrollen geben.<\/p>\n","protected":false},"excerpt":{"rendered":"TTS-Player \u00fcberspringen\u21b5Artikel weiterlesen Berlin \u2013\u00a0Die deutsche Hauptstadt will sich vor Angriffen aus der Luft wappnen. Besonders Gro\u00dfveranstaltungen, Staatsbesuche&hellip;\n","protected":false},"author":2,"featured_media":877151,"comment_status":"","ping_status":"","sticky":false,"template":"","format":"standard","meta":{"footnotes":"","_share_on_mastodon":"0"},"categories":[1825],"tags":[296,31,29,1478,30,4846,45],"class_list":["post-877150","post","type-post","status-publish","format-standard","has-post-thumbnail","category-berlin","tag-berlin","tag-cdu","tag-deutschland","tag-drohne","tag-germany","tag-tempelhof","tag-texttospeech"],"share_on_mastodon":{"url":"https:\/\/pubeurope.com\/@de\/116248211938919511","error":""},"_links":{"self":[{"href":"https:\/\/www.europesays.com\/de\/wp-json\/wp\/v2\/posts\/877150","targetHints":{"allow":["GET"]}}],"collection":[{"href":"https:\/\/www.europesays.com\/de\/wp-json\/wp\/v2\/posts"}],"about":[{"href":"https:\/\/www.europesays.com\/de\/wp-json\/wp\/v2\/types\/post"}],"author":[{"embeddable":true,"href":"https:\/\/www.europesays.com\/de\/wp-json\/wp\/v2\/users\/2"}],"replies":[{"embeddable":true,"href":"https:\/\/www.europesays.com\/de\/wp-json\/wp\/v2\/comments?post=877150"}],"version-history":[{"count":0,"href":"https:\/\/www.europesays.com\/de\/wp-json\/wp\/v2\/posts\/877150\/revisions"}],"wp:featuredmedia":[{"embeddable":true,"href":"https:\/\/www.europesays.com\/de\/wp-json\/wp\/v2\/media\/877151"}],"wp:attachment":[{"href":"https:\/\/www.europesays.com\/de\/wp-json\/wp\/v2\/media?parent=877150"}],"wp:term":[{"taxonomy":"category","embeddable":true,"href":"https:\/\/www.europesays.com\/de\/wp-json\/wp\/v2\/categories?post=877150"},{"taxonomy":"post_tag","embeddable":true,"href":"https:\/\/www.europesays.com\/de\/wp-json\/wp\/v2\/tags?post=877150"}],"curies":[{"name":"wp","href":"https:\/\/api.w.org\/{rel}","templated":true}]}}