{"id":877549,"date":"2026-03-18T07:56:13","date_gmt":"2026-03-18T07:56:13","guid":{"rendered":"https:\/\/www.europesays.com\/de\/877549\/"},"modified":"2026-03-18T07:56:13","modified_gmt":"2026-03-18T07:56:13","slug":"stadtgebiet-stuttgart-feuerwehr-rueckt-in-der-nacht-zu-drei-braenden-aus-startseite","status":"publish","type":"post","link":"https:\/\/www.europesays.com\/de\/877549\/","title":{"rendered":"Stadtgebiet Stuttgart: Feuerwehr r\u00fcckt in der Nacht zu drei Br\u00e4nden aus &#8211; Startseite"},"content":{"rendered":"<p>\t\t\t\t\t\t\t\t\t\t\t\t\t\t\t\t\t\t\t\t\t\t\t\t\t\t\t\t\t\t\t\t\t\t\t\t   \t\t\t\t\t \t\t\t\t   \t      \t\t\t\t   <img decoding=\"async\" id=\"article-image\" fetchpriority=\"high\" alt=\"Stadtgebiet Stuttgart: Feuerwehr r\u00fcckt in der Nacht zu drei Br\u00e4nden aus\" title=\"Stadtgebiet Stuttgart: Feuerwehr r\u00fcckt in der Nacht zu drei Br\u00e4nden aus\" src=\"https:\/\/www.europesays.com\/de\/wp-content\/uploads\/2026\/03\/media.media.201ba19b-b75c-49d1-b729-06c97fc6f0f5.original700.jpg\" data-linkto=\"https:\/\/www.krzbb.de\/javascript:void(0);\"\/>\t\t\t\t\t\t\t\t\t\t\t\t\t\t\t\t\t\t\t\t\t\t\t\tDie Feuerwehr war in der Nacht zum Mittwoch bei drei Br\u00e4nden im Stuttgarter Stadtgebiet im Einsatz.\u00a0Foto: Marijan Murat\/dpa\t\t\t<\/p>\n<p>Brennende Gartenh\u00fctte, verrauchtes B\u00fcrogeb\u00e4ude und angebranntes Essen \u2013 die Feuerwehr hatte in der Nacht zum Mittwoch einiges zu tun. Ein \u00dcberblick.<\/p>\n<p>Die <a href=\"https:\/\/www.krzbb.de\/thema\/Feuerwehr\" title=\"Feuerwehr\" class=\"art_thema\" rel=\"nofollow noopener\" target=\"_blank\">Feuerwehr<\/a> ist in der Nacht zum Mittwoch gleich zu drei Br\u00e4nden im Stuttgarter Stadtgebiet ausger\u00fcckt. In Feuerbach brannte es im 3. Stock eines B\u00fcrogeb\u00e4udes, in <a href=\"https:\/\/www.krzbb.de\/thema\/Stuttgart\" title=\"Stuttgart\" class=\"art_thema\" rel=\"nofollow noopener\" target=\"_blank\">Stuttgart<\/a>-S\u00fcd befreiten Einsatzkr\u00e4fte eine Person aus einer verrauchten Wohnung und in Stuttgart-Wangen fiel eine Gartenh\u00fctte den Flammen zum Opfer.<\/p>\n<p>Wie die Stuttgarter Feuerwehr berichtet, wurden die Einsatzkr\u00e4fte gegen 1.30 Uhr zu dem <a href=\"https:\/\/www.krzbb.de\/thema\/Brand\" title=\"Brand\" class=\"art_thema\" rel=\"nofollow noopener\" target=\"_blank\">Brand<\/a> in Feuerbach alarmiert, die interne Brandmeldeanlage des Geb\u00e4udes hatte angeschlagen. Als die Feuerwehrleute eintrafen, best\u00e4tigte sich eine starke Rauchentwicklung im 3. Stock des Geb\u00e4udes.<\/p>\n<p>Die Feuerwehr konnte den Brand schnell l\u00f6schen und verhindern, dass das Feuer sich ausbreitete. Au\u00dferdem wurde das Geb\u00e4ude intensiv bel\u00fcftet. Personen befanden sich zum Zeitpunkt des Einsatzes nicht in Gefahr. Gegen 4 Uhr war der Einsatz beendet.<\/p>\n<p>Gartenh\u00fctte in Stuttgart-Wangen nicht mehr zu retten <\/p>\n<p>Parallel zu dem Brand in Feuerbach musste die Feuerwehr zu einem Brand in die Liststra\u00dfe in <a href=\"https:\/\/www.krzbb.de\/thema\/Stuttgart-S%C3%BCd\" title=\"Stuttgart-S\u00fcd\" class=\"art_thema\" rel=\"nofollow noopener\" target=\"_blank\">Stuttgart-S\u00fcd<\/a> ausr\u00fccken. Dort wurde eine Person aus einer verrauchten Wohnung befreit. Der Einsatz war innerhalb kurzer Zeit beendet. Ursache f\u00fcr den Brand waren wohl angebrannte Essensreste. <\/p>\n<p>Zu dem dritten Brand r\u00fcckten die Einsatzkr\u00e4fte gegen 4.20 Uhr in die H\u00f6hbergstra\u00dfe nach Stuttgart-Wangen aus. Dort hatte eine Gartenh\u00fctte Feuer gefangen. Die Feuerwehr hatte den Brand rasch gel\u00f6scht und damit verhindert, dass sich die Flammen auf das danebenstehende Geb\u00e4ude ausbreiten. Die Gartenh\u00fctte war allerdings nicht mehr zu retten. <\/p>\n<p>Die <a href=\"https:\/\/www.krzbb.de\/thema\/Polizei\" title=\"Polizei\" class=\"art_thema\" rel=\"nofollow noopener\" target=\"_blank\">Polizei<\/a> hat ihre Ermittlungen zu den Brandursachen aufgenommen.<\/p>\n","protected":false},"excerpt":{"rendered":"Die Feuerwehr war in der Nacht zum Mittwoch bei drei Br\u00e4nden im Stuttgarter Stadtgebiet im Einsatz.\u00a0Foto: Marijan Murat\/dpa&hellip;\n","protected":false},"author":2,"featured_media":877550,"comment_status":"","ping_status":"","sticky":false,"template":"","format":"standard","meta":{"footnotes":"","_share_on_mastodon":"0"},"categories":[1830],"tags":[1634,2919,3364,29,985,30,121,8248,1441,15255,6145,42338],"class_list":["post-877549","post","type-post","status-publish","format-standard","has-post-thumbnail","category-stuttgart","tag-baden-wuerttemberg","tag-brand","tag-de","tag-deutschland","tag-feuerwehr","tag-germany","tag-polizei","tag-polizeibericht-stuttgart","tag-stuttgart","tag-stuttgart-feuerbach","tag-stuttgart-sued","tag-stuttgart-wangen"],"share_on_mastodon":{"url":"https:\/\/pubeurope.com\/@de\/116249112607786866","error":""},"_links":{"self":[{"href":"https:\/\/www.europesays.com\/de\/wp-json\/wp\/v2\/posts\/877549","targetHints":{"allow":["GET"]}}],"collection":[{"href":"https:\/\/www.europesays.com\/de\/wp-json\/wp\/v2\/posts"}],"about":[{"href":"https:\/\/www.europesays.com\/de\/wp-json\/wp\/v2\/types\/post"}],"author":[{"embeddable":true,"href":"https:\/\/www.europesays.com\/de\/wp-json\/wp\/v2\/users\/2"}],"replies":[{"embeddable":true,"href":"https:\/\/www.europesays.com\/de\/wp-json\/wp\/v2\/comments?post=877549"}],"version-history":[{"count":0,"href":"https:\/\/www.europesays.com\/de\/wp-json\/wp\/v2\/posts\/877549\/revisions"}],"wp:featuredmedia":[{"embeddable":true,"href":"https:\/\/www.europesays.com\/de\/wp-json\/wp\/v2\/media\/877550"}],"wp:attachment":[{"href":"https:\/\/www.europesays.com\/de\/wp-json\/wp\/v2\/media?parent=877549"}],"wp:term":[{"taxonomy":"category","embeddable":true,"href":"https:\/\/www.europesays.com\/de\/wp-json\/wp\/v2\/categories?post=877549"},{"taxonomy":"post_tag","embeddable":true,"href":"https:\/\/www.europesays.com\/de\/wp-json\/wp\/v2\/tags?post=877549"}],"curies":[{"name":"wp","href":"https:\/\/api.w.org\/{rel}","templated":true}]}}