{"id":877815,"date":"2026-03-18T10:25:15","date_gmt":"2026-03-18T10:25:15","guid":{"rendered":"https:\/\/www.europesays.com\/de\/877815\/"},"modified":"2026-03-18T10:25:15","modified_gmt":"2026-03-18T10:25:15","slug":"adac-studie-so-teuer-sind-die-vvo-tickets-im-nahverkehr","status":"publish","type":"post","link":"https:\/\/www.europesays.com\/de\/877815\/","title":{"rendered":"ADAC-Studie \u2013 so teuer sind die VVO-Tickets im Nahverkehr"},"content":{"rendered":"<p>Laut ADAC-Studie <\/p>\n<p>So teuer sind die Tickets im Dresdner \u00d6PNV<\/p>\n<p>Aktualisiert am 18.03.2026 &#8211; 10:34 UhrLesedauer: 2 Min.<\/p>\n<p><a href=\"#focus-0\" class=\"transition-colors duration-200 block text-current relative\" data-sctrack=\"FocusGalleryImage.Reference\"><img fetchpriority=\"high\" data-testid=\"Opener.Image\" style=\"--lqipURL:url('https:\/\/images.t-online.de\/2025\/12\/l-NPgGGzb0NE\/0x209:4000x2250\/fit-in\/150x0\/filters:blur(25)\/s-bahn-faehrt-durch-dresden-symbolbild-in-der-silvesternacht-setzt-der-vvo-zusaetzliche-zuege-ein.jpg')\"   loading=\"eager\" src=\"https:\/\/www.europesays.com\/de\/wp-content\/uploads\/2026\/03\/s-bahn-faehrt-durch-dresden-symbolbild-in-der-silvesternacht-setzt-der-vvo-zusaetzliche-zuege-ein.jp.jpeg\" alt=\"S-Bahn f\u00e4hrt durch Dresden (Symbolbild): In der Silvesternacht setzt der VVO zus\u00e4tzliche Z\u00fcge ein.\" title=\"S-Bahn f\u00e4hrt durch Dresden (Symbolbild): In der Silvesternacht setzt der VVO zus\u00e4tzliche Z\u00fcge ein.\" width=\"4000\" height=\"2250\" class=\"bg-[url:var(--lqipURL)] bg-cover bg-center flex h-full w-full max-w-full\" decoding=\"async\"\/><img style=\"--width:32;--height:32\" loading=\"lazy\" src=\"https:\/\/dresden.t-online.de\/s\/paper\/_next\/static\/media\/zoom-in.f7dae02f.svg\" alt=\"Vergr\u00f6\u00dfern des Bildes\" title=\"Vergr\u00f6\u00dfern des Bildes\" class=\"block h-[calc(var(--height)_\/_16_*_1rem)] w-[calc(var(--width)_\/_16_*_1rem)] max-w-none absolute bottom-8 right-8 rounded-4 bg-snow p-8\" decoding=\"async\"\/><\/a><\/p>\n<p>S-Bahn f\u00e4hrt durch Dresden (Symbolbild): Die Ticketpreise bei der VVO sind im Vergleich zu anderen Gro\u00dfst\u00e4dten noch g\u00fcnstig. (Quelle: MAREK SLUSARCZYK\/imago-images-bilder)<\/p>\n<p class=\"font-bold text-18 leading-17 user-text-lg:text-22 user-text-xl:text-24\">Die Preise im Nahverkehr steigen an \u2013 auch in Dresden. Die Landeshauptstadt steht aber noch vergleichsweise g\u00fcnstig da.<\/p>\n<p class=\"text-18 leading-17 user-text-lg:text-22 user-text-xl:text-24\">\u00d6PNV-Tickets in deutschen Gro\u00dfst\u00e4dten sind deutlich teurer geworden. Dresden liegt jedoch bundesweit im Mittelfeld. Das zeigt eine Studie des Allgemeinen Deutschen Automobil Clubs (ADAC).<\/p>\n<p class=\"text-18 leading-17 user-text-lg:text-22 user-text-xl:text-24\">Darin wurden die jetzigen Preise mit denen aus dem Jahr 2021 verglichen. Insgesamt zeigt sich: Die Ticketpreise sind in dem Zeitraum durchschnittlich um 27 Prozent teurer geworden.<\/p>\n<p class=\"text-18 leading-17 user-text-lg:text-22 user-text-xl:text-24\">Bei Einzeltickets reicht die Preisspanne zwischen 2,90 Euro in Erfurt bis 4,20 Euro in Augsburg und M\u00fcnchen. Der Preis beim Verkehrsverbund Oberelbe (VVO) in Dresden liegt mit 3,40 Euro im unteren Mittelfeld und knapp unter dem Durchschnitt von 3,68 Euro.<\/p>\n<p class=\"text-18 leading-17 user-text-lg:text-22 user-text-xl:text-24\">Bei den Tagestickets sieht das anders aus: Dresdner zahlen hier 9 Euro, das ist mehr als der bundesweite Schnitt von 8,44 Euro. An der Spitze steht Berlin mit 11,20 Euro pro Ticket. Am g\u00fcnstigsten sind die Tickets bei 6,70 Euro in Bielefeld.<\/p>\n<p class=\"text-18 leading-17 user-text-lg:text-22 user-text-xl:text-24\">Bei Monatskarten kommen Menschen in Dresden etwas g\u00fcnstiger weg als die meisten anderen deutschen Gro\u00dfst\u00e4dte. Der Preis liegt bei 86,90 Euro, deutlich niedriger als der Spitzenreiter Verkehrsverbund Rhein Sieg (VRS) mit 140,50 Euro.<\/p>\n<p class=\"text-18 leading-17 user-text-lg:text-22 user-text-xl:text-24\">Wochentickets verschwinden unterdessen in deutschen St\u00e4dten aus dem Angebot. Nur noch 15 der 25 St\u00e4dte verkaufen sie \u2013 vor f\u00fcnf Jahren war das fast \u00fcberall der Fall. In Dresden zahlen Fahrg\u00e4ste je nach Tarifzone zwischen 24,50 Euro und 87,50 Euro.<\/p>\n<p class=\"text-18 leading-17 user-text-lg:text-22 user-text-xl:text-24\">F\u00fcr die Studie hat der ADAC im Januar und Februar 2026 die Ticketpreise in 25 deutschen Gro\u00dfst\u00e4dten erhoben und mit den Werten aus 2021 verglichen. F\u00fcr die Erhebung nutzte der Club nach eigenen Angaben KI-gest\u00fctzte Werkzeuge, um Ticketpreise auf den Webseiten der Verkehrsverb\u00fcnde abzurufen.<\/p>\n<p class=\"text-18 leading-17 user-text-lg:text-22 user-text-xl:text-24\">Mehrere Mitarbeiter h\u00e4tten die Daten anschlie\u00dfend gepr\u00fcft und gegebenenfalls korrigiert. Verglichen wurden vier Ticketarten \u2013 Einzel-, Tages-, Wochen- und Monatstickets \u2013 jeweils f\u00fcr einen Erwachsenen in der Standardversion. Als Geltungsbereich diente das jeweilige innere Stadtgebiet.<\/p>\n","protected":false},"excerpt":{"rendered":"Laut ADAC-Studie So teuer sind die Tickets im Dresdner \u00d6PNV Aktualisiert am 18.03.2026 &#8211; 10:34 UhrLesedauer: 2 Min.&hellip;\n","protected":false},"author":2,"featured_media":877816,"comment_status":"","ping_status":"","sticky":false,"template":"","format":"standard","meta":{"footnotes":"","_share_on_mastodon":"0"},"categories":[1835],"tags":[722,17161,4074,680,3364,29,2386,7137,30,3467,1268,4186,96707,859,43101],"class_list":["post-877815","post","type-post","status-publish","format-standard","has-post-thumbnail","category-dresden","tag-722","tag-17161","tag-adac","tag-augsburg","tag-de","tag-deutschland","tag-dresden","tag-erfurt","tag-germany","tag-landeshauptstadt","tag-muenchen","tag-nahverkehr","tag-oberelbe","tag-sachsen","tag-ticketpreis"],"share_on_mastodon":{"url":"https:\/\/pubeurope.com\/@de\/116249698543073521","error":""},"_links":{"self":[{"href":"https:\/\/www.europesays.com\/de\/wp-json\/wp\/v2\/posts\/877815","targetHints":{"allow":["GET"]}}],"collection":[{"href":"https:\/\/www.europesays.com\/de\/wp-json\/wp\/v2\/posts"}],"about":[{"href":"https:\/\/www.europesays.com\/de\/wp-json\/wp\/v2\/types\/post"}],"author":[{"embeddable":true,"href":"https:\/\/www.europesays.com\/de\/wp-json\/wp\/v2\/users\/2"}],"replies":[{"embeddable":true,"href":"https:\/\/www.europesays.com\/de\/wp-json\/wp\/v2\/comments?post=877815"}],"version-history":[{"count":0,"href":"https:\/\/www.europesays.com\/de\/wp-json\/wp\/v2\/posts\/877815\/revisions"}],"wp:featuredmedia":[{"embeddable":true,"href":"https:\/\/www.europesays.com\/de\/wp-json\/wp\/v2\/media\/877816"}],"wp:attachment":[{"href":"https:\/\/www.europesays.com\/de\/wp-json\/wp\/v2\/media?parent=877815"}],"wp:term":[{"taxonomy":"category","embeddable":true,"href":"https:\/\/www.europesays.com\/de\/wp-json\/wp\/v2\/categories?post=877815"},{"taxonomy":"post_tag","embeddable":true,"href":"https:\/\/www.europesays.com\/de\/wp-json\/wp\/v2\/tags?post=877815"}],"curies":[{"name":"wp","href":"https:\/\/api.w.org\/{rel}","templated":true}]}}