{"id":878004,"date":"2026-03-18T12:11:21","date_gmt":"2026-03-18T12:11:21","guid":{"rendered":"https:\/\/www.europesays.com\/de\/878004\/"},"modified":"2026-03-18T12:11:21","modified_gmt":"2026-03-18T12:11:21","slug":"lok-report-berlin-ostbahnhof-mit-es453","status":"publish","type":"post","link":"https:\/\/www.europesays.com\/de\/878004\/","title":{"rendered":"LOK Report &#8211; Berlin Ostbahnhof mit ES453"},"content":{"rendered":"<p><img loading=\"lazy\" decoding=\"async\" src=\"https:\/\/www.europesays.com\/de\/wp-content\/uploads\/2026\/03\/img_2973_2.jpg\" alt=\"img 2973 2\" width=\"300\" height=\"180\" style=\"margin: 3px;\"\/><img loading=\"lazy\" decoding=\"async\" src=\"https:\/\/www.europesays.com\/de\/wp-content\/uploads\/2026\/03\/img_2977.jpg\" alt=\"img 2977\" width=\"300\" height=\"180\" style=\"margin: 3px;\"\/><\/p>\n<p>Am 10. M\u00e4rz ergab sich die M\u00f6glichkeit, den ES453 European Sleeper in Berlin aufzunehmen. Mit 3Std Versp\u00e4tung kam der ES453 gegen 9 Uhr in Berlin Ostbahnhof an.<\/p>\n<p>ES453 verkehrt von Br\u00fcssel nach Prag an Montag, Mittwoch und Freitag. Die R\u00fcckfahrt ab Prag erfolgt Dienstag, Donnerstag und Sonntag. Mehr Info auf <a href=\"https:\/\/www.europeansleeper.eu\" target=\"_blank\" rel=\"noopener nofollow\">https:\/\/www.europeansleeper.eu<\/a>.<\/p>\n<p>Der Wagenpark bestand aus Eurotrain Wagen. Anbei Bild mit der Railpool E186 289 bei der Einfahrt in Berlin Ostbahnhof. Noch bis vor kurzem ging dies Motiv mit dem Fernsehturm im Hintergrund.<\/p>\n<p><img loading=\"lazy\" decoding=\"async\" src=\"https:\/\/www.europesays.com\/de\/wp-content\/uploads\/2026\/03\/img_2953.jpg\" alt=\"img 2953\" width=\"300\" height=\"180\" style=\"margin: 3px;\"\/><img loading=\"lazy\" decoding=\"async\" src=\"https:\/\/www.europesays.com\/de\/wp-content\/uploads\/2026\/03\/img_2988.jpg\" alt=\"img 2988\" width=\"300\" height=\"180\" style=\"margin: 3px;\"\/><\/p>\n<p>\u2022\u00a0Der Flix Lr war mit 193 435 p\u00fcnktlich, w\u00e4hrend<\/p>\n<p>\u2022\u00a0EC43 nach Warschau mit der Beacon 193 639 wegen versp\u00e4teter Bereitstellung in der Abfahrt schon +60 hatte.<\/p>\n<p>Diese E-Mail-Adresse ist vor Spambots gesch\u00fctzt! Zur Anzeige muss JavaScript eingeschaltet sein!<\/p>\n","protected":false},"excerpt":{"rendered":"Am 10. M\u00e4rz ergab sich die M\u00f6glichkeit, den ES453 European Sleeper in Berlin aufzunehmen. Mit 3Std Versp\u00e4tung kam&hellip;\n","protected":false},"author":2,"featured_media":878005,"comment_status":"","ping_status":"","sticky":false,"template":"","format":"standard","meta":{"footnotes":"","_share_on_mastodon":"0"},"categories":[1825],"tags":[296,29,4031,4033,30,2776,2264,4032,2332,601],"class_list":["post-878004","post","type-post","status-publish","format-standard","has-post-thumbnail","category-berlin","tag-berlin","tag-deutschland","tag-eisenbahn","tag-ferroviaire","tag-germany","tag-logistik","tag-museum","tag-railways","tag-transport","tag-verkehr"],"share_on_mastodon":{"url":"https:\/\/pubeurope.com\/@de\/116250115448390573","error":""},"_links":{"self":[{"href":"https:\/\/www.europesays.com\/de\/wp-json\/wp\/v2\/posts\/878004","targetHints":{"allow":["GET"]}}],"collection":[{"href":"https:\/\/www.europesays.com\/de\/wp-json\/wp\/v2\/posts"}],"about":[{"href":"https:\/\/www.europesays.com\/de\/wp-json\/wp\/v2\/types\/post"}],"author":[{"embeddable":true,"href":"https:\/\/www.europesays.com\/de\/wp-json\/wp\/v2\/users\/2"}],"replies":[{"embeddable":true,"href":"https:\/\/www.europesays.com\/de\/wp-json\/wp\/v2\/comments?post=878004"}],"version-history":[{"count":0,"href":"https:\/\/www.europesays.com\/de\/wp-json\/wp\/v2\/posts\/878004\/revisions"}],"wp:featuredmedia":[{"embeddable":true,"href":"https:\/\/www.europesays.com\/de\/wp-json\/wp\/v2\/media\/878005"}],"wp:attachment":[{"href":"https:\/\/www.europesays.com\/de\/wp-json\/wp\/v2\/media?parent=878004"}],"wp:term":[{"taxonomy":"category","embeddable":true,"href":"https:\/\/www.europesays.com\/de\/wp-json\/wp\/v2\/categories?post=878004"},{"taxonomy":"post_tag","embeddable":true,"href":"https:\/\/www.europesays.com\/de\/wp-json\/wp\/v2\/tags?post=878004"}],"curies":[{"name":"wp","href":"https:\/\/api.w.org\/{rel}","templated":true}]}}