{"id":878006,"date":"2026-03-18T12:12:26","date_gmt":"2026-03-18T12:12:26","guid":{"rendered":"https:\/\/www.europesays.com\/de\/878006\/"},"modified":"2026-03-18T12:12:26","modified_gmt":"2026-03-18T12:12:26","slug":"eisbaeren-berlin-stettmer-fordert-straubings-haukeland-sport","status":"publish","type":"post","link":"https:\/\/www.europesays.com\/de\/878006\/","title":{"rendered":"Eisb\u00e4ren Berlin: Stettmer fordert Straubings Haukeland | Sport"},"content":{"rendered":"<p><a class=\"skip-content skip-content--link\" href=\"#in-content-skip-link-target-v-0-0\">TTS-Player \u00fcberspringen\u21b5<\/a><a id=\"in-content-skip-link-target-v-0-0\" class=\"skip-content--target-link-hidden skip-content skip-content--target-link\" href=\"#in-content-skip-link-target-v-0-0\">Artikel weiterlesen<\/a><\/p>\n<p><b>Die Eisb\u00e4ren sind jetzt wieder im Mannschaftstraining auf dem Eis. Trainer Serge Aubin (51) gab dem Team nach dem sensationellen 5:1 gegen M\u00fcnchen drei Tage frei.<\/b><\/p>\n<p>Mehr zum Thema<\/p>\n<p>Doch jetzt hei\u00dft es wieder ranklotzen und an kleinen Feinheiten zu feilen. Viel geht jetzt allerdings in der Play-off-Zeit nicht mehr. Die Straubing Tigers sind ab 24. M\u00e4rz der Gegner im Viertelfinale. (Modus best of seven). Viel wird dabei auf die Torwartleistung ankommen. Die Eisb\u00e4ren setzen auf Jonas Stettmer (24), der durch seine B\u00e4renruhe besticht und sich zuletzt in sehr guter Form pr\u00e4sentierte. Fels in der Brandung von Straubing ist der Norweger Henrik Haukeland (31). Er kam im Sommer vom Absteiger D\u00fcsseldorfer EG nach Niederbayern und \u00fcberzeugte in der Hauptrunde. <\/p>\n<p>Schl\u00e4ger-Show von Haukeland nach Siegen<\/p>\n<p>Bei den Heimspielen der Niederbayern wird er von den Tigers-Fans frenetisch angefeuert. Und nach einem Sieg zeigt er eine besondere Show. Haukeland tr\u00e4gt seinen Schl\u00e4ger dann auf der Nasenspitze und balanciert damit. Solche Scherze und Shows sind dem ruhigen Eisb\u00e4r Stettmer fremd. Er \u00fcberzeugt durch Klasse-Leistungen, steht in der DEL-Torh\u00fcter-Statistik auf Rang neun, sogar noch vor dem Straubinger (10.). Die spannende Frage: Wer gewinnt am 24. M\u00e4rz dieses brisante Torh\u00fcter-Duell?\u00a0<\/p>\n<p>Eishockey-Spiel unterbrochen: Pl\u00f6tzlich fliegen tausende BHs aufs Eis!<a class=\"anchor video-teaser__anchor\" href=\"https:\/\/www.bild.de\/sport\/mehr-sport\/eishockey-spiel-unterbrochen-ploetzlich-fliegen-tausende-bhs-aufs-eis-69b6bfe8c7f6900fc27453f4\" rel=\"nofollow noopener\" target=\"_blank\"><img decoding=\"async\" width=\"992\" height=\"558\" alt=\"\" src=\"https:\/\/www.europesays.com\/de\/wp-content\/uploads\/2026\/03\/ab661c68f80f19dfd85db1641aa58294,d0af5d5d.jpeg\"   class=\"landscape teaser__image\" loading=\"lazy\"\/><\/a><\/p>\n<p>Quelle: Instagram @brasforgirlsorf , X @aliciainedmonds15.03.2026<\/p>\n","protected":false},"excerpt":{"rendered":"TTS-Player \u00fcberspringen\u21b5Artikel weiterlesen Die Eisb\u00e4ren sind jetzt wieder im Mannschaftstraining auf dem Eis. Trainer Serge Aubin (51) gab&hellip;\n","protected":false},"author":2,"featured_media":878007,"comment_status":"","ping_status":"","sticky":false,"template":"","format":"standard","meta":{"footnotes":"","_share_on_mastodon":"0"},"categories":[1825],"tags":[296,2097,29,2098,2100,30,22694,6218,806,31645,45,7936],"class_list":["post-878006","post","type-post","status-publish","format-standard","has-post-thumbnail","category-berlin","tag-berlin","tag-del","tag-deutschland","tag-eisbaeren-berlin","tag-eishockey","tag-germany","tag-lubrich-joerg","tag-playoffs","tag-sport-leuchtturm-berlin","tag-straubing-tigers","tag-texttospeech","tag-torwart"],"share_on_mastodon":{"url":"https:\/\/pubeurope.com\/@de\/116250119265719055","error":""},"_links":{"self":[{"href":"https:\/\/www.europesays.com\/de\/wp-json\/wp\/v2\/posts\/878006","targetHints":{"allow":["GET"]}}],"collection":[{"href":"https:\/\/www.europesays.com\/de\/wp-json\/wp\/v2\/posts"}],"about":[{"href":"https:\/\/www.europesays.com\/de\/wp-json\/wp\/v2\/types\/post"}],"author":[{"embeddable":true,"href":"https:\/\/www.europesays.com\/de\/wp-json\/wp\/v2\/users\/2"}],"replies":[{"embeddable":true,"href":"https:\/\/www.europesays.com\/de\/wp-json\/wp\/v2\/comments?post=878006"}],"version-history":[{"count":0,"href":"https:\/\/www.europesays.com\/de\/wp-json\/wp\/v2\/posts\/878006\/revisions"}],"wp:featuredmedia":[{"embeddable":true,"href":"https:\/\/www.europesays.com\/de\/wp-json\/wp\/v2\/media\/878007"}],"wp:attachment":[{"href":"https:\/\/www.europesays.com\/de\/wp-json\/wp\/v2\/media?parent=878006"}],"wp:term":[{"taxonomy":"category","embeddable":true,"href":"https:\/\/www.europesays.com\/de\/wp-json\/wp\/v2\/categories?post=878006"},{"taxonomy":"post_tag","embeddable":true,"href":"https:\/\/www.europesays.com\/de\/wp-json\/wp\/v2\/tags?post=878006"}],"curies":[{"name":"wp","href":"https:\/\/api.w.org\/{rel}","templated":true}]}}