{"id":878173,"date":"2026-03-18T13:45:13","date_gmt":"2026-03-18T13:45:13","guid":{"rendered":"https:\/\/www.europesays.com\/de\/878173\/"},"modified":"2026-03-18T13:45:13","modified_gmt":"2026-03-18T13:45:13","slug":"bericht-feuer-auf-us-flugzeugtraeger-200-seeleute-behandelt-politik","status":"publish","type":"post","link":"https:\/\/www.europesays.com\/de\/878173\/","title":{"rendered":"Bericht: Feuer auf US-Flugzeugtr\u00e4ger! 200 Seeleute behandelt | Politik"},"content":{"rendered":"<p><a class=\"skip-content skip-content--link\" href=\"#in-content-skip-link-target-v-0-0\">TTS-Player \u00fcberspringen\u21b5<\/a><a id=\"in-content-skip-link-target-v-0-0\" class=\"skip-content--target-link-hidden skip-content skip-content--target-link\" href=\"#in-content-skip-link-target-v-0-0\">Artikel weiterlesen<\/a><\/p>\n<p><b>Der im Krieg gegen den Iran eingesetzte US-Flugzeugtr\u00e4ger \u201eGerald R. Ford\u201c muss US-Regierungsvertretern zufolge nach einem Feuer an Bord einen Hafen anlaufen. Das Schiff befinde sich im Roten Meer und werde wohl vor\u00fcbergehend die Souda-Bucht auf Kreta ansteuern, berichten zwei Insider gegen\u00fcber der Nachrichtenagentur Reuters.<\/b><\/p>\n<p>Einem der Offiziellen zufolge wurden fast 200 Seeleute wegen Rauchvergiftungen behandelt, ein Soldat sei ausgeflogen worden. Das Feuer brach laut <a href=\"https:\/\/www.nytimes.com\/2026\/03\/16\/us\/politics\/uss-ford-fire-iran-venezuela.html?unlocked_article_code=1.T1A.0oHm.U_tuz8k1OIpH&amp;smid=url-share\" target=\"_blank\" rel=\"nofollow noopener\" class=\"text-link--external text-link\">\u201eNew York Times\u201c<\/a> schon in der vergangenen Woche bei der Entl\u00fcftung eines Trockners in der W\u00e4scherei des Schiffes aus. Es habe mehr als 30 Stunden gedauert, bis Seeleute das Feuer gel\u00f6scht hatten. Wegen des Brandes haben \u00fcber 600 Seeleute und Besatzungsmitglieder ihre Betten verloren und schlafen seitdem auf B\u00f6den und Tischen, so die Zeitung. Seit dem Feuer konnten die Seeleute keine W\u00e4sche mehr waschen.<\/p>\n<p><img decoding=\"async\" width=\"992\" height=\"558\" alt=\"An Bord der \u201eFord\u201c befinden sich neben der Besatzung rund 75 Milit\u00e4rflugzeuge, darunter Kampfjets vom Typ F-18 Super Hornet\" src=\"https:\/\/www.europesays.com\/de\/wp-content\/uploads\/2026\/03\/1f25e69f93b2b13e31130477a1b1ae53,63bced42.jpeg\"   class=\"landscape\" loading=\"lazy\"\/><\/p>\n<p class=\"fig__caption__text\">An Bord der \u201eFord\u201c befinden sich neben der Besatzung rund 75 Milit\u00e4rflugzeuge, darunter Kampfjets vom Typ F-18 Super Hornet<\/p>\n<p>Foto: via REUTERS<\/p>\n<p>Flugzeugtr\u00e4ger eilte in Nahen Osten<\/p>\n<p>Noch im Oktober befand sich das Schiff zusammen mit seinen 4500 Seeleuten und Kampfpiloten im Mittelmeer, als Kriegsminister Pete Hegseth (45) befahl, in die Karibik zu fahren, um den Druck von Pr\u00e4sident <a href=\"https:\/\/www.bild.de\/politik\/leute\/donald-trump\/thema-donald-trump-alle-infos-80018378.bild.html\" class=\"text-link\" rel=\"nofollow noopener\" target=\"_blank\">Donald Trump<\/a> (79) auf Venezuelas Machthaber Nicol\u00e1s Maduro (63) vor dessen Festnahme zu erh\u00f6hen. Von der Karibik aus eilte der Tr\u00e4ger zuletzt in den Nahen Osten zum US-israelischen Krieg gegen den Iran, der seit Ende Februar tobt.<\/p>\n<p>Mehr zum Thema<\/p>\n<p>Das Kriegsschiff ist seit insgesamt neun Monaten im Einsatz. Die \u201eFord\u201c startet jetzt in ihren zehnten Einsatzmonat und w\u00fcrde im April den Rekord f\u00fcr die l\u00e4ngste Tr\u00e4gerverlegung nach dem Vietnamkrieg brechen, so die \u201eNew York Times\u201c. Den Besatzungsmitgliedern sei mitgeteilt worden, dass ihr Einsatz wahrscheinlich bis in den Mai verl\u00e4ngert wird, was ein ganzes Jahr auf See bedeuten w\u00fcrde \u2013 doppelt so lange wie eine normale Flugzeugtr\u00e4gerverlegung.<\/p>\n","protected":false},"excerpt":{"rendered":"TTS-Player \u00fcberspringen\u21b5Artikel weiterlesen Der im Krieg gegen den Iran eingesetzte US-Flugzeugtr\u00e4ger \u201eGerald R. Ford\u201c muss US-Regierungsvertretern zufolge nach&hellip;\n","protected":false},"author":2,"featured_media":878174,"comment_status":"","ping_status":"","sticky":false,"template":"","format":"standard","meta":{"footnotes":"","_share_on_mastodon":"0"},"categories":[3],"tags":[1737,1736,13,345,14,15,22275,12,138370,45,10,8,9,11,19519,103,104],"class_list":["post-878173","post","type-post","status-publish","format-standard","has-post-thumbnail","category-welt","tag-breaking-news","tag-fb-instantarticles","tag-headlines","tag-iran","tag-nachrichten","tag-news","tag-schiffsunglueck","tag-schlagzeilen","tag-team-first","tag-texttospeech","tag-top-news","tag-top-meldungen","tag-topmeldungen","tag-topnews","tag-u-boot","tag-welt","tag-world"],"share_on_mastodon":{"url":"https:\/\/pubeurope.com\/@de\/116250485012930992","error":""},"_links":{"self":[{"href":"https:\/\/www.europesays.com\/de\/wp-json\/wp\/v2\/posts\/878173","targetHints":{"allow":["GET"]}}],"collection":[{"href":"https:\/\/www.europesays.com\/de\/wp-json\/wp\/v2\/posts"}],"about":[{"href":"https:\/\/www.europesays.com\/de\/wp-json\/wp\/v2\/types\/post"}],"author":[{"embeddable":true,"href":"https:\/\/www.europesays.com\/de\/wp-json\/wp\/v2\/users\/2"}],"replies":[{"embeddable":true,"href":"https:\/\/www.europesays.com\/de\/wp-json\/wp\/v2\/comments?post=878173"}],"version-history":[{"count":0,"href":"https:\/\/www.europesays.com\/de\/wp-json\/wp\/v2\/posts\/878173\/revisions"}],"wp:featuredmedia":[{"embeddable":true,"href":"https:\/\/www.europesays.com\/de\/wp-json\/wp\/v2\/media\/878174"}],"wp:attachment":[{"href":"https:\/\/www.europesays.com\/de\/wp-json\/wp\/v2\/media?parent=878173"}],"wp:term":[{"taxonomy":"category","embeddable":true,"href":"https:\/\/www.europesays.com\/de\/wp-json\/wp\/v2\/categories?post=878173"},{"taxonomy":"post_tag","embeddable":true,"href":"https:\/\/www.europesays.com\/de\/wp-json\/wp\/v2\/tags?post=878173"}],"curies":[{"name":"wp","href":"https:\/\/api.w.org\/{rel}","templated":true}]}}