{"id":878177,"date":"2026-03-18T13:47:15","date_gmt":"2026-03-18T13:47:15","guid":{"rendered":"https:\/\/www.europesays.com\/de\/878177\/"},"modified":"2026-03-18T13:47:15","modified_gmt":"2026-03-18T13:47:15","slug":"mvg-streik-in-muenchen-was-am-mittwoch-faehrt-und-was-nicht-notloesung-fuer-fc-bayern-fans-muenchen","status":"publish","type":"post","link":"https:\/\/www.europesays.com\/de\/878177\/","title":{"rendered":"MVG-Streik in M\u00fcnchen: Was am Mittwoch f\u00e4hrt und was nicht \u2013 Notl\u00f6sung f\u00fcr FC-Bayern-Fans &#8211; M\u00fcnchen"},"content":{"rendered":"<p data-manual=\"paragraph\" data-schema-org-speakable=\"true\" class=\"css-1eosz7k\">Die Gewerkschaft <a href=\"https:\/\/www.sueddeutsche.de\/thema\/Verdi\" rel=\"nofollow noopener\" target=\"_blank\">Verdi<\/a> hat f\u00fcr diesen Mittwoch, von 11 Uhr an, sowie f\u00fcr Donnerstag, 19. M\u00e4rz, ganzt\u00e4gig zum <a href=\"https:\/\/www.sueddeutsche.de\/thema\/Streik\" rel=\"nofollow noopener\" target=\"_blank\">Streik<\/a> im \u00f6ffentlichen Nahverkehr aufgerufen. Schon an diesem Vormittag machte sich der Ausstand bemerkbar, wie die M\u00fcnchner Verkehrsgesellschaft (<a href=\"https:\/\/www.sueddeutsche.de\/thema\/MVG\" rel=\"nofollow noopener\" target=\"_blank\">MVG<\/a>) mitteilte.<\/p>\n<p data-manual=\"paragraph\" data-schema-org-speakable=\"true\" class=\"css-1eosz7k\">Von 9 Uhr an r\u00fcckten die Fahrzeuge schrittweise in die Betriebsh\u00f6fe ein, um zu vermeiden, dass mit Streikbeginn Tram- und U-Bahnen sowie Busse auf der Strecke abgestellt werden. Von 11 Uhr an wurde auf das Notnetz umgestellt, wie es bereits in den vorhergehenden Streikrunden der Fall war.<\/p>\n<p>Welche Busse und Bahnen fahren<\/p>\n<p data-manual=\"paragraph\" data-schema-org-speakable=\"true\" class=\"css-1eosz7k\"><strong>Die Busse<\/strong> sichern nach Angaben der MVG dabei die Grundversorgung auf allen Linien im gesamten Stadtgebiet, die Takte sind ausged\u00fcnnt. Am Mittag teilte die MVG mit, dass etwa zwei Drittel\u00a0<strong>aller Busse im Einsatz seien.\u00a0<\/strong><\/p>\n<p data-manual=\"paragraph\" data-schema-org-speakable=\"true\" class=\"css-1eosz7k\">Bei <strong>der Tram<\/strong> bleibt nur die stark nachgefragte <strong>Linie 20<\/strong> <strong>in Betrieb<\/strong>. Sie f\u00e4hrt im Zehn-Minuten-Takt. Der Betrieb ist nach aktuellem Stand bis 18 Uhr gesichert, bis 23 Uhr ist ein 20-Minuten-Takt m\u00f6glich.<\/p>\n<p data-manual=\"paragraph\" data-schema-org-speakable=\"true\" class=\"css-1eosz7k\">Bei der <strong>U-Bahn<\/strong> konnte der Betrieb weiter ausgedehnt werden. Die Z\u00fcge fahren mindestens alle zehn Minuten auf den folgenden Abschnitten:\u00a0F\u00fcrstenried West \u2013 Bruderm\u00fchlstra\u00dfe \u2013 Sendlinger Tor \u2013 Marienplatz \u2013 M\u00fcnchner Freiheit \u2013 Fr\u00f6ttmaning sowie\u00a0Harthof \u2013 Scheidplatz \u2013 Hauptbahnhof \u2013 Sendlinger Tor. Der Betrieb ist voraussichtlich bis Betriebsschluss gesichert. Damit ist in den Abendstunden auch die Fr\u00f6ttmaninger Arena mit der U-Bahn erreichbar. Dort findet um 21 Uhr das Champions-League-Spiel des FC Bayern <a href=\"https:\/\/www.sueddeutsche.de\/thema\/M%C3%BCnchen\" rel=\"nofollow noopener\" target=\"_blank\">M\u00fcnchen<\/a> gegen Atalanta Bergamo statt. Die U-Bahn f\u00e4hrt bis Betriebsschluss im Abschnitt F\u00fcrstenried West \u2013 Fr\u00f6ttmaning mindestens alle zehn Minuten.<\/p>\n<p>Notl\u00f6sung f\u00fcr die Anreise zur Allianz-Arena<\/p>\n<p data-manual=\"paragraph\" data-schema-org-speakable=\"true\" class=\"css-1eosz7k\">F\u00fcr die Anreise zum Stadion steht von 17.30 Uhr an der kostenlose Bustransfer des FC Bayern zwischen der S-Bahnhaltestelle Donnersbergerbr\u00fccke und Kieferngarten zur Verf\u00fcgung. Von dort ist die Arena fu\u00dfl\u00e4ufig \u00fcber die Kieferngartenstra\u00dfe erreichbar. Nach dem Spiel fahren die Busse vom Kieferngarten zum Stachus. Der Bustransfer wird mit zus\u00e4tzlichen Fahrten privater Omnibusunternehmen verst\u00e4rkt. Auch bei der Heimreise kann es zu l\u00e4ngeren Wartezeiten kommen. Insbesondere f\u00fcr Fans aus dem Umland bieten sich Fahrgemeinschaften an.<\/p>\n<p data-manual=\"paragraph\" data-schema-org-speakable=\"true\" class=\"css-1eosz7k\"><strong>F\u00fcr den Donnerstag k\u00fcndigt die MVG ebenfalls einen Notbetrieb an:\u00a0\u00a0Busse<\/strong>\u00a0w\u00fcrden die Grundversorgung auf allen Linien im gesamten Stadtgebiet sichern. Die Priorit\u00e4t liege auf der m\u00f6glichst gleichm\u00e4\u00dfigen Verteilung der einsatzbereiten Fahrzeuge im Netz.<\/p>\n<p data-manual=\"paragraph\" data-schema-org-speakable=\"true\" class=\"css-1eosz7k\">Bei der <strong>Tram<\/strong> k\u00f6nne die <strong>Linie 20<\/strong> regul\u00e4r in Betrieb gehen. Bis Mittag sei nach aktuellem Stand ein Zehn-Minuten-Takt m\u00f6glich.<\/p>\n<p data-manual=\"paragraph\" data-schema-org-speakable=\"true\" class=\"css-1eosz7k\">Die <strong>U-Bahn<\/strong> bleibe zun\u00e4chst au\u00dfer Betrieb. Abh\u00e4ngig von der Personalverf\u00fcgbarkeit gingen einzelne Linien ganz oder abschnittsweise in Betrieb.<\/p>\n<p data-manual=\"paragraph\" data-schema-org-speakable=\"true\" class=\"css-1eosz7k\">Auf <a href=\"https:\/\/www.mvg.de\/verbindungen\/betriebsmeldungen.html\" target=\"_blank\" rel=\"nofollow noopener\">mvg.de<\/a> oder in der App MVGO informiert die Verkehrsgesellschaft \u00fcber das konkrete Angebot, die Informationen werden laufend aktualisiert.<\/p>\n","protected":false},"excerpt":{"rendered":"Die Gewerkschaft Verdi hat f\u00fcr diesen Mittwoch, von 11 Uhr an, sowie f\u00fcr Donnerstag, 19. M\u00e4rz, ganzt\u00e4gig zum&hellip;\n","protected":false},"author":2,"featured_media":878178,"comment_status":"","ping_status":"","sticky":false,"template":"","format":"standard","meta":{"footnotes":"","_share_on_mastodon":"0"},"categories":[5],"tags":[458,347,13,1268,2176,62827,14,15,12,1238,149,10,8,9,11,16433,6816,3232,55],"class_list":["post-878177","post","type-post","status-publish","format-standard","has-post-thumbnail","category-nachrichten","tag-fc-bayern-muenchen","tag-fussball","tag-headlines","tag-muenchen","tag-mvg","tag-mvv","tag-nachrichten","tag-news","tag-schlagzeilen","tag-streik","tag-sueddeutsche-zeitung","tag-top-news","tag-top-meldungen","tag-topmeldungen","tag-topnews","tag-u-bahn-muenchen","tag-verdi","tag-verkehr-in-muenchen","tag-wirtschaft"],"share_on_mastodon":{"url":"https:\/\/pubeurope.com\/@de\/116250492716739794","error":""},"_links":{"self":[{"href":"https:\/\/www.europesays.com\/de\/wp-json\/wp\/v2\/posts\/878177","targetHints":{"allow":["GET"]}}],"collection":[{"href":"https:\/\/www.europesays.com\/de\/wp-json\/wp\/v2\/posts"}],"about":[{"href":"https:\/\/www.europesays.com\/de\/wp-json\/wp\/v2\/types\/post"}],"author":[{"embeddable":true,"href":"https:\/\/www.europesays.com\/de\/wp-json\/wp\/v2\/users\/2"}],"replies":[{"embeddable":true,"href":"https:\/\/www.europesays.com\/de\/wp-json\/wp\/v2\/comments?post=878177"}],"version-history":[{"count":0,"href":"https:\/\/www.europesays.com\/de\/wp-json\/wp\/v2\/posts\/878177\/revisions"}],"wp:featuredmedia":[{"embeddable":true,"href":"https:\/\/www.europesays.com\/de\/wp-json\/wp\/v2\/media\/878178"}],"wp:attachment":[{"href":"https:\/\/www.europesays.com\/de\/wp-json\/wp\/v2\/media?parent=878177"}],"wp:term":[{"taxonomy":"category","embeddable":true,"href":"https:\/\/www.europesays.com\/de\/wp-json\/wp\/v2\/categories?post=878177"},{"taxonomy":"post_tag","embeddable":true,"href":"https:\/\/www.europesays.com\/de\/wp-json\/wp\/v2\/tags?post=878177"}],"curies":[{"name":"wp","href":"https:\/\/api.w.org\/{rel}","templated":true}]}}