{"id":878330,"date":"2026-03-18T15:13:17","date_gmt":"2026-03-18T15:13:17","guid":{"rendered":"https:\/\/www.europesays.com\/de\/878330\/"},"modified":"2026-03-18T15:13:17","modified_gmt":"2026-03-18T15:13:17","slug":"keine-wm-spiele-im-applaus-garten-andere-idee-fuer-sommer","status":"publish","type":"post","link":"https:\/\/www.europesays.com\/de\/878330\/","title":{"rendered":"Keine WM-Spiele im Applaus-Garten \u2013 andere Idee f\u00fcr Sommer"},"content":{"rendered":"<p>Andere Location <\/p>\n<p>Doch kein Public Viewing im Applaus-Garten \u2013 neue Idee<\/p>\n<p>Aktualisiert am 18.03.2026 &#8211; 16:09 UhrLesedauer: 2 Min.<\/p>\n<p><a href=\"#focus-0\" class=\"transition-colors duration-200 block text-current relative\" data-sctrack=\"FocusGalleryImage.Reference\"><img fetchpriority=\"high\" data-testid=\"Opener.Image\" style=\"--lqipURL:url('https:\/\/images.t-online.de\/2024\/06\/buZgmMisi3Ze\/4x0:2039x1147\/fit-in\/150x0\/filters:blur(25)\/deutschland-fans-fieberten-auf-der-fanmeile-in-frankfurt-mit.jpg')\"   loading=\"eager\" src=\"https:\/\/www.europesays.com\/de\/wp-content\/uploads\/2026\/03\/deutschland-fans-fieberten-auf-der-fanmeile-in-frankfurt-mit.jpg\" alt=\"urn:newsml:dpa.com:20090101:240623-911-017400\" title=\"urn:newsml:dpa.com:20090101:240623-911-017400\" width=\"2039\" height=\"1147\" class=\"bg-[url:var(--lqipURL)] bg-cover bg-center flex h-full w-full max-w-full\" decoding=\"async\"\/><img style=\"--width:32;--height:32\" loading=\"lazy\" src=\"https:\/\/braunschweig.t-online.de\/s\/paper\/_next\/static\/media\/zoom-in.f7dae02f.svg\" alt=\"Vergr\u00f6\u00dfern des Bildes\" title=\"Vergr\u00f6\u00dfern des Bildes\" class=\"block h-[calc(var(--height)_\/_16_*_1rem)] w-[calc(var(--width)_\/_16_*_1rem)] max-w-none absolute bottom-8 right-8 rounded-4 bg-snow p-8\" decoding=\"async\"\/><\/a><\/p>\n<p>Deutschland-Fans (Symbolbild): Sie fiebert mit. (Quelle: Andreas Arnold\/dpa)<\/p>\n<p class=\"font-bold text-18 leading-17 user-text-lg:text-22 user-text-xl:text-24\">Fu\u00dfballfans z\u00e4hlen schon die Tage: In nicht einmal drei Monaten beginnt die WM. Doch anders als gedacht werden die Spiele nicht im Braunschweiger Applaus-Garten gezeigt, sondern in einer Location, die erst noch \u00f6ffnet.<\/p>\n<p class=\"text-18 leading-17 user-text-lg:text-22 user-text-xl:text-24\">Der Plan sah urspr\u00fcnglich anders aus: Auch in diesem Sommer wollte das Team vom Applaus-Garten wieder die Spiele der deutschen Nationalmannschaft zeigen. Doch nun habe man die Planungen \u00fcberdacht, teilt Paul Kunze der Braunschweiger t-online-Redaktion mit. &#8222;In der Zwischenzeit wissen wir sehr viel mehr \u00fcber das Turnier und die Ansto\u00dfzeiten und haben daher unsere Planungen \u00fcberdacht&#8220;, sagt der Chef der Applaus-Kulturproduktionen.<\/p>\n<p class=\"text-18 leading-17 user-text-lg:text-22 user-text-xl:text-24\">So habe man sich entschieden, die Spiele stattdessen im neuen &#8222;Sch\u00f6n &amp; Fr\u00f6lich&#8220; zu zeigen. Kunze begr\u00fcndet die Entscheidung so: &#8222;Zwar sind die Ansto\u00dfzeiten in der Gruppenphase f\u00fcr ein Open Air noch machbar, aber es kann im Juni um Mitternacht herum auch noch empfindlich kalt sein.&#8220;<\/p>\n<p class=\"text-18 leading-17 user-text-lg:text-22 user-text-xl:text-24\">Und auch falls es wieder eine Ausnahmegenehmigung des Bundes f\u00fcr das \u00f6ffentliche Zeigen der Spiele unter freiem Himmel geben sollte, sei die akustische Belastung f\u00fcr die Anwohner nicht unerheblich, gibt der Braunschweiger zu bedenken. &#8222;Im weiteren Turnierverlauf werden die m\u00f6glichen Ansto\u00dfzeiten dann auch m\u00f6glicherweise &#8222;, teilt Kunze der Braunschweiger t-online-Redaktion mit.<\/p>\n<p><img style=\"--width:42;--height:32\" loading=\"lazy\" src=\"https:\/\/braunschweig.t-online.de\/s\/paper\/_next\/static\/media\/quotationmark.8b94917b.svg\" alt=\"Anf\u00fchrungszeichen\" title=\"Anf\u00fchrungszeichen\" class=\"block h-[calc(var(--height)_\/_16_*_1rem)] w-[calc(var(--width)_\/_16_*_1rem)] max-w-none mx-12 md:w-[41px]\" decoding=\"async\"\/><\/p>\n<p class=\"py-24 text-22 text-salemsfur\">Wir m\u00f6chten richtig sch\u00f6ne Fu\u00dfballpartys feiern.<\/p>\n<p class=\"tracking-wider pb-24 pt-12 text-16 uppercase leading-17 text-manatee\">Paul Kunze, Chef der Applaus-Kulturproduktionen<\/p>\n<p class=\"text-18 leading-17 user-text-lg:text-22 user-text-xl:text-24\">Gezeigt werden sollen die Deutschland-Spiele: Die Mannschaft von Julian Nagelsmann trifft im ersten Spiel am 14. Juni um 19 Uhr auf Cura\u00e7ao, am 20. Juni um 22 Uhr ist der Gegner dann die Elfenbeink\u00fcste. Im dritten Gruppenspiel trifft die Elf dann am 25. Juni um 22 Uhr auf Ecuador.<\/p>\n<p class=\"text-18 leading-17 user-text-lg:text-22 user-text-xl:text-24\">Kunze sagt: &#8222;Diese werden mit einem Rahmenprogramm versehen. Wir m\u00f6chten richtig sch\u00f6ne Fu\u00dfballpartys feiern. Ob es Eintritt kosten wird, haben wir noch nicht entschieden. Das h\u00e4ngt auch von den Regularien der Fifa ab, die noch nicht ver\u00f6ffentlicht sind.&#8220;<\/p>\n","protected":false},"excerpt":{"rendered":"Andere Location Doch kein Public Viewing im Applaus-Garten \u2013 neue Idee Aktualisiert am 18.03.2026 &#8211; 16:09 UhrLesedauer: 2&hellip;\n","protected":false},"author":2,"featured_media":878331,"comment_status":"","ping_status":"","sticky":false,"template":"","format":"standard","meta":{"footnotes":"","_share_on_mastodon":"0"},"categories":[1850],"tags":[6429,3364,29,548,663,3934,30,13,18741,14,15,1411,193836,12,226],"class_list":["post-878330","post","type-post","status-publish","format-standard","has-post-thumbnail","category-braunschweig","tag-braunschweig","tag-de","tag-deutschland","tag-eu","tag-europa","tag-europe","tag-germany","tag-headlines","tag-location","tag-nachrichten","tag-news","tag-niedersachsen","tag-paul-kunze","tag-schlagzeilen","tag-t-online"],"share_on_mastodon":{"url":"https:\/\/pubeurope.com\/@de\/116250831130322197","error":""},"_links":{"self":[{"href":"https:\/\/www.europesays.com\/de\/wp-json\/wp\/v2\/posts\/878330","targetHints":{"allow":["GET"]}}],"collection":[{"href":"https:\/\/www.europesays.com\/de\/wp-json\/wp\/v2\/posts"}],"about":[{"href":"https:\/\/www.europesays.com\/de\/wp-json\/wp\/v2\/types\/post"}],"author":[{"embeddable":true,"href":"https:\/\/www.europesays.com\/de\/wp-json\/wp\/v2\/users\/2"}],"replies":[{"embeddable":true,"href":"https:\/\/www.europesays.com\/de\/wp-json\/wp\/v2\/comments?post=878330"}],"version-history":[{"count":0,"href":"https:\/\/www.europesays.com\/de\/wp-json\/wp\/v2\/posts\/878330\/revisions"}],"wp:featuredmedia":[{"embeddable":true,"href":"https:\/\/www.europesays.com\/de\/wp-json\/wp\/v2\/media\/878331"}],"wp:attachment":[{"href":"https:\/\/www.europesays.com\/de\/wp-json\/wp\/v2\/media?parent=878330"}],"wp:term":[{"taxonomy":"category","embeddable":true,"href":"https:\/\/www.europesays.com\/de\/wp-json\/wp\/v2\/categories?post=878330"},{"taxonomy":"post_tag","embeddable":true,"href":"https:\/\/www.europesays.com\/de\/wp-json\/wp\/v2\/tags?post=878330"}],"curies":[{"name":"wp","href":"https:\/\/api.w.org\/{rel}","templated":true}]}}