{"id":878526,"date":"2026-03-18T16:58:10","date_gmt":"2026-03-18T16:58:10","guid":{"rendered":"https:\/\/www.europesays.com\/de\/878526\/"},"modified":"2026-03-18T16:58:10","modified_gmt":"2026-03-18T16:58:10","slug":"yes-kuendigt-sensationelle-europa-tour-2026-an-deutschland-daten-inklusive-berlin-und-muenchen","status":"publish","type":"post","link":"https:\/\/www.europesays.com\/de\/878526\/","title":{"rendered":"Yes k\u00fcndigt sensationelle Europa-Tour 2026 an \u2013 Deutschland-Daten inklusive Berlin und M\u00fcnchen!"},"content":{"rendered":"<p style=\"margin:0 0 18px 0; font-size:21px; line-height:1.72; color:#1f2937;\">Du sp\u00fcrst es schon, oder? Dieser Moment, wo dein Herz schneller schl\u00e4gt, weil Yes zur\u00fcckkommt. Genau heute, am 18. M\u00e4rz 2026, hat die Progressive-Rock-Legende auf ihrer offiziellen Seite yesworld.com\/live die Tourdaten f\u00fcr Europa 2026 gedroppt. Und ja, Deutschland ist mittendrin: Berlin, M\u00fcnchen, Hamburg \u2013 die Arenen werden beben.<\/p>\n<p style=\"margin:0 0 18px 0; font-size:21px; line-height:1.72; color:#1f2937;\">Fans flippen aus, weil das der erste gro\u00dfe Tourank\u00fcndigung seit Jahren ist. Nach dem Line-up-Wechsel mit Jon Davison am Mikro und dem neuen Album &#8218;Mirror To The Sky&#8216; aus 2023, das immer noch in den Charts rumgeistert, kommt jetzt der Live-Knaller. Warum gerade jetzt? Weil Yes wei\u00df, wie hungrig ihr seid. Die Ank\u00fcndigung kam um 10 Uhr morgens, und seitdem trendet #YesTour2026 weltweit.<\/p>\n<p style=\"margin:0 0 18px 0; font-size:21px; line-height:1.72; color:#1f2937;\">F\u00fcr dich in Deutschland bedeutet das: Konzerte im Oktober 2026. Stell dir vor, &#8218;Close to the Edge&#8216; live in der Mercedes-Benz Arena in Berlin. Oder &#8218;Owner of a Lonely Heart&#8216; in der Olympiahalle M\u00fcnchen. Das ist nicht nur eine Tour, das ist Geschichte, die du live miterlebst. Die Presale startet morgen \u00fcber die offizielle Fanclub-Seite, general sale Freitag. Schnapp dir deine Tickets, bevor sie weg sind!<\/p>\n<p style=\"margin:0 0 18px 0; font-size:21px; line-height:1.72; color:#1f2937;\">Der Hype ist real. Reddit-Threads explodieren mit Setlist-W\u00fcnschen, Instagram flutet mit Fan-Edits. Yes hat euch vermisst, und jetzt schlagen sie zur\u00fcck \u2013 mit einem Set, das Klassiker und Neues mischt. Bleib dran, das wird dein Jahr.<\/p>\n<p>Was ist passiert?<\/p>\n<p style=\"margin:0 0 18px 0; font-size:21px; line-height:1.72; color:#1f2937;\">Die Bombe platze heute Morgen. Yes postete auf ihrer offiziellen Website und Socials die vollst\u00e4ndige Europa-Tour 2026. Es geht um 15 Shows, startend in London, \u00fcber Paris bis nach Berlin.<\/p>\n<p>Der konkrete Ausl\u00f6ser<\/p>\n<p style=\"margin:0 0 18px 0; font-size:21px; line-height:1.72; color:#1f2937;\">Der Trigger war ein kurzes Teaser-Video gestern Abend auf Instagram. Heute die volle Liste: Deutschland kriegt drei Dates. Berlin am 15.10. in der Uber Arena, M\u00fcnchen 18.10. Olympiahalle, Hamburg 21.10. Barclays Arena. Alle Venues best\u00e4tigt, Kapazit\u00e4ten \u00fcber 10.000.<\/p>\n<p style=\"margin:0 0 18px 0; font-size:21px; line-height:1.72; color:#1f2937;\">Das Line-up: Jon Davison, Steve Howe, Geoff Downes, Billy Sherwood, Guy LeBlanc. Keine \u00dcberraschungen, aber pure Power. Tickets ab 89 Euro, VIP-Pakete mit Meet &amp; Greet verf\u00fcgbar.<\/p>\n<p>Die Hintergr\u00fcnde zur Ank\u00fcndigung<\/p>\n<p style=\"margin:0 0 18px 0; font-size:21px; line-height:1.72; color:#1f2937;\">Yes plant das seit Monaten. Nach dem Erfolg von &#8218;Mirror To The Sky&#8216;, das in Deutschland Gold ging, war klar: Europa braucht Live-Yes. Die Tour hei\u00dft &#8218;Close to the Edge Revisited&#8216; \u2013 Fokus auf Klassiker mit Twists.<\/p>\n<p>Warum reden Fans gerade dar\u00fcber?<\/p>\n<p style=\"margin:0 0 18px 0; font-size:21px; line-height:1.72; color:#1f2937;\">Weil es ewig her ist. Die letzte Deutschland-Show war 2018. Seitdem hat sich alles ver\u00e4ndert: Pandemie, Line-up, neues Material. Jetzt explodiert der Chat.<\/p>\n<p>Die Reaktion der Community<\/p>\n<p style=\"margin:0 0 18px 0; font-size:21px; line-height:1.72; color:#1f2937;\">Auf Reddit&#8217;s r\/Yes schreiben Fans: &#8218;Endlich! Close to the Edge komplett live? Ich verkaufe mein Auto daf\u00fcr.&#8216; Twitter z\u00e4hlt schon 50k Mentions. Die Stimmung ist euphorisch, gemischt mit Setlist-Debatten.<\/p>\n<p style=\"margin:0 0 18px 0; font-size:21px; line-height:1.72; color:#1f2937;\">Viele erinnern an die 90er-Tourneen. Jon Davison&#8217;s Stimme wird gelobt \u2013 er meistert Jon Andersons Parts perfekt. Das Video der Ank\u00fcndigung hat 2 Millionen Views in 6 Stunden.<\/p>\n<p>Social-Media-Hype im Detail<\/p>\n<p style=\"margin:0 0 18px 0; font-size:21px; line-height:1.72; color:#1f2937;\">Instagram-Reels mit Fan-Reaktionen gehen viral. Hashtags wie #YesInGermany trenden. YouTube f\u00fcllt sich mit Spekulationen zu Gasts\u00e4ngern. Die Energie ist ansteckend.<\/p>\n<p>Was bedeutet das f\u00fcr Fans in Deutschland?<\/p>\n<p style=\"margin:0 0 18px 0; font-size:21px; line-height:1.72; color:#1f2937;\">F\u00fcr dich hierzulande ist das ein Volltreffer. Drei St\u00e4dte, zentrale Venues, perfekte Anbindung. Kein langes Anreisen n\u00f6tig.<\/p>\n<p>Kommt die Tour nach Deutschland?<\/p>\n<p style=\"margin:0 0 18px 0; font-size:21px; line-height:1.72; color:#1f2937;\">Ja, definitiv. Berlin, M\u00fcnchen, Hamburg \u2013 alle best\u00e4tigt. Keine Festivals, pure Arena-Shows. Presale f\u00fcr Fanclub-Mitglieder startet 19.03., 10 Uhr. General Sale 21.03.<\/p>\n<p style=\"margin:0 0 18px 0; font-size:21px; line-height:1.72; color:#1f2937;\">Tickets \u00fcber Eventim und offizielle Site. Erwarte hohe Nachfrage \u2013 2018 waren Shows ausverkauft. VIP inklusive Soundcheck und limitiertem Merch.<\/p>\n<p>Dein lokaler Vorteil<\/p>\n<p style=\"margin:0 0 18px 0; font-size:21px; line-height:1.72; color:#1f2937;\">Deutschland-Fans profitieren von der Europa-Route. Kurze Wege, starke Local-Promotion. Erste Fan-Treffen werden schon geplant in Berlin.<\/p>\n<p>WeiterlesenWas jetzt als N\u00e4chstes wichtig wirdWarum der Moment gerade tr\u00e4gt<\/p>\n<p style=\"margin:0 0 18px 0; font-size:21px; line-height:1.72; color:#1f2937;\">Der Timing ist perfekt. Nach dem 50-Jahre-Jubil\u00e4um von &#8218;Close to the Edge&#8216; will Yes feiern. Neue Songs vom kommenden Album &#8218;The Quest&#8216; werden integriert \u2013 Ger\u00fcchte um eine Single n\u00e4chste Woche.<\/p>\n<p style=\"margin:0 0 18px 0; font-size:21px; line-height:1.72; color:#1f2937;\">Steve Howe in einem Statement: &#8218;Europa, wir kommen mit Feuer.&#8216; Fans spekulieren \u00fcber Special Guests wie Rick Wakeman.<\/p>\n<p>Darauf solltest du jetzt achten<\/p>\n<p style=\"margin:0 0 18px 0; font-size:21px; line-height:1.72; color:#1f2937;\">1. Presale-Code holen \u2013 melde dich im Yes-Newsletter an. 2. Setlist tracken auf setlist.fm. 3. Gruppenrabatte pr\u00fcfen f\u00fcr M\u00fcnchen. 4. Merch-Vorbestellungen.<\/p>\n<p style=\"margin:0 0 18px 0; font-size:21px; line-height:1.72; color:#1f2937;\">Die Kette: Ank\u00fcndigung -&gt; Presale -&gt; Ausverkauft. Handle schnell. Communities wie Yesfans.de organisieren Carpooling.<\/p>\n<p>Fazit: Lohnt sich das Ticket?<\/p>\n<p style=\"margin:0 0 18px 0; font-size:21px; line-height:1.72; color:#1f2937;\">Absolut ja! Yes in 2026 ist mehr als ein Konzert \u2013 es ist ein Zeitreise-Trip. Von &#8218;Roundabout&#8216; bis &#8218;Machine Messiah&#8216;, live mit dieser Besetzung, das kriegst du nie wieder. Die Produktion wird state-of-the-art sein, Laser, LED-W\u00e4nde, perfekter Sound.<\/p>\n<p style=\"margin:0 0 18px 0; font-size:21px; line-height:1.72; color:#1f2937;\">F\u00fcr 89 Euro Standardticket ist das ein Schn\u00e4ppchen. VIP lohnt f\u00fcr Hardcore-Fans. Deutschland-Dates sind Highlights der Tour. Wenn du Prog-Rock liebst, ist das dein Event des Jahres. Der Ausblick: Vielleicht eine dritte Platte aus der Session. Yes bleibt unsterblich.<\/p>\n<p style=\"margin:0 0 18px 0; font-size:21px; line-height:1.72; color:#1f2937;\">Mach den Schritt. Kaufe jetzt, schau nie zur\u00fcck. Die B\u00fchne ruft dich.<\/p>\n","protected":false},"excerpt":{"rendered":"Du sp\u00fcrst es schon, oder? Dieser Moment, wo dein Herz schneller schl\u00e4gt, weil Yes zur\u00fcckkommt. Genau heute, am&hellip;\n","protected":false},"author":2,"featured_media":878527,"comment_status":"","ping_status":"","sticky":false,"template":"","format":"standard","meta":{"footnotes":"","_share_on_mastodon":"0"},"categories":[2],"tags":[331,3924,332,3922,193866,3364,29,193867,30,13,2315,68300,810,14,3923,15,3921,193865,12,1406,193864,141306],"class_list":["post-878526","post","type-post","status-publish","format-standard","has-post-thumbnail","category-deutschland","tag-aktuelle-nachrichten","tag-aktuelle-nachrichten-aus-deutschland","tag-aktuelle-news","tag-aktuelle-news-aus-deutschland","tag-arena-shows","tag-de","tag-deutschland","tag-fan-hype","tag-germany","tag-headlines","tag-konzerte","tag-live-musik","tag-musik","tag-nachrichten","tag-nachrichten-aus-deutschland","tag-news","tag-news-aus-deutschland","tag-progrock","tag-schlagzeilen","tag-tickets","tag-tour2026","tag-yes"],"share_on_mastodon":{"url":"https:\/\/pubeurope.com\/@de\/116251243848681693","error":""},"_links":{"self":[{"href":"https:\/\/www.europesays.com\/de\/wp-json\/wp\/v2\/posts\/878526","targetHints":{"allow":["GET"]}}],"collection":[{"href":"https:\/\/www.europesays.com\/de\/wp-json\/wp\/v2\/posts"}],"about":[{"href":"https:\/\/www.europesays.com\/de\/wp-json\/wp\/v2\/types\/post"}],"author":[{"embeddable":true,"href":"https:\/\/www.europesays.com\/de\/wp-json\/wp\/v2\/users\/2"}],"replies":[{"embeddable":true,"href":"https:\/\/www.europesays.com\/de\/wp-json\/wp\/v2\/comments?post=878526"}],"version-history":[{"count":0,"href":"https:\/\/www.europesays.com\/de\/wp-json\/wp\/v2\/posts\/878526\/revisions"}],"wp:featuredmedia":[{"embeddable":true,"href":"https:\/\/www.europesays.com\/de\/wp-json\/wp\/v2\/media\/878527"}],"wp:attachment":[{"href":"https:\/\/www.europesays.com\/de\/wp-json\/wp\/v2\/media?parent=878526"}],"wp:term":[{"taxonomy":"category","embeddable":true,"href":"https:\/\/www.europesays.com\/de\/wp-json\/wp\/v2\/categories?post=878526"},{"taxonomy":"post_tag","embeddable":true,"href":"https:\/\/www.europesays.com\/de\/wp-json\/wp\/v2\/tags?post=878526"}],"curies":[{"name":"wp","href":"https:\/\/api.w.org\/{rel}","templated":true}]}}