{"id":878629,"date":"2026-03-18T17:53:23","date_gmt":"2026-03-18T17:53:23","guid":{"rendered":"https:\/\/www.europesays.com\/de\/878629\/"},"modified":"2026-03-18T17:53:23","modified_gmt":"2026-03-18T17:53:23","slug":"raub-mit-schusswaffe-in-echte-verdaechtiger-festgenommen","status":"publish","type":"post","link":"https:\/\/www.europesays.com\/de\/878629\/","title":{"rendered":"Raub mit Schusswaffe in Echte: Verd\u00e4chtiger festgenommen"},"content":{"rendered":"<p>\n                Stand: 18.03.2026 18:30 Uhr<\/p>\n<p>                    <a href=\"https:\/\/www.europesays.com\/de\/wp-content\/uploads\/2026\/03\/polizei7178.webp.webp\" class=\"zoomimage\" title=\"Bild vergr\u00f6\u00dfern\"><\/p>\n<p>        <img decoding=\"async\" src=\"https:\/\/www.europesays.com\/de\/wp-content\/uploads\/2026\/03\/polizei7178.webp.webp\" alt=\"Mann wird verhaftet.\" title=\"Ein 34-J\u00e4hriger soll eine Seniorin mit einer Waffe bedroht und ausgeraubt haben. (Themenbild) | NDR, Julius Matuschik\" class=\"responsive\" loading=\"lazy\"\/><\/p>\n<p>                    <\/a><\/p>\n<p>                    Ein 34-J\u00e4hriger soll eine Seniorin mit einer Waffe bedroht und ausgeraubt haben. (Themenbild)<\/p>\n<p class=\"\">Die Polizei hat einen 34-J\u00e4hrigen festgenommen, der vergangenen Donnerstag einen Raub\u00fcberfall in Echte (Landkreis Northeim) begangen haben soll. Wie die Polizei am Mittwoch mitteilte, hatte eine 72-J\u00e4hrige ihre Haust\u00fcr ge\u00f6ffnet, nachdem es geklingelt hatte. Daraufhin sei sie von einem Mann mit einer Schusswaffe bedroht worden. Anschlie\u00dfend habe der Mann sie gefesselt im Haus zur\u00fcckgelassen und Geld im geringen zweistelligen Bereich gestohlen, so die Polizei weiter. Die Seniorin konnte sich den Angaben zufolge eigenst\u00e4ndig befreien und die Polizei informieren. Durch Hinweise aus der Nachbarschaft kam die Polizei demnach auf die Spur des 34-j\u00e4hrigen Tatverd\u00e4chtigen und konnte ihn in der Nacht auf Freitag im Raum Hannover festnehmen. Der Mann sitzt laut Polizei in Untersuchungshaft. Die Ermittlungen dauern an.<\/p>\n","protected":false},"excerpt":{"rendered":"Stand: 18.03.2026 18:30 Uhr Ein 34-J\u00e4hriger soll eine Seniorin mit einer Waffe bedroht und ausgeraubt haben. (Themenbild) Die&hellip;\n","protected":false},"author":2,"featured_media":878630,"comment_status":"","ping_status":"","sticky":false,"template":"","format":"standard","meta":{"footnotes":"","_share_on_mastodon":"0"},"categories":[1850],"tags":[590,6429,3364,29,5240,548,663,3934,980,30,13,14,15,1411,17320,4576,12,2466,7431,5310],"class_list":["post-878629","post","type-post","status-publish","format-standard","has-post-thumbnail","category-braunschweig","tag-aktuell","tag-braunschweig","tag-de","tag-deutschland","tag-echte","tag-eu","tag-europa","tag-europe","tag-festnahme","tag-germany","tag-headlines","tag-nachrichten","tag-news","tag-niedersachsen","tag-northeim","tag-raub","tag-schlagzeilen","tag-schusswaffe","tag-seniorin","tag-ueberfall"],"share_on_mastodon":{"url":"https:\/\/pubeurope.com\/@de\/116251460243738189","error":""},"_links":{"self":[{"href":"https:\/\/www.europesays.com\/de\/wp-json\/wp\/v2\/posts\/878629","targetHints":{"allow":["GET"]}}],"collection":[{"href":"https:\/\/www.europesays.com\/de\/wp-json\/wp\/v2\/posts"}],"about":[{"href":"https:\/\/www.europesays.com\/de\/wp-json\/wp\/v2\/types\/post"}],"author":[{"embeddable":true,"href":"https:\/\/www.europesays.com\/de\/wp-json\/wp\/v2\/users\/2"}],"replies":[{"embeddable":true,"href":"https:\/\/www.europesays.com\/de\/wp-json\/wp\/v2\/comments?post=878629"}],"version-history":[{"count":0,"href":"https:\/\/www.europesays.com\/de\/wp-json\/wp\/v2\/posts\/878629\/revisions"}],"wp:featuredmedia":[{"embeddable":true,"href":"https:\/\/www.europesays.com\/de\/wp-json\/wp\/v2\/media\/878630"}],"wp:attachment":[{"href":"https:\/\/www.europesays.com\/de\/wp-json\/wp\/v2\/media?parent=878629"}],"wp:term":[{"taxonomy":"category","embeddable":true,"href":"https:\/\/www.europesays.com\/de\/wp-json\/wp\/v2\/categories?post=878629"},{"taxonomy":"post_tag","embeddable":true,"href":"https:\/\/www.europesays.com\/de\/wp-json\/wp\/v2\/tags?post=878629"}],"curies":[{"name":"wp","href":"https:\/\/api.w.org\/{rel}","templated":true}]}}