{"id":878732,"date":"2026-03-18T18:47:14","date_gmt":"2026-03-18T18:47:14","guid":{"rendered":"https:\/\/www.europesays.com\/de\/878732\/"},"modified":"2026-03-18T18:47:14","modified_gmt":"2026-03-18T18:47:14","slug":"wir-haben-euch-gefragt-was-sagt-ihr-zum-tvl-abschluss","status":"publish","type":"post","link":"https:\/\/www.europesays.com\/de\/878732\/","title":{"rendered":"Wir haben euch gefragt: Was sagt ihr zum TVL-Abschluss?"},"content":{"rendered":"<p>Der Abschluss im TV-L bringt am Ende vor allem eines: ein bisschen mehr Geld \u00fcber eine ziemlich lange Laufzeit. Nat\u00fcrlich \u2013 mehr Geld ist gut. Aber wenn man ehrlich ist, f\u00fchlt es sich eher wie ein kleiner Bonus an als wie ein echter Durchbruch. Ja, es ist eine Form der Anerkennung unserer Arbeit. Aber die Attraktivit\u00e4t, bei der Stadt zu arbeiten, steigt dadurch kaum sp\u00fcrbar. Schon jetzt fehlt es \u00fcberall an Fachkr\u00e4ften, und es ist schwierig, neue Leute f\u00fcr den Job zu gewinnen. Das wird sich durch den Abschluss nicht wesentlich \u00e4ndern.<\/p>\n<p>Umso wichtiger ist ein Punkt, der tats\u00e4chlich erk\u00e4mpft wurde: die Hamburg-Zulage. Dass sie am Ende doch noch durchgesetzt werden konnte, ist ein echter Erfolg \u2013 auch wenn sie leider noch nicht f\u00fcr alle Besch\u00e4ftigten Hamburgs gilt. Das Leben in Hamburg ist schlicht teurer als in vielen anderen Regionen. Vor allem die Mieten sind f\u00fcr viele von uns ein riesiges Problem. Kolleg*innen ziehen l\u00e4ngst an den Stadtrand oder verlassen Hamburg ganz. Manche gehen auch nach Niedersachsen oder Schleswig-Holstein, weil die Lebenshaltungskosten dort niedriger sind und weil Leute wie ich dort zum TV \u00d6D geh\u00f6ren und deshalb mehr Geld bekommen.<\/p>\n<p>Der Weg zur Hamburg-Zulage war alles andere geradlinig. Die \u00fcberraschende Ablehnung der Hamburg-Zulage durch die Tarifgemeinschaft deutscher L\u00e4nder \u2013 trotz vorheriger Zusage \u2013 war wie Schlag ins Gesicht. Die Frustration war enorm. Und trotzdem hatte genau das auch eine andere Wirkung: Es hat mobilisiert.<\/p>\n<p>Pl\u00f6tzlich sind mehr Menschen auf die Stra\u00dfe gegangen. Die Beteiligung an Streiks und gewerkschaftlichen Aktionen war bei uns im Betrieb hoch, teilweise h\u00f6her als erwartet. Selbst Kolleg*innen, die keine ver.di-Mitglieder sind, haben sich solidarisch gezeigt und unterst\u00fctzt. Diese Momente, oft bei eisiger K\u00e4lte, haben etwas sichtbar gemacht, das im Arbeitsalltag sonst leicht untergeht: Zusammenhalt. Beh\u00f6rden\u00fcbergreifend, quer durch die Belegschaften \u2013 da ist etwas entstanden, das Mut macht.<\/p>\n<p>Am Ende bleibt ein gemischtes Fazit: Der Abschluss bringt kleine Verbesserungen und einzelne wichtige Erfolge wie die Hamburg-Zulage. Aber er l\u00f6st nicht die grundlegenden Probleme. Was bleibt, ist vor allem die Erfahrung, dass Bewegung etwas bewirken kann \u2013 und dass Solidarit\u00e4t mehr ist als nur ein Wort.<\/p>\n<p>\u00a0<\/p>\n","protected":false},"excerpt":{"rendered":"Der Abschluss im TV-L bringt am Ende vor allem eines: ein bisschen mehr Geld \u00fcber eine ziemlich lange&hellip;\n","protected":false},"author":2,"featured_media":878733,"comment_status":"","ping_status":"","sticky":false,"template":"","format":"standard","meta":{"footnotes":"","_share_on_mastodon":"0"},"categories":[1826],"tags":[29,30,692,169091,178695],"class_list":["post-878732","post","type-post","status-publish","format-standard","has-post-thumbnail","category-hamburg","tag-deutschland","tag-germany","tag-hamburg","tag-tarifrunde-oeffentlicher-dienst-der-laender-2025-2026","tag-tvstud"],"share_on_mastodon":{"url":"https:\/\/pubeurope.com\/@de\/116251672525713496","error":""},"_links":{"self":[{"href":"https:\/\/www.europesays.com\/de\/wp-json\/wp\/v2\/posts\/878732","targetHints":{"allow":["GET"]}}],"collection":[{"href":"https:\/\/www.europesays.com\/de\/wp-json\/wp\/v2\/posts"}],"about":[{"href":"https:\/\/www.europesays.com\/de\/wp-json\/wp\/v2\/types\/post"}],"author":[{"embeddable":true,"href":"https:\/\/www.europesays.com\/de\/wp-json\/wp\/v2\/users\/2"}],"replies":[{"embeddable":true,"href":"https:\/\/www.europesays.com\/de\/wp-json\/wp\/v2\/comments?post=878732"}],"version-history":[{"count":0,"href":"https:\/\/www.europesays.com\/de\/wp-json\/wp\/v2\/posts\/878732\/revisions"}],"wp:featuredmedia":[{"embeddable":true,"href":"https:\/\/www.europesays.com\/de\/wp-json\/wp\/v2\/media\/878733"}],"wp:attachment":[{"href":"https:\/\/www.europesays.com\/de\/wp-json\/wp\/v2\/media?parent=878732"}],"wp:term":[{"taxonomy":"category","embeddable":true,"href":"https:\/\/www.europesays.com\/de\/wp-json\/wp\/v2\/categories?post=878732"},{"taxonomy":"post_tag","embeddable":true,"href":"https:\/\/www.europesays.com\/de\/wp-json\/wp\/v2\/tags?post=878732"}],"curies":[{"name":"wp","href":"https:\/\/api.w.org\/{rel}","templated":true}]}}