{"id":878859,"date":"2026-03-18T19:59:15","date_gmt":"2026-03-18T19:59:15","guid":{"rendered":"https:\/\/www.europesays.com\/de\/878859\/"},"modified":"2026-03-18T19:59:15","modified_gmt":"2026-03-18T19:59:15","slug":"die-stadtwerke-duesseldorf-passen-die-strompreise-an","status":"publish","type":"post","link":"https:\/\/www.europesays.com\/de\/878859\/","title":{"rendered":"Die Stadtwerke D\u00fcsseldorf passen die Strompreise an"},"content":{"rendered":"<p>          Ver\u00e4nderte Grundversorgung        Die Stadtwerke D\u00fcsseldorf passen die Strompreise an<\/p>\n<p class=\"text-50 desktop:text-70 park-container-small px-6 mb-10 desktop:mb-14\">Exklusiv | D\u00fcsseldorf \u00b7 <strong data-cy=\"intro\" data-readtime-content=\"\">Ab 1. Juni sind f\u00fcr Kunden des D\u00fcsseldorfer Energieversorgers andere Preise zu zahlen. Wie genau sich der Tarif ver\u00e4ndert und welche Folgen aufgrund des Iran-Kriegs zu erwarten sind.<\/strong><\/p>\n<p>                        <a class=\"absolute bottom-0 inset-x-0 z-10 group\/link before:float-left after:clear-both flex justify-end items-end print:hidden\" href=\"https:\/\/rp-online.de\/imgs\/32\/2\/6\/1\/3\/0\/7\/4\/8\/9\/tok_015612ccccb7542847d7e89aa376891f\/w1900_h1330_x1500_y1050_DPA_bfunkdpa_5FAA260090421934-f13bd36591379427.jpg\" title=\"Vergr\u00f6\u00dferte Ansicht\" aria-describedby=\"park-figure-\" data-enlargable=\"image\" rel=\"nofollow noopener\" target=\"_blank\"><\/p>\n<p>                            <\/a><\/p>\n<p>                <img class=\"inset-0 w-full h-full object-cover opacity-0 transition-opacity animated\" onload=\"this.style.opacity = '1';\" src=\"https:\/\/www.europesays.com\/de\/wp-content\/uploads\/2026\/03\/w2100_h1471_x1500_y1050_DPA_bfunkdpa_5FAA260090421934-f13bd36591379427.jpg\"   alt=\"Die Stadtwerke k\u00fcndigen Ver\u00e4nderungen bei den Strompreisen an.\" width=\"3000\" height=\"2101\" fetchpriority=\"high\" decoding=\"async\" data-park-image-img=\"\"\/><\/p>\n<p class=\"block font-sans text-30 text-black-almost dark:text-white-almost desktop:text-40 desktop:[.floated_&amp;]:text-30 mt-3 desktop:[.floated_&amp;]:mt-3 desktop:mt-4\" data-readtime-content=\"\">\n        Die Stadtwerke k\u00fcndigen Ver\u00e4nderungen bei den Strompreisen an.\n    <\/p>\n<p>    Foto: dpa\/Monika Skolimowska  <\/p>\n<p>                <img class=\"absolute inset-0 w-full h-full object-cover aspect-[1\/1] opacity-0 transition-opacity animated\" onload=\"this.style.opacity = '1';\" src=\"https:\/\/www.europesays.com\/de\/wp-content\/uploads\/2025\/09\/w128_h128_x342_y467_ale-9ffb2fae5f80b5e9.jpg\"   alt=\"Alexander Esch\" width=\"64\" height=\"64\" loading=\"lazy\" decoding=\"async\" data-park-image-img=\"\"\/><\/p>\n<p class=\"text_ohne_einzug richtext text-em-55 !leading-serif mx-6 desktop:mx-0\">Bei den Stadtwerken gibt es Bewegung bei den Energiepreisen. <a href=\"https:\/\/rp-online.de\/nrw\/staedte\/duesseldorf\/die-stadtwerke-duesseldorf-passen-die-gaspreise-an_aid-138909303\" rel=\"nofollow noopener\" target=\"_blank\">Schon zum Jahresanfang war Erdgas in der Grundversorgung etwas g\u00fcnstiger geworden. <\/a>Jetzt k\u00fcndigt der Versorger auch Ver\u00e4nderungen beim <a href=\"https:\/\/rp-online.de\/thema\/strompreis\/\" rel=\"nofollow noopener\" target=\"_blank\">Strompreis<\/a> an.<\/p>\n","protected":false},"excerpt":{"rendered":"Ver\u00e4nderte Grundversorgung Die Stadtwerke D\u00fcsseldorf passen die Strompreise an Exklusiv | D\u00fcsseldorf \u00b7 Ab 1. Juni sind f\u00fcr&hellip;\n","protected":false},"author":2,"featured_media":878860,"comment_status":"","ping_status":"","sticky":false,"template":"","format":"standard","meta":{"footnotes":"","_share_on_mastodon":"0"},"categories":[1831],"tags":[3364,29,3405,30,1209,12603,6397,1526],"class_list":["post-878859","post","type-post","status-publish","format-standard","has-post-thumbnail","category-duesseldorf","tag-de","tag-deutschland","tag-duesseldorf","tag-germany","tag-nordrhein-westfalen","tag-paessen","tag-stadtwerke","tag-strompreise"],"share_on_mastodon":{"url":"https:\/\/pubeurope.com\/@de\/116251955623986491","error":""},"_links":{"self":[{"href":"https:\/\/www.europesays.com\/de\/wp-json\/wp\/v2\/posts\/878859","targetHints":{"allow":["GET"]}}],"collection":[{"href":"https:\/\/www.europesays.com\/de\/wp-json\/wp\/v2\/posts"}],"about":[{"href":"https:\/\/www.europesays.com\/de\/wp-json\/wp\/v2\/types\/post"}],"author":[{"embeddable":true,"href":"https:\/\/www.europesays.com\/de\/wp-json\/wp\/v2\/users\/2"}],"replies":[{"embeddable":true,"href":"https:\/\/www.europesays.com\/de\/wp-json\/wp\/v2\/comments?post=878859"}],"version-history":[{"count":0,"href":"https:\/\/www.europesays.com\/de\/wp-json\/wp\/v2\/posts\/878859\/revisions"}],"wp:featuredmedia":[{"embeddable":true,"href":"https:\/\/www.europesays.com\/de\/wp-json\/wp\/v2\/media\/878860"}],"wp:attachment":[{"href":"https:\/\/www.europesays.com\/de\/wp-json\/wp\/v2\/media?parent=878859"}],"wp:term":[{"taxonomy":"category","embeddable":true,"href":"https:\/\/www.europesays.com\/de\/wp-json\/wp\/v2\/categories?post=878859"},{"taxonomy":"post_tag","embeddable":true,"href":"https:\/\/www.europesays.com\/de\/wp-json\/wp\/v2\/tags?post=878859"}],"curies":[{"name":"wp","href":"https:\/\/api.w.org\/{rel}","templated":true}]}}