{"id":879077,"date":"2026-03-18T22:02:17","date_gmt":"2026-03-18T22:02:17","guid":{"rendered":"https:\/\/www.europesays.com\/de\/879077\/"},"modified":"2026-03-18T22:02:17","modified_gmt":"2026-03-18T22:02:17","slug":"praxis-klassenrat-mit-dr-reinhard-staehling-radio-kaktus","status":"publish","type":"post","link":"https:\/\/www.europesays.com\/de\/879077\/","title":{"rendered":"Praxis Klassenrat mit Dr. Reinhard St\u00e4hling | Radio Kaktus"},"content":{"rendered":"<p>Radio-Kaktus M\u00fcnster e.V. ist ein interkultureller Verein, der Verst\u00e4ndigung zwischen Kulturen, Nationalit\u00e4ten und Religionen f\u00f6rdern will. Im B\u00fcrgerfunk bei <a href=\"https:\/\/www.nrwision.de\/mediathek\/radiosender\/antenne-muenster\" title=\"mehr von Antenne M\u00fcnster\" rel=\"nofollow noopener\" target=\"_blank\">Antenne M\u00fcnster<\/a> und in der Mediathek von NRWision ist &#8222;Radio-Kaktus&#8220; u.a. mit den Sendungen &#8222;K\u00fcnstlerportr\u00e4t&#8220; und &#8222;Interkulturelles Magazin&#8220; vertreten.<\/p>\n","protected":false},"excerpt":{"rendered":"Radio-Kaktus M\u00fcnster e.V. ist ein interkultureller Verein, der Verst\u00e4ndigung zwischen Kulturen, Nationalit\u00e4ten und Religionen f\u00f6rdern will. Im B\u00fcrgerfunk&hellip;\n","protected":false},"author":2,"featured_media":879078,"comment_status":"","ping_status":"","sticky":false,"template":"","format":"standard","meta":{"footnotes":"","_share_on_mastodon":"0"},"categories":[1843],"tags":[3364,146,29,5350,30,1114,8970,1209,28437,966],"class_list":["post-879077","post","type-post","status-publish","format-standard","has-post-thumbnail","category-muenster","tag-de","tag-demokratie","tag-deutschland","tag-erziehung","tag-germany","tag-kinder","tag-muenster","tag-nordrhein-westfalen","tag-paedagogik","tag-schule"],"share_on_mastodon":{"url":"https:\/\/pubeurope.com\/@de\/116252439093490467","error":""},"_links":{"self":[{"href":"https:\/\/www.europesays.com\/de\/wp-json\/wp\/v2\/posts\/879077","targetHints":{"allow":["GET"]}}],"collection":[{"href":"https:\/\/www.europesays.com\/de\/wp-json\/wp\/v2\/posts"}],"about":[{"href":"https:\/\/www.europesays.com\/de\/wp-json\/wp\/v2\/types\/post"}],"author":[{"embeddable":true,"href":"https:\/\/www.europesays.com\/de\/wp-json\/wp\/v2\/users\/2"}],"replies":[{"embeddable":true,"href":"https:\/\/www.europesays.com\/de\/wp-json\/wp\/v2\/comments?post=879077"}],"version-history":[{"count":0,"href":"https:\/\/www.europesays.com\/de\/wp-json\/wp\/v2\/posts\/879077\/revisions"}],"wp:featuredmedia":[{"embeddable":true,"href":"https:\/\/www.europesays.com\/de\/wp-json\/wp\/v2\/media\/879078"}],"wp:attachment":[{"href":"https:\/\/www.europesays.com\/de\/wp-json\/wp\/v2\/media?parent=879077"}],"wp:term":[{"taxonomy":"category","embeddable":true,"href":"https:\/\/www.europesays.com\/de\/wp-json\/wp\/v2\/categories?post=879077"},{"taxonomy":"post_tag","embeddable":true,"href":"https:\/\/www.europesays.com\/de\/wp-json\/wp\/v2\/tags?post=879077"}],"curies":[{"name":"wp","href":"https:\/\/api.w.org\/{rel}","templated":true}]}}