{"id":879157,"date":"2026-03-18T22:47:16","date_gmt":"2026-03-18T22:47:16","guid":{"rendered":"https:\/\/www.europesays.com\/de\/879157\/"},"modified":"2026-03-18T22:47:16","modified_gmt":"2026-03-18T22:47:16","slug":"champions-league-achtelfinale-bayern-muenchen-zieht-nach-sieg-gegen-bergamo-ins-viertelfinale-ein","status":"publish","type":"post","link":"https:\/\/www.europesays.com\/de\/879157\/","title":{"rendered":"Champions League \u2013 Achtelfinale: Bayern M\u00fcnchen zieht nach Sieg gegen Bergamo ins Viertelfinale ein"},"content":{"rendered":"<p>\n                        Der FC Bayern gewinnt im Achtelfinale der Champions League gegen Atlanta Bergamo und ist damit eine Runde weiter. Kapit\u00e4n Harry Kane erzielt zwei Tore. Der Spielbericht\n                    <\/p>\n<p>                Schlie\u00dfen<br \/>\n                Artikelzusammenfassung<\/p>\n<p>Der FC Bayern gewinnt deutlich gegen Atalanta Bergamo im Achtelfinalr\u00fcckspiel der Champions League. Tore von Harry Kane, Lennart Karl und Luis D\u00edaz sorgen f\u00fcr einen 4:1-Heimsieg. Lazar Samard\u017ei\u0107 erzielt das Ehrentor f\u00fcr die G\u00e4ste. Im Viertelfinale wartet Real Madrid auf die M\u00fcnchner im April.<\/p>\n<p>                Diese Zusammenfassung wurde mithilfe von K\u00fcnstlicher Intelligenz erstellt. Vereinzelt kann es dabei zu Fehlern kommen.<\/p>\n<p class=\"summy__feedback-paragraph\">Fanden Sie die Zusammenfassung hilfreich? <\/p>\n<p>                        Gef\u00e4llt mir<\/p>\n<p>                        Gef\u00e4llt mir<\/p>\n<p>                        Gef\u00e4llt mir nicht<\/p>\n<p>                        Gef\u00e4llt mir nicht<\/p>\n<p>                        Send<\/p>\n<p>            <img decoding=\"async\" class=\"article__media-item\" src=\"https:\/\/www.europesays.com\/de\/wp-content\/uploads\/2026\/03\/1773874036_852_wide__1000x562.jpeg\" alt=\"Champions League \u2013 Achtelfinale:  Harry Kane erzielte zwei Tore im R\u00fcckspiel gegen die Norditaliener.\"\/><\/p>\n<p>                     Harry Kane erzielte zwei Tore im R\u00fcckspiel gegen die Norditaliener.<br \/>\n            \u00a9\u00a0Tom Weller\/\u200bdpa<\/p>\n<p>        FC Bayern \u2013 Atalanta Bergamo 4:1 (1:0)        <\/p>\n<p class=\"paragraph article__item\">Der <a class=\"rtr-entity\" href=\"https:\/\/www.zeit.de\/thema\/fc-bayern-muenchen\" rel=\"nofollow noopener\" target=\"_blank\">FC Bayern<\/a> hat auch das Achtelfinalr\u00fcckspiel der Champions League<br \/>\n gegen Atalanta Bergamo deutlich gewonnen. Beim 4:1 (1:0)-Heimsieg gegen<br \/>\n die Norditaliener trafen Harry Kane (25. Minute\/Handelfmeter, 54.),<br \/>\nLennart Karl (56.) und Luis D\u00edaz (70.) f\u00fcr die M\u00fcnchner. Lazar Samard\u017ei\u0107\u00a0 (85.) erzielte das Ehrentor f\u00fcr die G\u00e4ste.\u00a0\n<\/p>\n<p class=\"paragraph article__item\">Das Hinspiel hatte der<br \/>\ndeutsche Fu\u00dfball-Rekordmeister mit 6:1 f\u00fcr sich entschieden. Im<br \/>\nViertelfinale geht es im April gegen Real Madrid weiter.\n<\/p>\n<p class=\"paragraph article__item\">Dieser Artikel wird weiter aktualisiert.<\/p>\n","protected":false},"excerpt":{"rendered":"Der FC Bayern gewinnt im Achtelfinale der Champions League gegen Atlanta Bergamo und ist damit eine Runde weiter.&hellip;\n","protected":false},"author":2,"featured_media":879158,"comment_status":"","ping_status":"","sticky":false,"template":"","format":"standard","meta":{"footnotes":"","_share_on_mastodon":"0"},"categories":[1827],"tags":[4915,772,190565,29,458,15702,30,11709,193984,64373,23456,73410,1268,50637,265,13382],"class_list":["post-879157","post","type-post","status-publish","format-standard","has-post-thumbnail","category-muenchen","tag-barcelona","tag-bayern","tag-champions-league-achtelfinale","tag-deutschland","tag-fc-bayern-muenchen","tag-galatasaray-istanbul","tag-germany","tag-harry-kane","tag-lazar-samardzic","tag-lennart-karl","tag-liverpool","tag-luis-diaz","tag-muenchen","tag-newcastle-united","tag-sport","tag-tottenham"],"share_on_mastodon":{"url":"https:\/\/pubeurope.com\/@de\/116252616156932044","error":""},"_links":{"self":[{"href":"https:\/\/www.europesays.com\/de\/wp-json\/wp\/v2\/posts\/879157","targetHints":{"allow":["GET"]}}],"collection":[{"href":"https:\/\/www.europesays.com\/de\/wp-json\/wp\/v2\/posts"}],"about":[{"href":"https:\/\/www.europesays.com\/de\/wp-json\/wp\/v2\/types\/post"}],"author":[{"embeddable":true,"href":"https:\/\/www.europesays.com\/de\/wp-json\/wp\/v2\/users\/2"}],"replies":[{"embeddable":true,"href":"https:\/\/www.europesays.com\/de\/wp-json\/wp\/v2\/comments?post=879157"}],"version-history":[{"count":0,"href":"https:\/\/www.europesays.com\/de\/wp-json\/wp\/v2\/posts\/879157\/revisions"}],"wp:featuredmedia":[{"embeddable":true,"href":"https:\/\/www.europesays.com\/de\/wp-json\/wp\/v2\/media\/879158"}],"wp:attachment":[{"href":"https:\/\/www.europesays.com\/de\/wp-json\/wp\/v2\/media?parent=879157"}],"wp:term":[{"taxonomy":"category","embeddable":true,"href":"https:\/\/www.europesays.com\/de\/wp-json\/wp\/v2\/categories?post=879157"},{"taxonomy":"post_tag","embeddable":true,"href":"https:\/\/www.europesays.com\/de\/wp-json\/wp\/v2\/tags?post=879157"}],"curies":[{"name":"wp","href":"https:\/\/api.w.org\/{rel}","templated":true}]}}