{"id":879192,"date":"2026-03-18T23:08:15","date_gmt":"2026-03-18T23:08:15","guid":{"rendered":"https:\/\/www.europesays.com\/de\/879192\/"},"modified":"2026-03-18T23:08:15","modified_gmt":"2026-03-18T23:08:15","slug":"gruene-fordern-extra-feiertage-fuer-muslime-politik","status":"publish","type":"post","link":"https:\/\/www.europesays.com\/de\/879192\/","title":{"rendered":"Gr\u00fcne fordern Extra-Feiertage f\u00fcr Muslime | Politik"},"content":{"rendered":"<p><a class=\"skip-content skip-content--link\" href=\"#in-content-skip-link-target-v-0-0\">TTS-Player \u00fcberspringen\u21b5<\/a><a id=\"in-content-skip-link-target-v-0-0\" class=\"skip-content--target-link-hidden skip-content skip-content--target-link\" href=\"#in-content-skip-link-target-v-0-0\">Artikel weiterlesen<\/a><\/p>\n<p>Berlin \u2013 <b>Die Gr\u00fcnen wollen muslimisches Leben in Deutschland sichtbarer machen. Daf\u00fcr haben sie einen 24 Punkte umfassenden Forderungskatalog erstellt, der im Bundestag diskutiert werden soll. Ziel: Die \u201estrukturelle Benachteiligung\u201c von muslimischen Organisationen gegen\u00fcber Kirchen abschaffen.<\/b><\/p>\n<p>Wie der \u201eTagesspiegel\u201c berichtet, sieht die Fraktion \u201eanhaltende Diskriminierung und Muslimfeindlichkeit\u201c als \u201etief verankertes gesellschaftliches und strukturelles Problem\u201c und will deshalb, dass die Bundesregierung aktiv wird. <\/p>\n<p>Die <a href=\"https:\/\/www.bild.de\/politik\/inland\/die-gruenen\/die-gruenen-alle-infos-76661904.bild.html\" class=\"text-link\" rel=\"nofollow noopener\" target=\"_blank\">Gr\u00fcnen<\/a> fordern, dass die \u201eFreistellung oder flexible Arbeitszeitgestaltung an islamischen Feiertagen\u201c rechtlich abgesichert wird \u2013 also <a href=\"https:\/\/www.bild.de\/politik\/inland\/wirbel-um-regierungsmeldung-extra-feiertage-fuer-muslime-das-steckt-dahinter-68d8f2c83204c86ca0ddb921\" class=\"text-link\" rel=\"nofollow noopener\" target=\"_blank\">arbeitsfrei an muslimischen Feiertagen<\/a>, um Beruf und religi\u00f6se Praxis besser zu vereinbaren. Auch der Schutz von Moscheen soll verbessert werden: \u201eGeeignete Schutzma\u00dfnahmen\u201c m\u00fcssten \u201eausreichend finanziert werden\u201c, dazu sollen Sicherheitskr\u00e4fte Schulungen im Umgang mit Islamfeindlichkeit erhalten.<\/p>\n<p><a class=\"article-image__anchor\" href=\"https:\/\/debatte.bild.de\/debatte\/gibt-es-eine-strukturelle-muslimfeindlichkeit-in-deutschland?leanId=674721a591f0484bee646df0\" target=\"_blank\" rel=\"noopener nofollow\"><img decoding=\"async\" width=\"992\" height=\"186\" alt=\"\" src=\"https:\/\/www.europesays.com\/de\/wp-content\/uploads\/2026\/03\/8d0a80874fd23aed666edb45952e5b1c,74fffe72.png\"   class=\"dynamic\" loading=\"lazy\"\/><\/a><\/p>\n<p>Foto: epd<\/p>\n<p>Gr\u00fcne wollen neue Strukturen f\u00fcr Muslime<\/p>\n<p>Besonders im Fokus: das Kopftuch. Verbote seien Teil von \u201eH\u00fcrden im \u00f6ffentlichen Dienst\u201c, die abgebaut werden m\u00fcssten. Auch im sozialen Bereich sehen die Gr\u00fcnen Nachholbedarf: Muslimische Wohlfahrtsorganisationen seien \u201enicht gleichberechtigt repr\u00e4sentiert\u201c und sollten st\u00e4rker gef\u00f6rdert und eingebunden werden.<\/p>\n<p>Mehr zum Thema<\/p>\n<p>Zudem fordern sie eine \u201elangfristige institutionelle Unterst\u00fctzung muslimischer Organisationen\u201c, aber nur, wenn diese \u201ekonkrete Transparenz- und Repr\u00e4sentativit\u00e4tskriterien erf\u00fcllen\u201c. Beim Thema Diskriminierung machen die Gr\u00fcnen klar: Benachteiligung von <a href=\"https:\/\/www.bild.de\/themen\/specials\/islam\/nachrichten-news-fotos-videos-20335370.bild.html\" class=\"text-link\" rel=\"nofollow noopener\" target=\"_blank\">Muslimen<\/a> sei \u201ekeine Vermutung, sondern empirische Realit\u00e4t\u201c. <\/p>\n<p>Gr\u00fcne zogen Islam-Antrag schon zweimal zur\u00fcck<\/p>\n<p>F\u00fcr Stirnrunzeln sorgt der Ablauf im Bundestag: Zweimal stand das Thema bereits auf der Tagesordnung, doch die Gr\u00fcnen zogen den Antrag jeweils kurzfristig zur\u00fcck. <a href=\"https:\/\/www.bild.de\/politik\/inland\/cdu\/cdu-csu-alle-infos-76661590.bild.html\" class=\"text-link\" rel=\"nofollow noopener\" target=\"_blank\">CDU<\/a>-Innenpolitiker Alexander Throm (57) zum \u201eTagesspiegel\u201c: \u201eDass die Gr\u00fcnen ihren Antrag zur F\u00f6rderung des Islam in Deutschland <a href=\"https:\/\/www.bild.de\/politik\/inland\/wen-muss-ich-waehlen-wenn-der-bild-wahl-check-fuer-rheinland-pfalz-69b942e5e371598814461b84\" class=\"text-link\" rel=\"nofollow noopener\" target=\"_blank\">kurzfristig vor der rheinland-pf\u00e4lzischen Wahl <\/a>von der Tagesordnung streichen, zeigt wieder mal eines: Sie sind eine Partei des reinen Taktierens.\u201c In der n\u00e4chsten Sitzungswoche soll die Debatte nun stattfinden.<\/p>\n","protected":false},"excerpt":{"rendered":"TTS-Player \u00fcberspringen\u21b5Artikel weiterlesen Berlin \u2013 Die Gr\u00fcnen wollen muslimisches Leben in Deutschland sichtbarer machen. Daf\u00fcr haben sie einen&hellip;\n","protected":false},"author":2,"featured_media":879193,"comment_status":"","ping_status":"","sticky":false,"template":"","format":"standard","meta":{"footnotes":"","_share_on_mastodon":"0"},"categories":[2],"tags":[1634,31,29,1152,30,13,555,14,15,90178,3313,12,138370,45,10,8,9,11],"class_list":["post-879192","post","type-post","status-publish","format-standard","has-post-thumbnail","category-deutschland","tag-baden-wuerttemberg","tag-cdu","tag-deutschland","tag-die-gruenen","tag-germany","tag-headlines","tag-islam","tag-nachrichten","tag-news","tag-oezdemir-cem","tag-ramadan","tag-schlagzeilen","tag-team-first","tag-texttospeech","tag-top-news","tag-top-meldungen","tag-topmeldungen","tag-topnews"],"share_on_mastodon":{"url":"https:\/\/pubeurope.com\/@de\/116252698774160145","error":""},"_links":{"self":[{"href":"https:\/\/www.europesays.com\/de\/wp-json\/wp\/v2\/posts\/879192","targetHints":{"allow":["GET"]}}],"collection":[{"href":"https:\/\/www.europesays.com\/de\/wp-json\/wp\/v2\/posts"}],"about":[{"href":"https:\/\/www.europesays.com\/de\/wp-json\/wp\/v2\/types\/post"}],"author":[{"embeddable":true,"href":"https:\/\/www.europesays.com\/de\/wp-json\/wp\/v2\/users\/2"}],"replies":[{"embeddable":true,"href":"https:\/\/www.europesays.com\/de\/wp-json\/wp\/v2\/comments?post=879192"}],"version-history":[{"count":0,"href":"https:\/\/www.europesays.com\/de\/wp-json\/wp\/v2\/posts\/879192\/revisions"}],"wp:featuredmedia":[{"embeddable":true,"href":"https:\/\/www.europesays.com\/de\/wp-json\/wp\/v2\/media\/879193"}],"wp:attachment":[{"href":"https:\/\/www.europesays.com\/de\/wp-json\/wp\/v2\/media?parent=879192"}],"wp:term":[{"taxonomy":"category","embeddable":true,"href":"https:\/\/www.europesays.com\/de\/wp-json\/wp\/v2\/categories?post=879192"},{"taxonomy":"post_tag","embeddable":true,"href":"https:\/\/www.europesays.com\/de\/wp-json\/wp\/v2\/tags?post=879192"}],"curies":[{"name":"wp","href":"https:\/\/api.w.org\/{rel}","templated":true}]}}