{"id":879258,"date":"2026-03-18T23:46:18","date_gmt":"2026-03-18T23:46:18","guid":{"rendered":"https:\/\/www.europesays.com\/de\/879258\/"},"modified":"2026-03-18T23:46:18","modified_gmt":"2026-03-18T23:46:18","slug":"loch-in-fussgaengerzone-grund-unter-dem-boden","status":"publish","type":"post","link":"https:\/\/www.europesays.com\/de\/879258\/","title":{"rendered":"Loch in Fu\u00dfg\u00e4ngerzone \u2013 Grund unter dem Boden"},"content":{"rendered":"<p>Mitten in der Fu\u00dfg\u00e4ngerzone <\/p>\n<p>Warum in der K\u00f6nigstra\u00dfe gerade ein Loch gegraben wird<\/p>\n<p>Aktualisiert am 18.03.2026 &#8211; 22:21 UhrLesedauer: 2 Min.<\/p>\n<p><a href=\"#focus-0\" class=\"transition-colors duration-200 block text-current relative\" data-sctrack=\"FocusGalleryImage.Reference\"><img fetchpriority=\"high\" data-testid=\"Opener.Image\" style=\"--lqipURL:url('https:\/\/images.t-online.de\/2026\/03\/pfAcG3-mC5dM\/0x1625:3000x1687\/fit-in\/150x0\/filters:blur(25)\/die-baustelle-in-der-koenigstrasse-bis-2027-sollen-die-arbeiten-andauern.jpg')\"   loading=\"eager\" src=\"https:\/\/www.europesays.com\/de\/wp-content\/uploads\/2026\/03\/die-baustelle-in-der-koenigstrasse-bis-2027-sollen-die-arbeiten-andauern.jpg\" alt=\"Die Baustelle in der K\u00f6nigstra\u00dfe: Bis 2027 sollen die Arbeiten andauern.\" title=\"Die Baustelle in der K\u00f6nigstra\u00dfe: Bis 2027 sollen die Arbeiten andauern.\" width=\"3000\" height=\"1687\" class=\"bg-[url:var(--lqipURL)] bg-cover bg-center flex h-full w-full max-w-full\" decoding=\"async\"\/><img style=\"--width:32;--height:32\" loading=\"lazy\" src=\"https:\/\/nuernberg.t-online.de\/s\/paper\/_next\/static\/media\/zoom-in.f7dae02f.svg\" alt=\"Vergr\u00f6\u00dfern des Bildes\" title=\"Vergr\u00f6\u00dfern des Bildes\" class=\"block h-[calc(var(--height)_\/_16_*_1rem)] w-[calc(var(--width)_\/_16_*_1rem)] max-w-none absolute bottom-8 right-8 rounded-4 bg-snow p-8\" decoding=\"async\"\/><\/a><\/p>\n<p>Die Baustelle in der K\u00f6nigstra\u00dfe: Bis 2027 wird dort gebaut. (Quelle: N-Ergie\/Mandy Bruch)<\/p>\n<p class=\"font-bold text-18 leading-17 user-text-lg:text-22 user-text-xl:text-24\">Die N\u00fcrnberger Fu\u00dfg\u00e4ngerzone wird \u00fcber Monate zur Baustelle. Der Grund daf\u00fcr liegt unter der Erde \u2013 und stammt aus den 1960ern.<\/p>\n<p class=\"text-18 leading-17 user-text-lg:text-22 user-text-xl:text-24\">Mitten in der N\u00fcrnberger Fu\u00dfg\u00e4ngerzone stehen gerade Bagger. Sie graben ein Loch in der K\u00f6nigstra\u00dfe vor der Mauthalle. Der Grund f\u00fcr die Baustelle liegt unter der Erde: Der \u00f6rtliche Energieversorger N-Ergie bereitet die Sanierung einer unterirdischen Trafostation vor, wie das Unternehmen Anfang M\u00e4rz mitteilte.<\/p>\n<p class=\"text-18 leading-17 user-text-lg:text-22 user-text-xl:text-24\">Die Arbeiter w\u00fcrden aktuell einen Verbau errichten, der es im Anschluss erm\u00f6gliche, die 1961 erbaute Anlage freizulegen. Das Bauwerk m\u00fcsse altersbedingt saniert und neu abgedichtet werden, hei\u00dft es in der Mitteilung weiter. Nach eigenen Angaben investiert die N\u2011Ergie 1,5 Millionen Euro in die Sanierung.<\/p>\n<p class=\"text-18 leading-17 user-text-lg:text-22 user-text-xl:text-24\">Die Arbeiten sollen in zwei Abschnitten erfolgen. Daf\u00fcr ist laut N-Ergie jeweils eine Baugrube n\u00f6tig, die sich jeweils \u00fcber die halbe Breite der K\u00f6nigstra\u00dfe erstrecken wird. Der erste Bauabschnitt soll im November dieses Jahres fertig werden, der zweite folgt im kommenden Jahr.<\/p>\n<p class=\"text-18 leading-17 user-text-lg:text-22 user-text-xl:text-24\">F\u00fcr Fu\u00dfg\u00e4nger bedeuten die Bauarbeiten, dass sie \u00fcber Monate nur die halbe Breite der K\u00f6nigstra\u00dfe, die vom Hauptbahnhof \u00fcber die Lorenzkirche bis zum Hauptmarkt f\u00fchrt, nutzen k\u00f6nnen. Der Zugang zur Mauthalle und allen ans\u00e4ssigen Gesch\u00e4ften bleibe aber m\u00f6glich \u2013 etwa \u00fcber &#8222;aufwendige Br\u00fcckenkonstruktionen&#8220;, hei\u00dft es von der N-Ergie.<\/p>\n<p class=\"text-18 leading-17 user-text-lg:text-22 user-text-xl:text-24\">In der unterirdischen Station wird laut dem Unternehmen Strom von der Ebene der Mittelspannung auf Niederspannung umgewandelt. \u00dcber die Station w\u00fcrden letztlich Teile der Lorenzer Altstadt mit Energie versorgt.<\/p>\n<p class=\"text-18 leading-17 user-text-lg:text-22 user-text-xl:text-24\">Die Trafostation an der Mauthalle stellt gleichzeitig eine Besonderheit dar \u2013 insgesamt gebe es nur sieben solcher unterirdischen Stationen in N\u00fcrnberg. Eine weitere liegt etwa unter dem Wetterh\u00e4uschen an der Lorenzkirche. Diese wurde bereits 2023 saniert.<\/p>\n","protected":false},"excerpt":{"rendered":"Mitten in der Fu\u00dfg\u00e4ngerzone Warum in der K\u00f6nigstra\u00dfe gerade ein Loch gegraben wird Aktualisiert am 18.03.2026 &#8211; 22:21&hellip;\n","protected":false},"author":2,"featured_media":879259,"comment_status":"","ping_status":"","sticky":false,"template":"","format":"standard","meta":{"footnotes":"","_share_on_mastodon":"0"},"categories":[1837],"tags":[2461,772,3364,29,3195,45057,30,6139,109212,3783],"class_list":["post-879258","post","type-post","status-publish","format-standard","has-post-thumbnail","category-nuernberg","tag-baustelle","tag-bayern","tag-de","tag-deutschland","tag-fussgaengerzone","tag-galeria-kaufhof","tag-germany","tag-koenigstrasse","tag-mauthalle","tag-nuernberg"],"share_on_mastodon":{"url":"https:\/\/pubeurope.com\/@de\/116252848285054588","error":""},"_links":{"self":[{"href":"https:\/\/www.europesays.com\/de\/wp-json\/wp\/v2\/posts\/879258","targetHints":{"allow":["GET"]}}],"collection":[{"href":"https:\/\/www.europesays.com\/de\/wp-json\/wp\/v2\/posts"}],"about":[{"href":"https:\/\/www.europesays.com\/de\/wp-json\/wp\/v2\/types\/post"}],"author":[{"embeddable":true,"href":"https:\/\/www.europesays.com\/de\/wp-json\/wp\/v2\/users\/2"}],"replies":[{"embeddable":true,"href":"https:\/\/www.europesays.com\/de\/wp-json\/wp\/v2\/comments?post=879258"}],"version-history":[{"count":0,"href":"https:\/\/www.europesays.com\/de\/wp-json\/wp\/v2\/posts\/879258\/revisions"}],"wp:featuredmedia":[{"embeddable":true,"href":"https:\/\/www.europesays.com\/de\/wp-json\/wp\/v2\/media\/879259"}],"wp:attachment":[{"href":"https:\/\/www.europesays.com\/de\/wp-json\/wp\/v2\/media?parent=879258"}],"wp:term":[{"taxonomy":"category","embeddable":true,"href":"https:\/\/www.europesays.com\/de\/wp-json\/wp\/v2\/categories?post=879258"},{"taxonomy":"post_tag","embeddable":true,"href":"https:\/\/www.europesays.com\/de\/wp-json\/wp\/v2\/tags?post=879258"}],"curies":[{"name":"wp","href":"https:\/\/api.w.org\/{rel}","templated":true}]}}