{"id":879425,"date":"2026-03-19T01:19:16","date_gmt":"2026-03-19T01:19:16","guid":{"rendered":"https:\/\/www.europesays.com\/de\/879425\/"},"modified":"2026-03-19T01:19:16","modified_gmt":"2026-03-19T01:19:16","slug":"tuerkspor-dortmund-zieht-den-kuerzeren-gegen-sg-wattenscheid","status":"publish","type":"post","link":"https:\/\/www.europesays.com\/de\/879425\/","title":{"rendered":"T\u00fcrkspor Dortmund zieht den K\u00fcrzeren gegen SG Wattenscheid"},"content":{"rendered":"<p>                                Spielinfos:<br \/>\nDatum &amp; Uhrzeit: 14.03.2026 17.00 Uhr<br \/>Austragungsort: Bochum<br \/>Wettbewerb: Oberliga Westfalen<br \/>Spieltag: 26<\/p>\n<p>Spielbericht: SG Wattenscheid gegen T\u00fcrkspor Dortmund 2:0 (0:0)<\/p>\n<p id=\"absatz2\" class=\"em_text\">Bochum. Diese Partie d\u00fcrfte Dortmund-Trainer Cosar Coskun; Aldin Kljajic nicht erfreuen: Beim Aufeinandertreffen mit der SG Wattenscheid muss sich seine Mannschaft 2:0 geschlagen geben. Schiri Sven Wensing hat gut zu tun. Alles in Allem sechs Karten kommen in dieser turbulenten Partie zum Einsatz.<\/p>\n<p id=\"absatz3\" class=\"em_text\">Im ersten Durchlauf sind alle Anstrengungen vergebens, sodass beide Mannschaften null zu null in die zweite Spielh\u00e4lfte starten. Die Bochumer Hausherren k\u00f6nnen zum Ende der zweiten Halbzeit endlich in F\u00fchrung zu gehen. Dank Finn Wortmann liegt das Team in der 66. Spielminute endlich vorne.<\/p>\n<p id=\"absatz4\" class=\"em_text\">In der verbleibenden Spielzeit versuchen beide Teams durch Auswechslung nochmal frische Impulse zu setzen. Atakan Uzunbas ersetzt Berkan Firat und Nils Da Costa Pereira f\u00fcr Kevin Schacht. Auf der Gastseite springen Ilyas Khattari f\u00fcr Serdar Bing\u00f6l und Steven Kodra f\u00fcr Oguzhan Kefkir ein. Eine Aktion, die sich f\u00fcr die Hausherren auszahlen soll.<\/p>\n<p id=\"absatz5\" class=\"em_text\">Den Bochumern gelingt es ganz knapp vor Ende der Partie, noch einmal einzunetzen und den Abstand auszubauen. Nils Da Costa Pereira kann sieben Minuten vor Schlusspfiff effektiv abschlie\u00dfen. Die SG Wattenscheid entscheidet die Partie f\u00fcr sich.<\/p>\n<p id=\"absatz6\" class=\"em_text\">Tore fallen keine mehr.<\/p>\n<p>Die Aufstellungen: SG Wattenscheid &#8211; T\u00fcrkspor Dortmund<br \/>\nSG Wattenscheid: Robert Tochukwu Nnaji (8), Joshua Mro\u00df (1), Ilias Anan (7), Kevin Schacht (9), Emirhan Hacioglu (21), Berkan Firat (10), Joey Gabriel (5), Eduard Renke (17), Albin Thaqi (37), Tom Sindermann (6), Steve Tunga (26)<br \/>T\u00fcrkspor Dortmund: David Belenzada (4), Brayan Sosa (24), Sezer Toy (6), Alessandro Tomasello (10), Hayrullah Alici (23), Sercan Calik (21), Halil Can Dogan (77), Oguzhan Kefkir (38), Tolunay Isik (37), Serdar Bing\u00f6l (3), \u00d6mer Akman (42)<br \/>Schiedsrichter: Sven Wensing<\/p>\n<p id=\"absatz7\" class=\"em_text\">Assistent: Nick Schitzik<\/p>\n<p id=\"absatz8\" class=\"em_text\">Assistent: Justin Boom<\/p>\n<p id=\"absatz9\" class=\"em_text\" style=\"font-size: .8em;\">Die Inhalte dieses Berichts wurden automatisch auf der Basis von DFB-Daten zusammengestellt.<\/p>\n","protected":false},"excerpt":{"rendered":"Spielinfos: Datum &amp; Uhrzeit: 14.03.2026 17.00 UhrAustragungsort: BochumWettbewerb: Oberliga WestfalenSpieltag: 26 Spielbericht: SG Wattenscheid gegen T\u00fcrkspor Dortmund 2:0&hellip;\n","protected":false},"author":2,"featured_media":879426,"comment_status":"","ping_status":"","sticky":false,"template":"","format":"standard","meta":{"footnotes":"","_share_on_mastodon":"0"},"categories":[1833],"tags":[7763,7507,194015,3364,29,217,176104,5282,30,56580,734,7774,1613,1209,12006,194014,17712,7773,7765,139362,94752,7764,35662,8404],"class_list":["post-879425","post","type-post","status-publish","format-standard","has-post-thumbnail","category-dortmund","tag-austragungsort","tag-bochum","tag-costa-pereira","tag-de","tag-deutschland","tag-dortmund","tag-finn-wortmann","tag-fuball","tag-germany","tag-kevin-schacht","tag-meta_artikelklasse_nachricht","tag-meta_themen_sport","tag-meta_userneeds_informieremich","tag-nordrhein-westfalen","tag-oberliga","tag-serdar-bingl","tag-serie_ligaid_210198","tag-serie_ligaid_all","tag-spielinfo","tag-sven-wensing","tag-trkspor","tag-uhrzeit","tag-wattenscheid","tag-westfalen"],"share_on_mastodon":{"url":"https:\/\/pubeurope.com\/@de\/116253213773320554","error":""},"_links":{"self":[{"href":"https:\/\/www.europesays.com\/de\/wp-json\/wp\/v2\/posts\/879425","targetHints":{"allow":["GET"]}}],"collection":[{"href":"https:\/\/www.europesays.com\/de\/wp-json\/wp\/v2\/posts"}],"about":[{"href":"https:\/\/www.europesays.com\/de\/wp-json\/wp\/v2\/types\/post"}],"author":[{"embeddable":true,"href":"https:\/\/www.europesays.com\/de\/wp-json\/wp\/v2\/users\/2"}],"replies":[{"embeddable":true,"href":"https:\/\/www.europesays.com\/de\/wp-json\/wp\/v2\/comments?post=879425"}],"version-history":[{"count":0,"href":"https:\/\/www.europesays.com\/de\/wp-json\/wp\/v2\/posts\/879425\/revisions"}],"wp:featuredmedia":[{"embeddable":true,"href":"https:\/\/www.europesays.com\/de\/wp-json\/wp\/v2\/media\/879426"}],"wp:attachment":[{"href":"https:\/\/www.europesays.com\/de\/wp-json\/wp\/v2\/media?parent=879425"}],"wp:term":[{"taxonomy":"category","embeddable":true,"href":"https:\/\/www.europesays.com\/de\/wp-json\/wp\/v2\/categories?post=879425"},{"taxonomy":"post_tag","embeddable":true,"href":"https:\/\/www.europesays.com\/de\/wp-json\/wp\/v2\/tags?post=879425"}],"curies":[{"name":"wp","href":"https:\/\/api.w.org\/{rel}","templated":true}]}}