{"id":879479,"date":"2026-03-19T01:48:13","date_gmt":"2026-03-19T01:48:13","guid":{"rendered":"https:\/\/www.europesays.com\/de\/879479\/"},"modified":"2026-03-19T01:48:13","modified_gmt":"2026-03-19T01:48:13","slug":"antonio-ruediger-wenn-ich-mit-absicht-gefoult-haette-waere-er-nicht-wieder-aufgestanden","status":"publish","type":"post","link":"https:\/\/www.europesays.com\/de\/879479\/","title":{"rendered":"Antonio R\u00fcdiger: \u201eWenn ich mit Absicht gefoult h\u00e4tte, w\u00e4re er nicht wieder aufgestanden\u201c"},"content":{"rendered":"<p>Real Madrids Antonio R\u00fcdiger steht nach seinem brutalen Foul gegen Diego Rico vom FC Getafe in der Kritik. Dem deutschen Nationalspieler wird Absicht vorgeworfen. Er geht nun zum verbalen Gegenangriff \u00fcber.<\/p>\n<p class=\"is-first-paragraph\" data-external=\"Article.FirstParagraph\">Er steht nicht zum ersten Mal in der Diskussion. Antonio R\u00fcdiger hatte in den vergangenen Jahren mit unbeherrschten Aktionen und brutalen Foulspielen immer wieder f\u00fcr Schlagzeilen gesorgt. <\/p>\n<p>Nach einem brutalen Foulspiel im Ligaspiel gegen Getafe war der \u00c4rger mal wieder gro\u00df, und so sah sich der deutsche Fu\u00dfball-Nationalspieler von <a class=\"is-link c-block-items__link c-link--rich-text-renderer\" href=\"https:\/\/www.welt.de\/sport\/fussball\/article69b6aceafc05063917a4c0f8\/real-madrid-tor-aus-68-metern-arda-gueler-versetzt-das-bernabeu-in-ekstase.html\" data-internal-tracking-enabled=\"true\" data-internal-tracking=\"{&quot;action&quot;:&quot;click&quot;,&quot;label&quot;:&quot;link&quot;,&quot;name&quot;:&quot;Inline Element&quot;,&quot;data&quot;:{&quot;source&quot;:&quot;&quot;,&quot;target&quot;:&quot;https:\/\/www.welt.de\/sport\/fussball\/article69b6aceafc05063917a4c0f8\/real-madrid-tor-aus-68-metern-arda-gueler-versetzt-das-bernabeu-in-ekstase.html&quot;,&quot;trackingName&quot;:&quot;&quot;,&quot;trackingLabel&quot;:&quot;&quot;}}\" rel=\"nofollow noopener\" target=\"_blank\">Real Madrid<\/a> mit Vorw\u00fcrfen seines Gegenspielers Diego Rico konfrontiert, <a class=\"is-link c-block-items__link c-link--rich-text-renderer\" href=\"https:\/\/www.welt.de\/sport\/fussball\/article69a7e0e7ad41f3cd65a1bd91\/real-madrid-antonio-ruedigers-opfer-erhebt-nach-brutalem-foul-schwere-vorwuerfe.html\" data-internal-tracking-enabled=\"true\" data-internal-tracking=\"{&quot;action&quot;:&quot;click&quot;,&quot;label&quot;:&quot;link&quot;,&quot;name&quot;:&quot;Inline Element&quot;,&quot;data&quot;:{&quot;source&quot;:&quot;&quot;,&quot;target&quot;:&quot;https:\/\/www.welt.de\/sport\/fussball\/article69a7e0e7ad41f3cd65a1bd91\/real-madrid-antonio-ruedigers-opfer-erhebt-nach-brutalem-foul-schwere-vorwuerfe.html&quot;,&quot;trackingName&quot;:&quot;&quot;,&quot;trackingLabel&quot;:&quot;&quot;}}\" rel=\"nofollow noopener\" target=\"_blank\">er habe absichtlich und boshaft gefoult<\/a>.<\/p>\n<p>R\u00fcdiger wies dies nun vehement zur\u00fcck.  \u201eWenn man sich nat\u00fcrlich die Bilder in Zeitlupe anschaut, dann sieht es schlimm aus. Das will ich nicht herunterspielen\u201c, sagte R\u00fcdiger in der Pressekonferenz vor dem Achtelfinal-R\u00fcckspiel in der Champions League am Dienstag (21.00 Uhr\/DAZN) gegen Manchester City und ging zum verbalen Gegenangriff \u00fcber. <\/p>\n<p>\u201eSo wie er nach dem Spiel geredet hat, k\u00f6nnte man meinen, ich h\u00e4tte ihn umgebracht\u201c, sagte der 33-J\u00e4hrige, der mit Real nach dem 3:0-Erfolg im Hinspiel vor dem Einzug ins Viertelfinale der K\u00f6nigsklasse steht.<\/p>\n<p><b>Abonnieren Sie WELTMeister bei <\/b><a class=\"is-link c-block-items__link is-external c-link--rich-text-renderer\" href=\"https:\/\/open.spotify.com\/show\/7CX3rSNRL11YEnW7IzkWIS?si=82f337b82c6b4e32&amp;nd=1&amp;dlsi=56417d9ce6fc406c\" target=\"_blank\" title=\"(Link wird in einem neuen Tab ge\u00f6ffnet)\" rel=\"nofollow noopener\" data-internal-tracking-enabled=\"true\" data-internal-tracking=\"{&quot;action&quot;:&quot;click&quot;,&quot;label&quot;:&quot;link&quot;,&quot;name&quot;:&quot;Inline Element&quot;,&quot;data&quot;:{&quot;source&quot;:&quot;&quot;,&quot;target&quot;:&quot;https:\/\/open.spotify.com\/show\/7CX3rSNRL11YEnW7IzkWIS?si=82f337b82c6b4e32&amp;nd=1&amp;dlsi=56417d9ce6fc406c&quot;,&quot;trackingName&quot;:&quot;&quot;,&quot;trackingLabel&quot;:&quot;&quot;}}\"><b>Spotify<\/b><\/a><b>, <\/b><a class=\"is-link c-block-items__link is-external c-link--rich-text-renderer\" href=\"https:\/\/podcasts.apple.com\/de\/podcast\/weltmeister\/id1852960967\" target=\"_blank\" title=\"(Link wird in einem neuen Tab ge\u00f6ffnet)\" rel=\"nofollow noopener\" data-internal-tracking-enabled=\"true\" data-internal-tracking=\"{&quot;action&quot;:&quot;click&quot;,&quot;label&quot;:&quot;link&quot;,&quot;name&quot;:&quot;Inline Element&quot;,&quot;data&quot;:{&quot;source&quot;:&quot;&quot;,&quot;target&quot;:&quot;https:\/\/podcasts.apple.com\/de\/podcast\/weltmeister\/id1852960967&quot;,&quot;trackingName&quot;:&quot;&quot;,&quot;trackingLabel&quot;:&quot;&quot;}}\"><b>Apple Podcasts<\/b><\/a><b> oder direkt per <\/b><a class=\"is-link c-block-items__link is-external c-link--rich-text-renderer\" href=\"https:\/\/weltmeister.podigee.io\/feed\/mp3\" target=\"_blank\" title=\"(Link wird in einem neuen Tab ge\u00f6ffnet)\" rel=\"nofollow noopener\" data-internal-tracking-enabled=\"true\" data-internal-tracking=\"{&quot;action&quot;:&quot;click&quot;,&quot;label&quot;:&quot;link&quot;,&quot;name&quot;:&quot;Inline Element&quot;,&quot;data&quot;:{&quot;source&quot;:&quot;&quot;,&quot;target&quot;:&quot;https:\/\/weltmeister.podigee.io\/feed\/mp3&quot;,&quot;trackingName&quot;:&quot;&quot;,&quot;trackingLabel&quot;:&quot;&quot;}}\"><b>RSS-Feed<\/b><\/a><b>.<\/b><\/p>\n<p>Bei der 0:1-Niederlage Anfang M\u00e4rz gegen Getafe in der spanischen Liga hatte R\u00fcdiger Mitte der ersten H\u00e4lfte den am Boden liegenden Rico mit dem Knie im Gesicht getroffen. Das Einsteigen des Deutschen wurde vom Schiedsrichter aber nicht geahndet. Auch der Videoschiedsrichter schritt nicht ein. \u201eIch mag es, hart zu spielen. Aber auch ich habe Grenzen\u201c, sagte der Verteidiger. Es sei nie seine Absicht gewesen, den Spanier absichtlich zu foulen. <\/p>\n<p>Ricos Vorwurf an R\u00fcdiger<\/p>\n<p>Diego Rico hatte R\u00fcdiger nach der Partie Brutalit\u00e4t vorgeworfen: \u201eKein anderer Profi w\u00fcrde mit solcher Boshaftigkeit auf einen am Boden liegenden Spieler losgehen und ihn mit dem Knie so brutal treffen, wenn der Ball gar nicht in diesem Bereich war.\u201c <\/p>\n<p>Im Vorfeld der viel diskutierten Szene habe R\u00fcdiger bereits auf ihn eingeredet: \u201eDann, gleich im n\u00e4chsten Spielzug, kam der Ball zu mir, und man konnte sehen, wie er seinen Mitspieler praktisch aus dem Weg r\u00e4umte, um mir das Gesicht einzuschlagen\u201c, sagte Rico. Der Linksverteidiger musste nach der Aktion behandelt werden, konnte das Spiel aber beenden.<\/p>\n<p>Er habe Diego Rico nicht wehtun wollen, sagte R\u00fcdiger nun und f\u00fcgte s\u00fcffisant an: \u201eWenn ich ihn mit Absicht gefoult h\u00e4tte, w\u00e4re er nicht wieder aufgestanden.\u201c<\/p>\n<p>lw\u00f6<\/p>\n","protected":false},"excerpt":{"rendered":"Real Madrids Antonio R\u00fcdiger steht nach seinem brutalen Foul gegen Diego Rico vom FC Getafe in der Kritik.&hellip;\n","protected":false},"author":2,"featured_media":879480,"comment_status":"","ping_status":"","sticky":false,"template":"","format":"standard","meta":{"footnotes":"","_share_on_mastodon":"0"},"categories":[136],"tags":[29058,29,50501,194033,30,3349,29057,482,265,45],"class_list":["post-879479","post","type-post","status-publish","format-standard","has-post-thumbnail","category-sport","tag-antonio","tag-deutschland","tag-deutschland-fussballnationalmannschaft","tag-fouls-ks","tag-germany","tag-real-madrid","tag-ruediger","tag-schiedsrichter","tag-sport","tag-texttospeech"],"share_on_mastodon":{"url":"https:\/\/pubeurope.com\/@de\/116253327762786036","error":""},"_links":{"self":[{"href":"https:\/\/www.europesays.com\/de\/wp-json\/wp\/v2\/posts\/879479","targetHints":{"allow":["GET"]}}],"collection":[{"href":"https:\/\/www.europesays.com\/de\/wp-json\/wp\/v2\/posts"}],"about":[{"href":"https:\/\/www.europesays.com\/de\/wp-json\/wp\/v2\/types\/post"}],"author":[{"embeddable":true,"href":"https:\/\/www.europesays.com\/de\/wp-json\/wp\/v2\/users\/2"}],"replies":[{"embeddable":true,"href":"https:\/\/www.europesays.com\/de\/wp-json\/wp\/v2\/comments?post=879479"}],"version-history":[{"count":0,"href":"https:\/\/www.europesays.com\/de\/wp-json\/wp\/v2\/posts\/879479\/revisions"}],"wp:featuredmedia":[{"embeddable":true,"href":"https:\/\/www.europesays.com\/de\/wp-json\/wp\/v2\/media\/879480"}],"wp:attachment":[{"href":"https:\/\/www.europesays.com\/de\/wp-json\/wp\/v2\/media?parent=879479"}],"wp:term":[{"taxonomy":"category","embeddable":true,"href":"https:\/\/www.europesays.com\/de\/wp-json\/wp\/v2\/categories?post=879479"},{"taxonomy":"post_tag","embeddable":true,"href":"https:\/\/www.europesays.com\/de\/wp-json\/wp\/v2\/tags?post=879479"}],"curies":[{"name":"wp","href":"https:\/\/api.w.org\/{rel}","templated":true}]}}