{"id":879658,"date":"2026-03-19T03:31:19","date_gmt":"2026-03-19T03:31:19","guid":{"rendered":"https:\/\/www.europesays.com\/de\/879658\/"},"modified":"2026-03-19T03:31:19","modified_gmt":"2026-03-19T03:31:19","slug":"wie-ein-telgter-um-sein-nicht-genehmigtes-kleinspielfeld-kaempft","status":"publish","type":"post","link":"https:\/\/www.europesays.com\/de\/879658\/","title":{"rendered":"Wie ein Telgter um sein nicht genehmigtes Kleinspielfeld k\u00e4mpft"},"content":{"rendered":"<p>Ein Mann aus Telgte k\u00e4mpft um sein Kleinspielfeld: Nun entscheidet der Petitionsausschuss \u00fcber die Zukunft der Anlage.<\/p>\n<p>Telgte (gl) &#8211; Vielleicht ist der Sommer f\u00fcr die Kinder des Kleinspielfeld-Erbauers in Telgte doch noch gerettet. Der Vater hat jetzt den Petitionsausschuss des Landtags mit der Bitte um Kl\u00e4rung angerufen. Egal, wie diese Entscheidung ausf\u00e4llt \u2013 sie kann Monate dauern. Vermutlich etwas zum Verdruss\u2026<\/p>\n<p>            <img decoding=\"async\" src=\"https:\/\/www.die-glocke.de\/typo3conf\/ext\/bo_dieglocke_template\/Resources\/Public\/Images\/logo\/glocke_plus_icon.svg\" class=\"pwTopImage\" alt=\"Glocke Plus\"\/><\/p>\n<p>                Glocke Plus Artikel<\/p>\n<p class=\"card-text equal-height text-center\" data-equalheightgroup=\"1\">\n                Jetzt weiterlesen mit G+ Abo, Angebot ausw\u00e4hlen oder anmelden.\n            <\/p>\n<tr>\n<tr>\n<td class=\"w-25px p-1\">\n<\/td>\n<td class=\"p-1\">\n                                            79,00 \u20ac (ab dem 13. Monat zzt. 7,90 \u20ac mtl.)&#13;<\/p>\n<\/td>\n<\/tr>\n<tr>\n<td class=\"w-25px p-1\">\n<\/td>\n<td class=\"p-1\">\n                                            Mindestlaufzeit 12 Monate&#13;<\/p>\n<\/td>\n<\/tr>\n<tr>\n<td class=\"w-25px p-1\">\n<\/td>\n<td class=\"p-1\">\n                                            nach 12 Monaten monatlich k\u00fcndbar<\/p>\n<\/td>\n<\/tr>\n<\/tr>\n<p>\n                    79,00 \u20ac f\u00fcr 12 Monate\n                <\/p>\n<p>                        <a class=\"paywall_order_btn-668975\" href=\"https:\/\/www.die-glocke.de\/abo\/abo-shop\/digital\/digital-plus\/g-plus-jahresabo?upscore_object_id=6a7cc183-6d7c-4ca9-99ff-eadd5d281003-Portal&amp;upscore_offer_id=&amp;upscore_click_id=&amp;upscore_object_url=https%3A%2F%2Fwww.die-glocke.de%2Fkreis-warendorf%2Feverswinkel-telgte-ostbevern%2Fartikel%2Fstreit-um-kleinspielfeld-in-telgte-geht-in-verlaengerung-1773852968\" rel=\"nofollow noopener\" target=\"_blank\"><\/p>\n<p>                                Jetzt bestellen<\/p>\n<p>                        <\/a><\/p>\n<tr>\n<tr>\n<td class=\"w-25px p-1\">\n<\/td>\n<td class=\"p-1\">\n                                            Alle Plus-Artikel auf www.die-glocke.de lesen&#13;<\/p>\n<\/td>\n<\/tr>\n<tr>\n<td class=\"w-25px p-1\">\n<\/td>\n<td class=\"p-1\">\n                                            f\u00fcr 0,99 \u20ac im ersten Monat testen&#13;<\/p>\n<\/td>\n<\/tr>\n<tr>\n<td class=\"w-25px p-1\">\n<\/td>\n<td class=\"p-1\">\n                                            Danach 7,90 \u20ac mtl.&#13;<\/p>\n<\/td>\n<\/tr>\n<tr>\n<td class=\"w-25px p-1\">\n<\/td>\n<td class=\"p-1\">\n                                            Monatlich k\u00fcndbar<\/p>\n<\/td>\n<\/tr>\n<\/tr>\n<p>\n                    0,99 \u20ac im 1. Monat\n                <\/p>\n<p>                        <a class=\"paywall_order_btn-668975\" href=\"https:\/\/www.die-glocke.de\/abo\/abo-shop\/digital\/digital-plus\/g-plus-monatsabo?upscore_object_id=6a7cc183-6d7c-4ca9-99ff-eadd5d281003-Portal&amp;upscore_offer_id=&amp;upscore_click_id=&amp;upscore_object_url=https%3A%2F%2Fwww.die-glocke.de%2Fkreis-warendorf%2Feverswinkel-telgte-ostbevern%2Fartikel%2Fstreit-um-kleinspielfeld-in-telgte-geht-in-verlaengerung-1773852968\" rel=\"nofollow noopener\" target=\"_blank\"><\/p>\n<p>                                Jetzt bestellen<\/p>\n<p>                        <\/a><\/p>\n<p>                        Bereits G+ Abonnent? Hier anmelden<\/p>\n<p>Texte und Fotos von die-glocke.de sind urheberrechtlich gesch\u00fctzt.<br \/>\n            Weiterverwendung nur mit Genehmigung der Chefredaktion.<\/p>\n","protected":false},"excerpt":{"rendered":"Ein Mann aus Telgte k\u00e4mpft um sein Kleinspielfeld: Nun entscheidet der Petitionsausschuss \u00fcber die Zukunft der Anlage. Telgte&hellip;\n","protected":false},"author":2,"featured_media":879659,"comment_status":"","ping_status":"","sticky":false,"template":"","format":"standard","meta":{"footnotes":"","_share_on_mastodon":"0"},"categories":[1843],"tags":[3364,29,42930,30,109884,1985,8970,1209,70677,55998],"class_list":["post-879658","post","type-post","status-publish","format-standard","has-post-thumbnail","category-muenster","tag-de","tag-deutschland","tag-fussballplatz","tag-germany","tag-kleinspielfeld","tag-landtag","tag-muenster","tag-nordrhein-westfalen","tag-petitionsausschuss","tag-telgte"],"share_on_mastodon":{"url":"https:\/\/pubeurope.com\/@de\/116253732901027303","error":""},"_links":{"self":[{"href":"https:\/\/www.europesays.com\/de\/wp-json\/wp\/v2\/posts\/879658","targetHints":{"allow":["GET"]}}],"collection":[{"href":"https:\/\/www.europesays.com\/de\/wp-json\/wp\/v2\/posts"}],"about":[{"href":"https:\/\/www.europesays.com\/de\/wp-json\/wp\/v2\/types\/post"}],"author":[{"embeddable":true,"href":"https:\/\/www.europesays.com\/de\/wp-json\/wp\/v2\/users\/2"}],"replies":[{"embeddable":true,"href":"https:\/\/www.europesays.com\/de\/wp-json\/wp\/v2\/comments?post=879658"}],"version-history":[{"count":0,"href":"https:\/\/www.europesays.com\/de\/wp-json\/wp\/v2\/posts\/879658\/revisions"}],"wp:featuredmedia":[{"embeddable":true,"href":"https:\/\/www.europesays.com\/de\/wp-json\/wp\/v2\/media\/879659"}],"wp:attachment":[{"href":"https:\/\/www.europesays.com\/de\/wp-json\/wp\/v2\/media?parent=879658"}],"wp:term":[{"taxonomy":"category","embeddable":true,"href":"https:\/\/www.europesays.com\/de\/wp-json\/wp\/v2\/categories?post=879658"},{"taxonomy":"post_tag","embeddable":true,"href":"https:\/\/www.europesays.com\/de\/wp-json\/wp\/v2\/tags?post=879658"}],"curies":[{"name":"wp","href":"https:\/\/api.w.org\/{rel}","templated":true}]}}