{"id":879778,"date":"2026-03-19T04:42:16","date_gmt":"2026-03-19T04:42:16","guid":{"rendered":"https:\/\/www.europesays.com\/de\/879778\/"},"modified":"2026-03-19T04:42:16","modified_gmt":"2026-03-19T04:42:16","slug":"senegals-titel-aberkannt-africa-cup-entscheidung-sorgt-weltweit-fuer-spott-und-empoerung","status":"publish","type":"post","link":"https:\/\/www.europesays.com\/de\/879778\/","title":{"rendered":"Senegals Titel aberkannt: Africa-Cup-Entscheidung sorgt weltweit f\u00fcr Spott und Emp\u00f6rung"},"content":{"rendered":"<p>            <img loading=\"lazy\" decoding=\"async\" class=\"ts-image\" src=\"https:\/\/www.europesays.com\/de\/wp-content\/uploads\/2026\/03\/senegal-marokko-100.jpg\" alt=\"Senegals Sadio Mane und marokkanische Spieler im Gespr\u00e4ch mit dem Schiedsrichter\" title=\"Senegals Sadio Mane und marokkanische Spieler im Gespr\u00e4ch mit dem Schiedsrichter | StephaneMantey\/WITTERS\"\/><\/p>\n<p class=\"metatextline\">Stand: 18.03.2026 \u2022 19:54 Uhr<\/p>\n<p class=\"article-head__shorttext\">\n        <strong>58 Tage nach dem Finale des Afrika-Cups entschied der afrikanische Fu\u00dfballverband (CAF), Senegal den Titel abzuerkennen. Die Entscheidung f\u00fcr Marokko versetzt den Weltfu\u00dfball in Aufruhr.<\/strong>\n    <\/p>\n<p class=\"textabsatz m-ten m-offset-one l-eight l-offset-two columns twelve\">Das Finale des Afrika-Cups in Marokko wurde im Januar zur B\u00fchne eines der gr\u00f6\u00dften sportlichen Skandale des Kontinents. Nach einem umstrittenen Elfmeterpfiff zugunsten Marokkos in der Nachspielzeit hatte Senegals Mannschaft fast geschlossen den Platz verlassen. Weil Brahim Diaz den Elfmeter nach der R\u00fcckkehr der Senegalesen verschoss, ging das Spiel in die Verl\u00e4ngerung, die Pape Gueye schlie\u00dflich zugunsten Senegals entschied.<\/p>\n<p class=\"textabsatz m-ten m-offset-one l-eight l-offset-two columns twelve\">Die Marokkaner legten anschlie\u00dfend Einspruch ein, der vorerst abgewiesen wurde. 58 Tage sp\u00e4ter folgte nun die n\u00e4chste Eskalation: <a href=\"https:\/\/www.sportschau.de\/fussball\/senegals-afrika-cup-titel-aberkannt-marokko-neuer-sieger,afrika-cup-titel-senegal-aberkannt-100.html\" title=\"Afrika-Cup: Senegals Titel aberkannt, Marokko neuer Champion\" rel=\"nofollow noopener\" target=\"_blank\">Der afrikanische Fu\u00dfballverband CAF erkannte Senegal doch noch den Titel ab und erkl\u00e4rte Marokko nachtr\u00e4glich zum Sieger.<\/a><\/p>\n<p>    Senegals Spieler verspotten Verband<\/p>\n<p class=\"textabsatz m-ten m-offset-one l-eight l-offset-two columns twelve\">Auf diese umstrittene Entscheidung reagierten einige der senegalesischen Spieler mit deutlichen Worten. &#8222;Wir wissen, was wir an jenem Abend in Rabat erlebt haben. Und das kann uns niemand nehmen&#8220;, lie\u00df Idrissa Gueye verlauten. Moussa Niakhate setzte auf Provokation: &#8222;Kommt und holt sie euch! Die sind doch verr\u00fcckt!\u201c, schrieb er in seiner Instagram-Story zu einem Bild, auf dem der Innenverteidiger von Olympique Lyon mit der AFCON-Troph\u00e4e posiert.<\/p>\n<p class=\"textabsatz m-ten m-offset-one l-eight l-offset-two columns twelve\">Mitspieler El Hadji Malick Diouf schrieb \u00fcber Instagram: &#8222;Diese Troph\u00e4e gewinnt man auf dem gr\u00fcnen Rechteck, aber nicht per E-Mail.&#8220; Path\u00e9 Ciss stichelte auf &#8222;X&#8220;: &#8222;Ihr k\u00f6nnt den Heulsusen ruhig noch drei Tore geben.&#8220;<\/p>\n<p class=\"textabsatz m-ten m-offset-one l-eight l-offset-two columns twelve\">Der Tenor ist klar: Senegal sieht sich wenig \u00fcberraschend weiterhin als legitimen Sieger und das eben auch &#8222;in den Augen der ganzen Welt&#8220;, wie Yehvann Diouf \u00fcber Instagram formulierte.<\/p>\n<p>    Marokkanische Stars verbergen ihre Freude<\/p>\n<p class=\"textabsatz m-ten m-offset-one l-eight l-offset-two columns twelve\">Die marokkanischen Spieler blieben indes auff\u00e4llig zur\u00fcckhaltend. Spieler wie Stuttgarts Bilal El Khannouss, Yassine Bounou und Noussair Mazraoui \u00e4u\u00dferten sich \u00f6ffentlich noch nicht. Auch die Weltstars Achraf Hakimi oder Brahim Diaz, die am Dienstagabend zum Zeitpunkt der Entscheidung in der Champions League auf dem Platz standen, verzichteten auf Statements in den sozialen Medien.<\/p>\n<p class=\"textabsatz m-ten m-offset-one l-eight l-offset-two columns twelve\">Zumindest Real Madrids Diaz war die Freude ins Gesicht geschrieben, als er nach dem 1:2-Sieg im Stadion in Manchester \u00fcbers Feld lief. Der Turniersieg w\u00fcrde nicht nur den ersten Titel seit 1976 f\u00fcr die marokkanische Nationalmannschaft bedeuten, sondern auch seinen verschossenen Elfmeter im Finale weitgehend vergessen machen.<\/p>\n<p class=\"textabsatz m-ten m-offset-one l-eight l-offset-two columns twelve\">Der marokkanische Verband rechtfertigte die Entscheidung des CAF. Sie sei keine Abwertung sportlicher Leistungen, sondern die konsequente Anwendung der Regeln gewesen.<\/p>\n<p>    Internationale Kritik am CAF<\/p>\n<p class=\"textabsatz m-ten m-offset-one l-eight l-offset-two columns twelve\">Wie zu erwarten dominierten in den senegalesischen Medien die kritischen Stimmen: &#8222;Der Witz des Jahrhunderts!&#8220;, schrieb &#8222;Le Soleil&#8220;, w\u00e4hrend &#8222;Le Dakarois&#8220; schlicht von einem &#8222;Skandal&#8220; sprach. Auch internationale Kritik lie\u00df nicht lange auf sich warten. Der ehemalige englische U21-Nationalspieler Nigel Reo-Coker fand bei &#8222;CBS Sports Golazo&#8220; deutliche Worte: Der Afrika-Cup sei &#8222;eine Blamage&#8220;, ein weiterer Grund, warum der Wettbewerb negativ wahrgenommen werde.<\/p>\n<p class=\"textabsatz m-ten m-offset-one l-eight l-offset-two columns twelve\">Auch europ\u00e4ische Medien blickten fassungslos auf das Urteil. &#8222;L\u2019\u00c9quipe&#8220; aus Frankreich nennt die Entscheidung einen &#8222;Donnerschlag&#8220;, die spanische &#8222;Marca&#8220; sprach vom &#8222;Chaos des Jahrhunderts&#8220; und betont, dass dieses Turnier nicht wegen sportlicher Momente, sondern wegen einer B\u00fcroentscheidung in Erinnerung bleiben werde.<\/p>\n<p class=\"textabsatz m-ten m-offset-one l-eight l-offset-two columns twelve\">Auch der deutsch-franz\u00f6sische Nationaltrainer des Benin, Gernot Rohr, war entsetzt: &#8222;Ich finde es bedauerlich f\u00fcr den Fu\u00dfball in Afrika und der ganzen Welt, dass so etwas passiert ist. Man stelle sich vor, wie sich die Spieler des Senegal f\u00fchlen m\u00fcssen, die jetzt zwei Monate sp\u00e4ter den Titel weggenommen bekommen. Das ist fast unmenschlich.&#8220;<\/p>\n<p>    Und was sagt die FIFA?<\/p>\n<p class=\"textabsatz m-ten m-offset-one l-eight l-offset-two columns twelve\">Die FIFA kommentierte die Entscheidung nicht weiter. Pr\u00e4sident Gianni Infantino hatte die Tumulte auf und neben dem Platz bereits nach dem Endspiel kritisiert. &#8222;Es ist inakzeptabel, das Spielfeld auf diese Weise zu verlassen, und Gewalt darf in unserem Sport nicht toleriert werden&#8220;, kritisierte der Schweizer das Verhalten der Senegalesen damals. Generell ist keine Kritik des Weltverbands zu erwarten: CAF-Pr\u00e4sident Patrice Motsepe gilt als sein enger Vertrauter.<\/p>\n","protected":false},"excerpt":{"rendered":"Stand: 18.03.2026 \u2022 19:54 Uhr 58 Tage nach dem Finale des Afrika-Cups entschied der afrikanische Fu\u00dfballverband (CAF), Senegal&hellip;\n","protected":false},"author":2,"featured_media":879779,"comment_status":"","ping_status":"","sticky":false,"template":"","format":"standard","meta":{"footnotes":"","_share_on_mastodon":"0"},"categories":[5],"tags":[148728,347,13,3876,14,15,12,39878,10,8,9,11],"class_list":["post-879778","post","type-post","status-publish","format-standard","has-post-thumbnail","category-nachrichten","tag-afrika-cup","tag-fussball","tag-headlines","tag-marokko","tag-nachrichten","tag-news","tag-schlagzeilen","tag-senegal","tag-top-news","tag-top-meldungen","tag-topmeldungen","tag-topnews"],"share_on_mastodon":{"url":"https:\/\/pubeurope.com\/@de\/116254011997558712","error":""},"_links":{"self":[{"href":"https:\/\/www.europesays.com\/de\/wp-json\/wp\/v2\/posts\/879778","targetHints":{"allow":["GET"]}}],"collection":[{"href":"https:\/\/www.europesays.com\/de\/wp-json\/wp\/v2\/posts"}],"about":[{"href":"https:\/\/www.europesays.com\/de\/wp-json\/wp\/v2\/types\/post"}],"author":[{"embeddable":true,"href":"https:\/\/www.europesays.com\/de\/wp-json\/wp\/v2\/users\/2"}],"replies":[{"embeddable":true,"href":"https:\/\/www.europesays.com\/de\/wp-json\/wp\/v2\/comments?post=879778"}],"version-history":[{"count":0,"href":"https:\/\/www.europesays.com\/de\/wp-json\/wp\/v2\/posts\/879778\/revisions"}],"wp:featuredmedia":[{"embeddable":true,"href":"https:\/\/www.europesays.com\/de\/wp-json\/wp\/v2\/media\/879779"}],"wp:attachment":[{"href":"https:\/\/www.europesays.com\/de\/wp-json\/wp\/v2\/media?parent=879778"}],"wp:term":[{"taxonomy":"category","embeddable":true,"href":"https:\/\/www.europesays.com\/de\/wp-json\/wp\/v2\/categories?post=879778"},{"taxonomy":"post_tag","embeddable":true,"href":"https:\/\/www.europesays.com\/de\/wp-json\/wp\/v2\/tags?post=879778"}],"curies":[{"name":"wp","href":"https:\/\/api.w.org\/{rel}","templated":true}]}}