{"id":879789,"date":"2026-03-19T04:48:11","date_gmt":"2026-03-19T04:48:11","guid":{"rendered":"https:\/\/www.europesays.com\/de\/879789\/"},"modified":"2026-03-19T04:48:11","modified_gmt":"2026-03-19T04:48:11","slug":"familienberatungszentrum-der-diakonie-hilft-an-gymnasien","status":"publish","type":"post","link":"https:\/\/www.europesays.com\/de\/879789\/","title":{"rendered":"Familienberatungszentrum der Diakonie hilft an Gymnasien"},"content":{"rendered":"<p class=\"text_ohne_einzug richtext text-em-55 !leading-serif mx-6 desktop:mx-0\"> Nach der vierten Stunde ist die T\u00fcr offen. Wer m\u00f6chte, kann auch ohne Anmeldung kommen. Hier gibt es Zeit, um \u00fcber das zu sprechen, was sonst oft keinen Platz hat: Angst vor Klassenarbeiten, Streit mit Freunden, Druck, der einfach nicht nachl\u00e4sst. Wie das Kostenpflichtiger Inhalt <a href=\"https:\/\/rp-online.de\/nrw\/staedte\/moenchengladbach\/tipps-fuer-eltern-wenn-das-kind-nicht-in-die-kita-oder-schule-will-schulangst-trennungsangst_aid-132406305\" rel=\"nofollow noopener\" target=\"_blank\">Familienberatungszentrum der Diakonie<\/a> Jugendlichen bereits an zwei Gymnasien hilft.<\/p>\n","protected":false},"excerpt":{"rendered":"Nach der vierten Stunde ist die T\u00fcr offen. Wer m\u00f6chte, kann auch ohne Anmeldung kommen. Hier gibt es&hellip;\n","protected":false},"author":2,"featured_media":879790,"comment_status":"","ping_status":"","sticky":false,"template":"","format":"standard","meta":{"footnotes":"","_share_on_mastodon":"0"},"categories":[1849],"tags":[3592,15252,28488,42005,194110,194111,17172,194113,194112,3364,29,15250,25096,548,663,3934,147602,194109,32659,30,1691,13,46780,139256,4850,123506,4455,3248,14,15,1209,12,966,13885],"class_list":["post-879789","post","type-post","status-publish","format-standard","has-post-thumbnail","category-moenchengladbach","tag-anmeldung","tag-beratung","tag-beratungsangebot","tag-beratungsbedarf","tag-beratungserfahrungen","tag-beratungslehrer","tag-beratungsstelle","tag-beratungsstellen","tag-beratungszentrum","tag-de","tag-deutschland","tag-diakonie","tag-druck","tag-eu","tag-europa","tag-europe","tag-familienberatung","tag-familienberatungszentrum","tag-gartenstrasse","tag-germany","tag-gymnasium","tag-headlines","tag-hugo","tag-junkers","tag-lehrer","tag-leistungsdruck","tag-moenchengladbach","tag-mueller","tag-nachrichten","tag-news","tag-nordrhein-westfalen","tag-schlagzeilen","tag-schule","tag-zentrum"],"share_on_mastodon":{"url":"","error":""},"_links":{"self":[{"href":"https:\/\/www.europesays.com\/de\/wp-json\/wp\/v2\/posts\/879789","targetHints":{"allow":["GET"]}}],"collection":[{"href":"https:\/\/www.europesays.com\/de\/wp-json\/wp\/v2\/posts"}],"about":[{"href":"https:\/\/www.europesays.com\/de\/wp-json\/wp\/v2\/types\/post"}],"author":[{"embeddable":true,"href":"https:\/\/www.europesays.com\/de\/wp-json\/wp\/v2\/users\/2"}],"replies":[{"embeddable":true,"href":"https:\/\/www.europesays.com\/de\/wp-json\/wp\/v2\/comments?post=879789"}],"version-history":[{"count":0,"href":"https:\/\/www.europesays.com\/de\/wp-json\/wp\/v2\/posts\/879789\/revisions"}],"wp:featuredmedia":[{"embeddable":true,"href":"https:\/\/www.europesays.com\/de\/wp-json\/wp\/v2\/media\/879790"}],"wp:attachment":[{"href":"https:\/\/www.europesays.com\/de\/wp-json\/wp\/v2\/media?parent=879789"}],"wp:term":[{"taxonomy":"category","embeddable":true,"href":"https:\/\/www.europesays.com\/de\/wp-json\/wp\/v2\/categories?post=879789"},{"taxonomy":"post_tag","embeddable":true,"href":"https:\/\/www.europesays.com\/de\/wp-json\/wp\/v2\/tags?post=879789"}],"curies":[{"name":"wp","href":"https:\/\/api.w.org\/{rel}","templated":true}]}}