{"id":879874,"date":"2026-03-19T05:36:24","date_gmt":"2026-03-19T05:36:24","guid":{"rendered":"https:\/\/www.europesays.com\/de\/879874\/"},"modified":"2026-03-19T05:36:24","modified_gmt":"2026-03-19T05:36:24","slug":"quartier-in-stuttgart-bisher-seltener-eisspeicher-beheizt-diese-480-wohnungen-in-stuttgart","status":"publish","type":"post","link":"https:\/\/www.europesays.com\/de\/879874\/","title":{"rendered":"Quartier in Stuttgart: Bisher seltener Eisspeicher beheizt diese 480 Wohnungen in Stuttgart"},"content":{"rendered":"<p>Dem herk\u00f6mmlichen Gullydeckel im Quartier sieht man nicht an, was er in Wahrheit ist. \u201eDas ist das Mannloch\u201c, erkl\u00e4rt Ulf K\u00fchn. Falls man bei Problemen mal schnell runter m\u00fcsste. Hier unter dem Spielplatz und den Laufwegen befindet sich ein riesengro\u00dfes Betonbecken, das 800 Kubikmeter fasst. Es handelt sich um einen von drei Eisspeichern <a href=\"https:\/\/www.stuttgarter-zeitung.de\/inhalt.heizen-in-stuttgart-ueberraschung-in-stuttgart-botnang-weitere-waermenetze-aufgetaucht.6bace5d5-6da9-4ad0-bed7-9548c2f22671.html\" target=\"_blank\" rel=\"nofollow noopener\">im Quartier<\/a> Rosenstein in <a href=\"https:\/\/www.stuttgarter-zeitung.de\/thema\/Stuttgart\" title=\"Stuttgart\" class=\"art_thema\" rel=\"nofollow noopener\" target=\"_blank\">Stuttgart<\/a>-Nord. Die anderen beiden haben jeweils 600 Kubikmeter. Und damit <a href=\"https:\/\/www.stuttgarter-zeitung.de\/inhalt.heizen-in-der-region-stuttgart-zwei-heizungen-im-doppelhaus-waermepumpe-quasi-gleich-teuer-wie-gasheizung.3e0250fd-6156-429b-844b-818cb1d652a1.html\" target=\"_blank\" rel=\"nofollow noopener\">wird hier geheizt<\/a>.<\/p>\n<p>Auf dem Gel\u00e4nde von einstmals Auto Staiger ist \u00fcber die vergangenen Jahre ein Wohngebiet mit 480 Einheiten entstanden, aktuell l\u00e4uft der vierte und letzte Bauabschnitt. Eine <a href=\"https:\/\/www.stuttgarter-zeitung.de\/inhalt.wohnen-in-stuttgart-ein-stuttgarter-lebt-seit-34-jahren-ohne-heizung-seine-loesung-ist-topaktuell.c1e6a0ac-aa9f-4a6a-a27f-04830c344576.html\" target=\"_blank\" rel=\"nofollow noopener\">absolute Besonderheit<\/a>, wegen der auch schon Delegationen aus anderen L\u00e4ndern, aber auch hiesigen Stadtwerken da waren: wie die Bewohner hier heizen. Von der Stadt Stuttgart gab es einen Umweltpreis.<\/p>\n<p>  <img decoding=\"async\" loading=\"lazy\" src=\"https:\/\/www.europesays.com\/de\/wp-content\/uploads\/2026\/03\/1773898584_752_media.media.1fd416e5-01c3-4649-be72-7cb9f528d55f.original1024.media.jpeg\"\/>     Ulf K\u00fchn ist der Gesch\u00e4ftsf\u00fchrer von ImmoTherm, er betreut das Stuttgarter Projekt.    Foto: Lichgut\/Stefanie Bacher    <\/p>\n<p>Ulf K\u00fchn ist Gesch\u00e4ftsf\u00fchrer der ImmoTherm, einer Tochter des Siedlungswerks, der Stadtwerke T\u00fcbingen und des Stadtwerks am See. Es seien die ersten drei Eisspeicher, die die Firma bisher gebaut habe. Aber die Erfahrung zeige: Es wird nicht die letzte sein. \u201eDiese Anlage macht sowohl wirtschaftlich als auch \u00f6kologisch Spa\u00df.\u201c<\/p>\n<p>Wie der Eisspeicher in Stuttgart-Nord funktioniert <\/p>\n<p>Doch wie bittesch\u00f6n l\u00e4sst sich mit <a href=\"https:\/\/www.stuttgarter-zeitung.de\/thema\/Eis\" title=\"Eis\" class=\"art_thema\" rel=\"nofollow noopener\" target=\"_blank\">Eis<\/a> heizen? In dem Riesenreservoire befindet sich Wasser. K\u00fchn zeigt auf ein Foto an einer Info-Stele in der N\u00e4he des Gullys. Das Becken ist durchzogen von W\u00e4rmetauscher-Schlangen. Eine Gro\u00df<a href=\"https:\/\/www.stuttgarter-zeitung.de\/inhalt.heizen-in-stuttgart-seltener-kaeltester-tag-macht-waermepumpen-teils-um-tausende-euro-teurer.23db11c3-1274-4583-a529-337e5319fbfa.html\" target=\"_blank\" rel=\"nofollow noopener\">w\u00e4rmepumpe<\/a>n-Anlage in der Heizzentrale im Keller entzieht dem Wasser Energie, wenn die Bewohner oben die <a href=\"https:\/\/www.stuttgarter-zeitung.de\/thema\/Heizung\" title=\"Heizung\" class=\"art_thema\" rel=\"nofollow noopener\" target=\"_blank\">Heizung<\/a> aufdrehen oder duschen. Sinkt die Temperatur des Wassers im Eisspeicher, gefriert es irgendwann. <\/p>\n<p>Bei der Vereisung wird die sogenannte Kristallisationsenergie freigesetzt \u2013 sie entspricht der Energie in einem Abk\u00fchlungsprozess von 80 auf 0 Grad Celsius. In dieser Phase kann die Anlage allein aus dem 800-Kubikmeter-Eisspeicher 80 Megawattstunden <a href=\"https:\/\/www.stuttgarter-zeitung.de\/thema\/W%C3%A4rme\" title=\"W\u00e4rme\" class=\"art_thema\" rel=\"nofollow noopener\" target=\"_blank\">W\u00e4rme<\/a> herausholen, sagt K\u00fchn. Hei\u00dft: Je niedriger die Temperaturen im Eisspeicher sind, desto effizienter l\u00e4uft der Speicherprozess. Damit k\u00f6nne die am Eisspeicher angeschlossene W\u00e4rmepumpenanlage bis zu 70 Prozent des W\u00e4rmebedarfs pro Jahr liefern.<\/p>\n<p>So wird der Eisspeicher in Stuttgart aufgetaut <\/p>\n<p>W\u00fcrde das Wasser komplett bis zum Speicherrand vereisen, w\u00e4re der Speicher nicht nur entladen, sondern er w\u00fcrde auch Schaden nehmen. Die W\u00e4rmetauscher-Schlangen sind so angeordnet, dass sie dies verhindern. \u201eDas Wasser wird von den R\u00e4ndern her mittels Regenerationsleitungen immer wieder aufgetaut, vor allem im Sommerhalbjahr\u201c, sagt K\u00fchn. Zum einen \u00fcber eine PVT-Anlage \u2013 ein Mix aus Photovoltaik und Solarthermie \u2013 auf den D\u00e4chern. Zum anderen aber auch \u00fcber die W\u00e4rme in den Wohnungen. \u00dcber die Regelung der Fu\u00dfbodenheizung k\u00f6nnen die Bewohner im Sommer sogar K\u00fchlung anfordern; dann werde ganz sachte abgek\u00fchlt, erkl\u00e4rt Ulf K\u00fchn.<\/p>\n<p>Der Eisspeicher ist allerdings nicht die einzige W\u00e4rmequelle. Er deckt bei den H\u00e4usern, die 2017 gebaut wurden, rund 50 Prozent des Bedarfs ab, bei den H\u00e4usern der Bauabschnitte drei und vier seien es 70 Prozent, sagt K\u00fchn. Der dritte Eisspeicher sei derzeit noch im Bau. <\/p>\n<p>Der jeweilige Rest ist mit einem Brennwertkessel und einem Blockheizkraftwerk aktuell fossil, aber sehr effizient, wie K\u00fchn betont. Der W\u00e4rmepreis liege bei 1,10 Euro pro Quadratmeter, bei einer 100-Quadratmeter-Wohnung seien dies 110 Euro im Monat.<\/p>\n","protected":false},"excerpt":{"rendered":"Dem herk\u00f6mmlichen Gullydeckel im Quartier sieht man nicht an, was er in Wahrheit ist. \u201eDas ist das Mannloch\u201c,&hellip;\n","protected":false},"author":2,"featured_media":879583,"comment_status":"","ping_status":"","sticky":false,"template":"","format":"standard","meta":{"footnotes":"","_share_on_mastodon":"0"},"categories":[1830],"tags":[1634,3364,29,13676,194059,1213,30,11387,632,115768,1441,92814,2166,1139],"class_list":["post-879874","post","type-post","status-publish","format-standard","has-post-thumbnail","category-stuttgart","tag-baden-wuerttemberg","tag-de","tag-deutschland","tag-eis","tag-eisspeicher","tag-gas","tag-germany","tag-heizen","tag-heizung","tag-rosenstein","tag-stuttgart","tag-topt","tag-waerme","tag-waermepumpe"],"share_on_mastodon":{"url":"https:\/\/pubeurope.com\/@de\/116254224358632449","error":""},"_links":{"self":[{"href":"https:\/\/www.europesays.com\/de\/wp-json\/wp\/v2\/posts\/879874","targetHints":{"allow":["GET"]}}],"collection":[{"href":"https:\/\/www.europesays.com\/de\/wp-json\/wp\/v2\/posts"}],"about":[{"href":"https:\/\/www.europesays.com\/de\/wp-json\/wp\/v2\/types\/post"}],"author":[{"embeddable":true,"href":"https:\/\/www.europesays.com\/de\/wp-json\/wp\/v2\/users\/2"}],"replies":[{"embeddable":true,"href":"https:\/\/www.europesays.com\/de\/wp-json\/wp\/v2\/comments?post=879874"}],"version-history":[{"count":0,"href":"https:\/\/www.europesays.com\/de\/wp-json\/wp\/v2\/posts\/879874\/revisions"}],"wp:featuredmedia":[{"embeddable":true,"href":"https:\/\/www.europesays.com\/de\/wp-json\/wp\/v2\/media\/879583"}],"wp:attachment":[{"href":"https:\/\/www.europesays.com\/de\/wp-json\/wp\/v2\/media?parent=879874"}],"wp:term":[{"taxonomy":"category","embeddable":true,"href":"https:\/\/www.europesays.com\/de\/wp-json\/wp\/v2\/categories?post=879874"},{"taxonomy":"post_tag","embeddable":true,"href":"https:\/\/www.europesays.com\/de\/wp-json\/wp\/v2\/tags?post=879874"}],"curies":[{"name":"wp","href":"https:\/\/api.w.org\/{rel}","templated":true}]}}