{"id":879930,"date":"2026-03-19T06:11:14","date_gmt":"2026-03-19T06:11:14","guid":{"rendered":"https:\/\/www.europesays.com\/de\/879930\/"},"modified":"2026-03-19T06:11:14","modified_gmt":"2026-03-19T06:11:14","slug":"moenchengladbach-neue-wohnungen-im-croonsquartier","status":"publish","type":"post","link":"https:\/\/www.europesays.com\/de\/879930\/","title":{"rendered":"M\u00f6nchengladbach: Neue Wohnungen im CroonsQuartier"},"content":{"rendered":"<p class=\"text_ohne_einzug richtext text-em-55 !leading-serif mx-6 desktop:mx-0\">Es ist eines der beiden gro\u00dfen Bauprojekte in der Stadt. W\u00e4hrend in der Seestadt Stillstand herrscht, ist das Croonsquartier fertig. Auf dem Areal zwischen Steinmetzstra\u00dfe, Kleiststra\u00dfe, Yorckstra\u00dfe und der Croonsallee sind vier Mehrfamilienh\u00e4usern mit insgesamt 85 Wohnungen und f\u00fcnf Einheiten f\u00fcr medizinische Dienstleistungen entstanden. Dazu kommen 155 Stellpl\u00e4tze f\u00fcr Autos und 185 f\u00fcr Fahrr\u00e4der in der Tiefgarage. Mehr als 90 Prozent der Wohnungen sind bereits vermietet, sagt Markus Oswald vom Projektentwickler Rheinquadrat.<\/p>\n","protected":false},"excerpt":{"rendered":"Es ist eines der beiden gro\u00dfen Bauprojekte in der Stadt. W\u00e4hrend in der Seestadt Stillstand herrscht, ist das&hellip;\n","protected":false},"author":2,"featured_media":879931,"comment_status":"","ping_status":"","sticky":false,"template":"","format":"standard","meta":{"footnotes":"","_share_on_mastodon":"0"},"categories":[1849],"tags":[7600,194129,3364,29,548,663,3934,30,13,3768,4455,14,15,1209,12,62530,60976,1463],"class_list":["post-879930","post","type-post","status-publish","format-standard","has-post-thumbnail","category-moenchengladbach","tag-bauen","tag-croonsquartier","tag-de","tag-deutschland","tag-eu","tag-europa","tag-europe","tag-germany","tag-headlines","tag-kaufen","tag-moenchengladbach","tag-nachrichten","tag-news","tag-nordrhein-westfalen","tag-schlagzeilen","tag-schwerpunkt","tag-waechst","tag-wohnen"],"share_on_mastodon":{"url":"https:\/\/pubeurope.com\/@de\/116254361910062924","error":""},"_links":{"self":[{"href":"https:\/\/www.europesays.com\/de\/wp-json\/wp\/v2\/posts\/879930","targetHints":{"allow":["GET"]}}],"collection":[{"href":"https:\/\/www.europesays.com\/de\/wp-json\/wp\/v2\/posts"}],"about":[{"href":"https:\/\/www.europesays.com\/de\/wp-json\/wp\/v2\/types\/post"}],"author":[{"embeddable":true,"href":"https:\/\/www.europesays.com\/de\/wp-json\/wp\/v2\/users\/2"}],"replies":[{"embeddable":true,"href":"https:\/\/www.europesays.com\/de\/wp-json\/wp\/v2\/comments?post=879930"}],"version-history":[{"count":0,"href":"https:\/\/www.europesays.com\/de\/wp-json\/wp\/v2\/posts\/879930\/revisions"}],"wp:featuredmedia":[{"embeddable":true,"href":"https:\/\/www.europesays.com\/de\/wp-json\/wp\/v2\/media\/879931"}],"wp:attachment":[{"href":"https:\/\/www.europesays.com\/de\/wp-json\/wp\/v2\/media?parent=879930"}],"wp:term":[{"taxonomy":"category","embeddable":true,"href":"https:\/\/www.europesays.com\/de\/wp-json\/wp\/v2\/categories?post=879930"},{"taxonomy":"post_tag","embeddable":true,"href":"https:\/\/www.europesays.com\/de\/wp-json\/wp\/v2\/tags?post=879930"}],"curies":[{"name":"wp","href":"https:\/\/api.w.org\/{rel}","templated":true}]}}