{"id":880216,"date":"2026-03-19T09:01:12","date_gmt":"2026-03-19T09:01:12","guid":{"rendered":"https:\/\/www.europesays.com\/de\/880216\/"},"modified":"2026-03-19T09:01:12","modified_gmt":"2026-03-19T09:01:12","slug":"7-jahre-sonderurlaub-befoerderung-im-urlaub-spd-skandal-weitet-sich-aus","status":"publish","type":"post","link":"https:\/\/www.europesays.com\/de\/880216\/","title":{"rendered":"7 Jahre Sonderurlaub, Bef\u00f6rderung im Urlaub: SPD-Skandal weitet sich aus"},"content":{"rendered":"<p><img loading=\"lazy\" decoding=\"async\" src=\"https:\/\/www.europesays.com\/de\/wp-content\/uploads\/2026\/03\/Streit-neu-1.jpg\" alt=\"Streit neu\" width=\"595\" height=\"892\" class=\"alignnone size-full wp-image-630258\"  \/>Ludwigshafen \/ Mainz \u2013 18.03.2026 \u2013 Ein Beamter wird fast sieben Jahre f\u00fcr Parteiarbeit freigestellt \u2013 arbeitet f\u00fcr die SPD, organisiert Wahlk\u00e4mpfe \u2013 und wird in dieser Zeit auch noch bef\u00f6rdert, wie der Volksfreund heute berichtete.<\/p>\n<p>Das ist kein Einzelfall. Das ist ein System.<\/p>\n<p>Die FREIEN W\u00c4HLER haben die Sonderurlaubs-Praxis bereits bei Staatssekret\u00e4ren aufgedeckt, ein Gutachten vorgelegt und einen Untersuchungsausschuss gefordert. Jetzt zeigt sich: Das Ganze reicht noch viel tiefer in den Staatsapparat.<\/p>\n<p>Hier wird Parteiarbeit mit staatlichen Privilegien kombiniert.<\/p>\n<p>Joachim Streit, Spitzenkandidat der FREIEN W\u00c4HLER Rheinland-Pfalz: \u201eSieben Jahre Sonderurlaub f\u00fcr SPD-Parteiarbeit und dann auch noch Bef\u00f6rderung im Urlaub \u2013 das ist ein handfester Skandal. Wer nicht f\u00fcr den Staat arbeitet, darf auch nicht vom Staat bef\u00f6rdert werden. Das versteht jeder B\u00fcrger sofort. Nur die Landesregierung offenbar nicht.\u201c<\/p>\n<p><strong>Der Fall wirft massive Fragen auf<\/strong>:<br \/>Warum wird ein Beamter w\u00e4hrend aktiver Parteiarbeit bef\u00f6rdert?<\/p>\n<p>Wer hat das entschieden?<\/p>\n<p>Und wie viele \u00e4hnliche F\u00e4lle gibt es noch?<\/p>\n<p>Die FREIEN W\u00c4HLER bleiben dabei:<\/p>\n<p>Der Untersuchungsausschuss ist zwingend notwendig.<\/p>\n<p>\u201eWas wir hier sehen, ist kein Ausrutscher, sondern ein System aus N\u00e4he, Macht und Vorteilen. Genau das m\u00fcssen wir jetzt vollst\u00e4ndig offenlegen\u201c, so Streit.<\/p>\n<p>Wenn ein normaler Beamter in RLP maximal sechs Jahre Sonderurlaub bekommen kann, ist es erstaunlich, dass f\u00fcr Parteiarbeit l\u00e4ngere Zeiten erlaubt werden.<\/p>\n<p>Der Ministerpr\u00e4sident hat es vers\u00e4umt nach unserem Gutachten und den dazugeh\u00f6rigen parlamentarischen Anfragen der FREIE W\u00c4HLER alles offen zu legen und reinen Tisch zu machen. Jetzt kommen immer mehr F\u00e4lle an den Tag, so dass man nicht von Einzelf\u00e4llen sprechen kann.<\/p>\n<p>An einem Untersuchungsausschuss f\u00fchrt deshalb kein Weg vorbei. Die B\u00fcrger unseres Landes haben einen Anspruch auf volle Transparenz in der Sonderurlaub-Aff\u00e4re.<\/p>\n<p>Quelle Freie W\u00e4hler Rheinland-Pfalz <\/p>\n<p class=\"post-modified-info\">Zuletzt aktualisiert am 19. M\u00e4rz 2026, 09:32<\/p>\n","protected":false},"excerpt":{"rendered":"Ludwigshafen \/ Mainz \u2013 18.03.2026 \u2013 Ein Beamter wird fast sieben Jahre f\u00fcr Parteiarbeit freigestellt \u2013 arbeitet f\u00fcr&hellip;\n","protected":false},"author":2,"featured_media":880217,"comment_status":"","ping_status":"","sticky":false,"template":"","format":"standard","meta":{"footnotes":"","_share_on_mastodon":"0"},"categories":[1845],"tags":[1634,12612,3364,29,548,663,3934,16950,30,13,25476,1427,2096,14,15,16935,2802,1756,12,4969,184,2127,17622],"class_list":["post-880216","post","type-post","status-publish","format-standard","has-post-thumbnail","category-mannheim","tag-baden-wuerttemberg","tag-buerger","tag-de","tag-deutschland","tag-eu","tag-europa","tag-europe","tag-freie-waehler","tag-germany","tag-headlines","tag-ludwigshafen","tag-mainz","tag-mannheim","tag-nachrichten","tag-news","tag-pfalz","tag-rheinland","tag-rheinland-pfalz","tag-schlagzeilen","tag-skandal","tag-spd","tag-streit","tag-system"],"share_on_mastodon":{"url":"https:\/\/pubeurope.com\/@de\/116255030446676890","error":""},"_links":{"self":[{"href":"https:\/\/www.europesays.com\/de\/wp-json\/wp\/v2\/posts\/880216","targetHints":{"allow":["GET"]}}],"collection":[{"href":"https:\/\/www.europesays.com\/de\/wp-json\/wp\/v2\/posts"}],"about":[{"href":"https:\/\/www.europesays.com\/de\/wp-json\/wp\/v2\/types\/post"}],"author":[{"embeddable":true,"href":"https:\/\/www.europesays.com\/de\/wp-json\/wp\/v2\/users\/2"}],"replies":[{"embeddable":true,"href":"https:\/\/www.europesays.com\/de\/wp-json\/wp\/v2\/comments?post=880216"}],"version-history":[{"count":0,"href":"https:\/\/www.europesays.com\/de\/wp-json\/wp\/v2\/posts\/880216\/revisions"}],"wp:featuredmedia":[{"embeddable":true,"href":"https:\/\/www.europesays.com\/de\/wp-json\/wp\/v2\/media\/880217"}],"wp:attachment":[{"href":"https:\/\/www.europesays.com\/de\/wp-json\/wp\/v2\/media?parent=880216"}],"wp:term":[{"taxonomy":"category","embeddable":true,"href":"https:\/\/www.europesays.com\/de\/wp-json\/wp\/v2\/categories?post=880216"},{"taxonomy":"post_tag","embeddable":true,"href":"https:\/\/www.europesays.com\/de\/wp-json\/wp\/v2\/tags?post=880216"}],"curies":[{"name":"wp","href":"https:\/\/api.w.org\/{rel}","templated":true}]}}