{"id":880273,"date":"2026-03-19T09:30:17","date_gmt":"2026-03-19T09:30:17","guid":{"rendered":"https:\/\/www.europesays.com\/de\/880273\/"},"modified":"2026-03-19T09:30:17","modified_gmt":"2026-03-19T09:30:17","slug":"schloss-moritzburg-startet-sommersaison-mit-neuer-kunst","status":"publish","type":"post","link":"https:\/\/www.europesays.com\/de\/880273\/","title":{"rendered":"Schloss Moritzburg startet Sommersaison mit neuer Kunst"},"content":{"rendered":"<p>Erstmals werden in dieser Saison auch Neuerwerbungen pr\u00e4sentiert. In den vergangenen Jahren konnte die Staatliche Schl\u00f6sser, Burgen und G\u00e4rten Sachsen gGmbH (SBG) nach Angaben des Gesch\u00e4ftsf\u00fchrers Christian Striefler zwei bedeutende Gem\u00e4lde erwerben, die zun\u00e4chst in Schloss Moritzburg ihren Platz gefunden haben. Schlossleiterin Dominique Fliegler k\u00fcndigte an, dass die beiden Gem\u00e4lde zusammen mit einer Tapisserie im Monstr\u00f6sensaal ausgestellt werden und G\u00e4ste die Werke in dieser Saison erstmals sehen k\u00f6nnen.<\/p>\n<p>Bei den Gem\u00e4lden handelt es sich um zwei Portr\u00e4ts, die \u00fcber eine Auktion angekauft wurden. Eines zeigt K\u00f6nig Stanislaus I. Leszczy\u0144ski (1677\u20131766), K\u00f6nig von Polen sowie Herzog von Lothringen und Bar, gemalt vom preu\u00dfischen Hofmaler Antoine Pesne. Leszczy\u0144ski spielte im Augusteischen Zeitalter eine Rolle in der s\u00e4chsischen Geschichte und bekleidete ab 1697 das Amt des Gro\u00dfmundschenks der polnischen Krone am Hof Augusts des Starken. Das zweite Gem\u00e4lde ist das Portr\u00e4t einer Hofdame des s\u00e4chsisch-polnischen Hofes aus der Zeit Augusts des Starken, geschaffen vom ungarischen Maler \u00c1d\u00e1m M\u00e1nyoki.<\/p>\n","protected":false},"excerpt":{"rendered":"Erstmals werden in dieser Saison auch Neuerwerbungen pr\u00e4sentiert. In den vergangenen Jahren konnte die Staatliche Schl\u00f6sser, Burgen und&hellip;\n","protected":false},"author":2,"featured_media":880274,"comment_status":"","ping_status":"","sticky":false,"template":"","format":"standard","meta":{"footnotes":"","_share_on_mastodon":"0"},"categories":[1835],"tags":[73343,194179,3364,29,2386,194180,30,859,78812,194181],"class_list":["post-880273","post","type-post","status-publish","format-standard","has-post-thumbnail","category-dresden","tag-august-der-starke","tag-barockausstellung","tag-de","tag-deutschland","tag-dresden","tag-gemlde","tag-germany","tag-sachsen","tag-schloss-moritzburg","tag-tapisserie"],"share_on_mastodon":{"url":"https:\/\/pubeurope.com\/@de\/116255144559238167","error":""},"_links":{"self":[{"href":"https:\/\/www.europesays.com\/de\/wp-json\/wp\/v2\/posts\/880273","targetHints":{"allow":["GET"]}}],"collection":[{"href":"https:\/\/www.europesays.com\/de\/wp-json\/wp\/v2\/posts"}],"about":[{"href":"https:\/\/www.europesays.com\/de\/wp-json\/wp\/v2\/types\/post"}],"author":[{"embeddable":true,"href":"https:\/\/www.europesays.com\/de\/wp-json\/wp\/v2\/users\/2"}],"replies":[{"embeddable":true,"href":"https:\/\/www.europesays.com\/de\/wp-json\/wp\/v2\/comments?post=880273"}],"version-history":[{"count":0,"href":"https:\/\/www.europesays.com\/de\/wp-json\/wp\/v2\/posts\/880273\/revisions"}],"wp:featuredmedia":[{"embeddable":true,"href":"https:\/\/www.europesays.com\/de\/wp-json\/wp\/v2\/media\/880274"}],"wp:attachment":[{"href":"https:\/\/www.europesays.com\/de\/wp-json\/wp\/v2\/media?parent=880273"}],"wp:term":[{"taxonomy":"category","embeddable":true,"href":"https:\/\/www.europesays.com\/de\/wp-json\/wp\/v2\/categories?post=880273"},{"taxonomy":"post_tag","embeddable":true,"href":"https:\/\/www.europesays.com\/de\/wp-json\/wp\/v2\/tags?post=880273"}],"curies":[{"name":"wp","href":"https:\/\/api.w.org\/{rel}","templated":true}]}}