{"id":880498,"date":"2026-03-19T11:32:14","date_gmt":"2026-03-19T11:32:14","guid":{"rendered":"https:\/\/www.europesays.com\/de\/880498\/"},"modified":"2026-03-19T11:32:14","modified_gmt":"2026-03-19T11:32:14","slug":"buslinien-27-30-umleitungen-wegen-bauarbeiten","status":"publish","type":"post","link":"https:\/\/www.europesays.com\/de\/880498\/","title":{"rendered":"Buslinien 27 &#038; 30: Umleitungen wegen Bauarbeiten"},"content":{"rendered":"<p class=\"caps\">Aufgrund von Sanierungsarbeiten am Bahn\u00fcbergang in der Berliner Stra\u00dfe sowie Tiefbauarbeiten in der Turmstra\u00dfe kommt es ab Montag, 23. M\u00e4rz 2026, zu Einschr\u00e4nkungen auf den Buslinien 27 und 30 der Halleschen Verkehrs-AG (HAVAG), einem Unternehmen der Stadtwerke Halle-Gruppe.<\/p>\n<p>\u00a0<\/p>\n<p>Berliner Stra\u00dfe: Umleitung der Buslinie 27 vom 23. bis 27. M\u00e4rz 2026<\/p>\n<p>Vom 23. bis voraussichtlich 27. M\u00e4rz 2026 f\u00e4hrt die Buslinie 27 in Richtung Berliner Br\u00fccke ab der Haltestelle Dautzsch (Steig A) \u00fcber den Kreisverkehr Karl-Liebknecht-Platz und anschlie\u00dfend zur\u00fcck \u00fcber die Haltestellen Dautzsch (Steig B), Apoldaer Stra\u00dfe (Steig B) und Suhler Stra\u00dfe (Steig B).<\/p>\n<p>In Richtung B\u00fcschdorf f\u00e4hrt die Buslinie ab der Ersatzhaltestelle H.-v.-Gerlach-Stra\u00dfe links \u00fcber die Haltestellen Suhler Stra\u00dfe (Steig A), Apoldaer Stra\u00dfe (Steig A) und Dautzsch, wendet anschlie\u00dfend \u00fcber den Kreisverkehr Karl-Liebknecht-Platz und f\u00e4hrt weiter \u00fcber die Haltestelle Dautzsch (Steig B).<\/p>\n<p>Die letzten zwei Sp\u00e4tfahrten um 19.41 und 19.59 Uhr ab der Haltestelle B\u00fcschdorf in Richtung Am Steintor verkehren ab der Haltestelle Dautzsch mit Wendefahrt am Karl-Liebknecht-Platz \u00fcber die Ersatzhaltestelle Apoldaer Stra\u00dfe (in der Fritz-Hoffmann-Stra\u00dfe).<\/p>\n<p>Die Haltestellen Apoldaer Stra\u00dfe\/Birkhahnweg und Etkar-Andr\u00e9-Stra\u00dfe bedient die Buslinie 27 in dieser Zeit nicht. Als Ersatzhaltestellen dienen Helmut-von-Gerlach-Stra\u00dfe (in der Helmut-von-Gerlach-Stra\u00dfe), Apoldaer Stra\u00dfe (in der Fritz-Hoffmann-Stra\u00dfe) sowie Etkar-Andr\u00e9-Stra\u00dfe (am Karl-Liebknecht-Platz).<\/p>\n<p>Turmstra\u00dfe: Umleitung der Buslinie 30 vom 23. M\u00e4rz bis 17. April 2026<\/p>\n<p>Vom 23. M\u00e4rz bis voraussichtlich 17. April 2026 wird die Buslinie 30 in beiden Fahrtrichtungen umgeleitet. In Richtung Hauptbahnhof f\u00e4hrt sie ab der Haltestelle Lutherplatz (Bussteig B) \u00fcber die Ersatzhaltestelle Lauchst\u00e4dter Stra\u00dfe (H\u00f6he Feuerwache), anschlie\u00dfend \u00fcber die Zusatzhaltestellen Lutherstra\u00dfe (Steig A) und Heinrich-Sch\u00fctz-Stra\u00dfe (Steig A), weiter zur Haltestelle Heinrich-Sch\u00fctz-Stra\u00dfe (Bussteig D) und danach regul\u00e4r zum Hauptbahnhof.<\/p>\n<p>In Richtung Rannischer Platz f\u00e4hrt die Buslinie ab der Haltestelle Heinrich-Sch\u00fctz-Stra\u00dfe (Bussteig C) \u00fcber die Zusatzhaltestelle Lutherstra\u00dfe (Steig B) und die Ersatzhaltestelle Lauchst\u00e4dter Stra\u00dfe (H\u00f6he Feuerwache) zur Haltestelle Lutherplatz (Bussteig A) und danach regul\u00e4r weiter.<\/p>\n<p>W\u00e4hrend der Bauarbeiten entfallen zus\u00e4tzlich zu Turmstra\u00dfe, S\u00fcdfriedhof und Liebenauer Stra\u00dfe auch die Haltestellen T\u00fcrkstra\u00dfe (Steig A\/B), Thomasiusstra\u00dfe (Steig B) und Richard Riedel Hof (Steig B) f\u00fcr die Linie 30.<\/p>\n<p>Informationen<\/p>\n<p>Alle Linien\u00e4nderungen f\u00fcr Busse und Stra\u00dfenbahnen stehen auch im <a href=\"https:\/\/www.havag.com\/verkehrsmelder\" target=\"_blank\" rel=\"noopener nofollow\">Verkehrsmelder der HAVAG<\/a>. Aktuelle Verbindungen in Echtzeit k\u00f6nnen Fahrg\u00e4ste jederzeit in der <a href=\"https:\/\/www.havag.com\/movemix_app\" target=\"_blank\" rel=\"noopener nofollow\">movemix_app<\/a> oder \u00fcber die Auskunftsplattform <a href=\"https:\/\/mobilem.app\" target=\"_blank\" rel=\"noopener nofollow\">Mobile M.app<\/a> in der App <a href=\"https:\/\/www.havag.com\/mein-halle-unterwegs\" target=\"_blank\" rel=\"noopener nofollow\">Mein HALLE Unterwegs<\/a> abrufen. An den Haltestellen informieren Lautsprecher, elektronische Anzeigen und QR-Codes an Aushangfahrpl\u00e4nen zu Echtzeitverbindungen und St\u00f6rungen. Aktuelle Baustellen in Halle (Saale) und die dazugeh\u00f6rigen Umleitungen stehen auch im <a href=\"https:\/\/www.halle.de\/de\/Verwaltung\/Online-Angebote\/Baustellenkalender\" target=\"_blank\" rel=\"noopener nofollow\">Baustellenkalender<\/a>. Ausk\u00fcnfte geben zudem die Mitarbeitenden der HAVAG-Service-Hotline unter (0345) 5 81 \u2013 56 66.<\/p>\n","protected":false},"excerpt":{"rendered":"Aufgrund von Sanierungsarbeiten am Bahn\u00fcbergang in der Berliner Stra\u00dfe sowie Tiefbauarbeiten in der Turmstra\u00dfe kommt es ab Montag,&hellip;\n","protected":false},"author":2,"featured_media":796397,"comment_status":"","ping_status":"","sticky":false,"template":"","format":"standard","meta":{"footnotes":"","_share_on_mastodon":"0"},"categories":[1860],"tags":[3364,29,548,663,3934,30,4062,17332,24940,13,14,15,17331,860,12,168068],"class_list":["post-880498","post","type-post","status-publish","format-standard","has-post-thumbnail","category-halle-saale","tag-de","tag-deutschland","tag-eu","tag-europa","tag-europe","tag-germany","tag-halle","tag-halle-saale","tag-havag","tag-headlines","tag-nachrichten","tag-news","tag-saale","tag-sachsen-anhalt","tag-schlagzeilen","tag-stadtwerke-halle"],"share_on_mastodon":{"url":"https:\/\/pubeurope.com\/@de\/116255624107942439","error":""},"_links":{"self":[{"href":"https:\/\/www.europesays.com\/de\/wp-json\/wp\/v2\/posts\/880498","targetHints":{"allow":["GET"]}}],"collection":[{"href":"https:\/\/www.europesays.com\/de\/wp-json\/wp\/v2\/posts"}],"about":[{"href":"https:\/\/www.europesays.com\/de\/wp-json\/wp\/v2\/types\/post"}],"author":[{"embeddable":true,"href":"https:\/\/www.europesays.com\/de\/wp-json\/wp\/v2\/users\/2"}],"replies":[{"embeddable":true,"href":"https:\/\/www.europesays.com\/de\/wp-json\/wp\/v2\/comments?post=880498"}],"version-history":[{"count":0,"href":"https:\/\/www.europesays.com\/de\/wp-json\/wp\/v2\/posts\/880498\/revisions"}],"wp:featuredmedia":[{"embeddable":true,"href":"https:\/\/www.europesays.com\/de\/wp-json\/wp\/v2\/media\/796397"}],"wp:attachment":[{"href":"https:\/\/www.europesays.com\/de\/wp-json\/wp\/v2\/media?parent=880498"}],"wp:term":[{"taxonomy":"category","embeddable":true,"href":"https:\/\/www.europesays.com\/de\/wp-json\/wp\/v2\/categories?post=880498"},{"taxonomy":"post_tag","embeddable":true,"href":"https:\/\/www.europesays.com\/de\/wp-json\/wp\/v2\/tags?post=880498"}],"curies":[{"name":"wp","href":"https:\/\/api.w.org\/{rel}","templated":true}]}}