{"id":880598,"date":"2026-03-19T12:30:13","date_gmt":"2026-03-19T12:30:13","guid":{"rendered":"https:\/\/www.europesays.com\/de\/880598\/"},"modified":"2026-03-19T12:30:13","modified_gmt":"2026-03-19T12:30:13","slug":"prozess-am-landgericht-muenchen-frau-sticht-mann-in-die-genitalien-bad-toelz-wolfratshausen","status":"publish","type":"post","link":"https:\/\/www.europesays.com\/de\/880598\/","title":{"rendered":"Prozess am Landgericht M\u00fcnchen: Frau sticht Mann in die Genitalien &#8211; Bad T\u00f6lz-Wolfratshausen"},"content":{"rendered":"<p data-manual=\"paragraph\" data-schema-org-speakable=\"true\" class=\"css-1eosz7k\">\u201eGr\u00fc\u00df Gott\u201c, sagt Richter Martin Hofmann zu der Frau, die rechts vor ihm auf der Anklagebank des Sitzungssaals B 264 am Strafjustizzentrum in der Nymphenburger Stra\u00dfe in <a href=\"https:\/\/www.sueddeutsche.de\/thema\/M%C3%BCnchen\" rel=\"nofollow noopener\" target=\"_blank\">M\u00fcnchen<\/a> Platz genommen hat. Wie es ihr geht, erkundigt sich der Vorsitzende.\u00a0 \u201eGeht schon\u201c, lautet die Antwort. Es klingt eher verzagt. Die 51-J\u00e4hrige soll in einer Pflegeeinrichtung in <a href=\"https:\/\/www.sueddeutsche.de\/thema\/Geretsried\" rel=\"nofollow noopener\" target=\"_blank\">Geretsried<\/a> Anfang September 2024 einen Mann mit einem Messer attackiert haben. Das mutma\u00dfliche Opfer, das ebenfalls in der Pflegeeinrichtung untergebracht ist, soll die 51-J\u00e4hrige zuvor sexuell bedr\u00e4ngt haben. Doch dazu macht die Frau auf Anraten ihres Verteidigers, Rechtsanwalt Matthias Lang, keine Angaben.<\/p>\n<p data-manual=\"paragraph\" data-schema-org-speakable=\"true\" class=\"css-1eosz7k\">Nach \u00dcberzeugung der Staatsanwaltschaft hat die 51-J\u00e4hrige eine gef\u00e4hrliche K\u00f6rperverletzung begangen. Da die zweifache Mutter laut der Diagnose von \u00c4rzten an einer paranoiden Schizophrenie erkrankt ist, kann sie strafrechtlich f\u00fcr die mutma\u00dfliche Tat nicht zur Verantwortung gezogen werden. Die Staatsanwaltschaft hat deshalb auch keine Anklage-, sondern eine Antragsschrift bei Gericht eingereicht. Weil von der 51-J\u00e4hrigen \u201einfolge ihres Zustandes erhebliche rechtswidrige Taten zu erwarten sind\u201c stelle sie eine Gefahr f\u00fcr die Allgemeinheit dar, hei\u00dft es darin. Im Fall einer Verurteilung muss die 51-J\u00e4hrige mit einer zeitlich unbefristeten Unterbringung in einer geschlossenen psychiatrischen Klinik rechnen.<\/p>\n<p data-manual=\"paragraph\" data-schema-org-speakable=\"true\" class=\"css-1eosz7k\">Schon einmal ist ein Gericht zu der \u00dcberzeugung gelangt, dass die 51-J\u00e4hrige, die wegen ihrer Erkrankung in der Vergangenheit immer wieder in Pflegeheimen lebte, eine \u201eGefahr f\u00fcr die Allgemeinheit\u201c sei. Anfang 2008 hatte die zweifache Mutter n\u00e4mlich in einem Pflegeheim in Roth bei N\u00fcrnberg eine Pflegerin get\u00f6tet. F\u00fcr die Tat verh\u00e4ngte das Landgericht N\u00fcrnberg-F\u00fcrth im Februar 2009 acht Jahre Haft und ordnete zudem die Unterbringung in der geschlossenen Abteilung einer psychiatrischen Klinik an.<\/p>\n<p data-manual=\"paragraph\" data-schema-org-speakable=\"true\" class=\"css-1eosz7k\">Ausl\u00f6ser f\u00fcr die Tat war nach Feststellung des Gerichts ein Streit zwischen der Beschuldigten und der damals 43-j\u00e4hrigen Pflegerin. Als diese am sp\u00e4ten Nachmittag des 18. Januar 2008 die Abendmedizin f\u00fcr die Bewohner der Einrichtung zusammenstellte, soll die heute 51-J\u00e4hrige ihr laut Urteil \u201ev\u00f6llig unvermittelt\u201c\u00a0ein K\u00fcchenmesser mit einer Klingenl\u00e4nge von sieben Zentimetern in die Brust gesto\u00dfen haben. Der Stich durchtrennte die Hauptschlagader und traf das Herz der 43-J\u00e4hrigen. Ein herbeigerufener Notarzt konnte nur noch deren Tod feststellen. Sie starb an einem sogenannten \u201eVerblutungsschock\u201c.<\/p>\n<p>Das Opfer leidet ebenfalls an Schizophrenie<\/p>\n<p data-manual=\"paragraph\" data-schema-org-speakable=\"true\" class=\"css-1eosz7k\">Nach ihrer Verurteilung war die 51-J\u00e4hrige in verschiedenen Einrichtungen untergebracht. Seit 2017 lebte sie in dem Pflegeheim in Geretsried, wo sie in der Nacht des 2. September 2024 einen ebenfalls an Schizophrenie erkrankten Mitbewohner mit einem Obstmesser angegriffen haben soll. Der Staatsanwaltschaft zufolge hatte der Gesch\u00e4digte die Beschuldigte gegen 22.30 Uhr in ihrem Zimmer besucht, um mit ihr einen Kaffee zu trinken.<\/p>\n<p data-manual=\"paragraph\" data-schema-org-speakable=\"true\" class=\"css-1eosz7k\">W\u00e4hrenddessen soll sich der Mann ausgezogen und die 51-J\u00e4hrige gefragt haben, ob sie mit ihm schlafen wolle. Daraufhin soll diese nach einem Messer mit einer acht Zentimeter langen Klinge auf ihrem Nachtk\u00e4stchen gegriffen und ihrem Mitbewohner damit in die Genitalien gestochen haben. Der Mann erlitt eine stark blutende Wunde, die im Kreiskrankenhaus Wolfratshausen versorgt wurde. Er konnte bereits kurze Zeit nach der mutma\u00dflichen Messerattacke wieder zur\u00fcck in die Pflegeeinrichtung in Geretsried.<\/p>\n<p data-manual=\"paragraph\" data-schema-org-speakable=\"true\" class=\"css-1eosz7k\">Die Ermittlungen wegen sexueller Bel\u00e4stigung gegen den Mann wurden eingestellt, da sich kein \u201estrafrelevantes Verhalten des Beschuldigten\u201c\u00a0 habe festgestellt werden k\u00f6nnen. Als Zeugen vernehmen kann das Gericht den Mann nicht, da er nach Angaben eines Arztes aufgrund seiner Erkrankung nicht verhandlungsf\u00e4hig sei. Der Prozess wird fortgesetzt.<\/p>\n","protected":false},"excerpt":{"rendered":"\u201eGr\u00fc\u00df Gott\u201c, sagt Richter Martin Hofmann zu der Frau, die rechts vor ihm auf der Anklagebank des Sitzungssaals&hellip;\n","protected":false},"author":2,"featured_media":880599,"comment_status":"","ping_status":"","sticky":false,"template":"","format":"standard","meta":{"footnotes":"","_share_on_mastodon":"0"},"categories":[1827],"tags":[84224,772,29,125396,13690,30,3233,1268,2339,1269,149],"class_list":["post-880598","post","type-post","status-publish","format-standard","has-post-thumbnail","category-muenchen","tag-bad-toelz-wolfratshausen","tag-bayern","tag-deutschland","tag-geretsried","tag-gerichtsprozesse","tag-germany","tag-landkreis-bad-toelz-wolfratshausen","tag-muenchen","tag-oberbayern","tag-prozess","tag-sueddeutsche-zeitung"],"share_on_mastodon":{"url":"https:\/\/pubeurope.com\/@de\/116255852241126414","error":""},"_links":{"self":[{"href":"https:\/\/www.europesays.com\/de\/wp-json\/wp\/v2\/posts\/880598","targetHints":{"allow":["GET"]}}],"collection":[{"href":"https:\/\/www.europesays.com\/de\/wp-json\/wp\/v2\/posts"}],"about":[{"href":"https:\/\/www.europesays.com\/de\/wp-json\/wp\/v2\/types\/post"}],"author":[{"embeddable":true,"href":"https:\/\/www.europesays.com\/de\/wp-json\/wp\/v2\/users\/2"}],"replies":[{"embeddable":true,"href":"https:\/\/www.europesays.com\/de\/wp-json\/wp\/v2\/comments?post=880598"}],"version-history":[{"count":0,"href":"https:\/\/www.europesays.com\/de\/wp-json\/wp\/v2\/posts\/880598\/revisions"}],"wp:featuredmedia":[{"embeddable":true,"href":"https:\/\/www.europesays.com\/de\/wp-json\/wp\/v2\/media\/880599"}],"wp:attachment":[{"href":"https:\/\/www.europesays.com\/de\/wp-json\/wp\/v2\/media?parent=880598"}],"wp:term":[{"taxonomy":"category","embeddable":true,"href":"https:\/\/www.europesays.com\/de\/wp-json\/wp\/v2\/categories?post=880598"},{"taxonomy":"post_tag","embeddable":true,"href":"https:\/\/www.europesays.com\/de\/wp-json\/wp\/v2\/tags?post=880598"}],"curies":[{"name":"wp","href":"https:\/\/api.w.org\/{rel}","templated":true}]}}