{"id":880830,"date":"2026-03-19T14:46:16","date_gmt":"2026-03-19T14:46:16","guid":{"rendered":"https:\/\/www.europesays.com\/de\/880830\/"},"modified":"2026-03-19T14:46:16","modified_gmt":"2026-03-19T14:46:16","slug":"ukraine-krise-beim-eu-gipfel-merz-macht-druck-auf-orban-und-dealt-mit-macron-politik","status":"publish","type":"post","link":"https:\/\/www.europesays.com\/de\/880830\/","title":{"rendered":"Ukraine-Krise beim EU-Gipfel: Merz macht Druck auf Orban \u2013 und dealt mit Macron | Politik"},"content":{"rendered":"<p><a class=\"skip-content skip-content--link\" href=\"#in-content-skip-link-target-v-0-0\">TTS-Player \u00fcberspringen\u21b5<\/a><a id=\"in-content-skip-link-target-v-0-0\" class=\"skip-content--target-link-hidden skip-content skip-content--target-link\" href=\"#in-content-skip-link-target-v-0-0\">Artikel weiterlesen<\/a><\/p>\n<p>Br\u00fcssel \u2013 <b>\u201eFamilienfoto\u201c nennt man das etwas steife Gruppenbild, f\u00fcr das im Geb\u00e4ude des Europ\u00e4ischen Rates extra zwei Stufen auf den roten Teppich montiert werden. Aber: So richtig wie eine Familie wirkt die Runde der 27 Staats- und Regierungschefs nicht mehr. Ungarn-Regent Viktor Orban (62), so scheint es, hat mit der EU und einem Gro\u00dfteil seiner Kollegen abgeschlossen. Umgekehrt ist es knapp davor, fallen Worte wie \u201eErpressung\u201c. <\/b><\/p>\n<p>Die Eskalation im Vergleich zum Dezember-Gipfel: Vier Jahre nach Beginn des russischen \u00dcberfalls auf die Ukraine nennt Orban Ukraine-Pr\u00e4sident Selenskyj einen \u201eFeind Ungarns\u201c. Obwohl sein Land sich ohnehin nicht beteiligt, blockiert er 90 Milliarden EU-Hilfsgelder f\u00fcr Kiew. Ohne die sehen Experten schwarz f\u00fcr die Verteidigungsf\u00e4higkeit Kiews, nachdem die Amerikaner unter US-Pr\u00e4sident Donald Trump (79) ihre Unterst\u00fctzung gestoppt haben. <\/p>\n<p><img decoding=\"async\" width=\"992\" height=\"558\" alt=\"Will nicht nachgeben: Ungarn-Ministerpr\u00e4sident Viktor Orban\" src=\"https:\/\/www.europesays.com\/de\/wp-content\/uploads\/2026\/03\/1d5d38895493dd0a752d5459a8a42a98,73faa9f0.jpeg\"   class=\"landscape\" loading=\"lazy\"\/><\/p>\n<p class=\"fig__caption__text\">Will nicht nachgeben: Ungarn-Ministerpr\u00e4sident Viktor Orban (62)<\/p>\n<p>Foto: ROPI<\/p>\n<p>Vordergr\u00fcndig geht es Orban darum, weiter billiges \u00d6l aus <a href=\"https:\/\/www.bild.de\/politik\/ausland\/russland\/russland-alle-infos-79315672.bild.html\" class=\"text-link\" rel=\"nofollow noopener\" target=\"_blank\">Russland<\/a> zu beziehen. Die Reparatur einer bei Luftschl\u00e4gen zerst\u00f6rten Pipeline durch die Ukraine geht ihm nicht schnell genug, das Veto ist sein Druckmittel. Viele vermuten jedoch: <a href=\"https:\/\/www.bild.de\/politik\/leute\/viktor-orban\/thema-viktor-orban-alle-infos-80014730.bild.html\" class=\"text-link\" rel=\"nofollow noopener\" target=\"_blank\">Orban<\/a>, der keinen Hehl aus seiner N\u00e4he zu Kreml-Despot Wladimir Putin (73) macht, nimmt in Wahrheit die EU in Geiselhaft f\u00fcr seinen Wahlkampf. Umfragen zufolge muss er bis zum Urnengang am 12. April bei den Parlamentswahlen noch neun Prozentpunkte aufholen. Er setzt daf\u00fcr voll auf die Anti-EU-Karte.  <\/p>\n<p>Merz hofft auf Loyalit\u00e4t<\/p>\n<p>Die Stimmung in Br\u00fcssel: frostig. Bundeskanzler Friedrich Merz (70, CDU) erinnerte Orban daran, dass beim Gipfel im Dezember eine einstimmige Entscheidung aller Mitgliedstaaten \u00fcber die Hilfen getroffen worden sei. \u201eDas Prinzip der Arbeit in der Europ\u00e4ischen Union ist das Prinzip der Loyalit\u00e4t und der Verl\u00e4sslichkeit. Und ich gehe davon aus, dass sich daran alle Mitgliedstaaten in der Europ\u00e4ischen Union auch halten\u201c, sagte Merz bei seinem Eintreffen. Frankreichs Pr\u00e4sident Macron sagte lapidar: \u201eIch m\u00f6chte, dass wir unser Versprechen \u00fcber das 90-Milliarden-Euro-Darlehen einhalten.\u201c<\/p>\n<p>Mehr zum Thema<\/p>\n<p>Weit weniger diplomatisch dr\u00fcckte sich der niederl\u00e4ndische Ministerpr\u00e4sident Rob Jetten (38) aus: \u201eWir sollten nicht \u00fcber einen \u201aPlan B\u2018 sprechen, denn dann w\u00fcrden wir Orbans Erpressung nachgeben, und das ist das Letzte, was wir tun sollten\u201c, sagte er. Die EU-Au\u00dfenbeauftragte Kaja Kallas (48) betonte, dass andere EU-L\u00e4nder wie Kroatien Ungarn l\u00e4ngst angeboten h\u00e4tten, es mit \u00d6l zu versorgen. Und eine versuchte es mit Engelszungen: Auf dem Weg zum Familienfoto sah man die italienische Ministerpr\u00e4sidentin Giorgia Meloni (49) auf Orban einreden. Vergeblich, Orban blieb hart: Er sei erst gespr\u00e4chsbereit, wenn wieder russisches \u00d6l nach Ungarn flie\u00dft, sagte er. Die EU versucht nun offenbar einen Umweg: Die erste Tranche werde \u201eAnfang April\u201c flie\u00dfen, hei\u00dft es im offiziellen Gipfelbeschluss. <\/p>\n<p>Ringen um Kampfjet-Projekt<\/p>\n<p>Die positive Nachricht zum Auftakt: Es gibt neue Hoffnung f\u00fcr das wichtigste europ\u00e4ische R\u00fcstungsprojekt, das neue Kampfjet-System FCAS (\u201eFuture Combat Air System\u201c) von Deutschland, Frankreich und Spanien: Bei einem Abendessen (im stylischen Br\u00fcsseler Hotel \u201eAmigo\u201c) haben sich Frankreichs Pr\u00e4sident Emmanuel Macron und Merz nach monatelangem Streit auf einen letzten Schlichtungsversuch geeinigt. <\/p>\n<p><img decoding=\"async\" width=\"992\" height=\"558\" alt=\"Ernst Mienen: Spaniens Regierungschef Pedro S\u00e1nchez (Sozialistenpartei PSOE) und Bundeskanzler Friedrich Merz (CDU)\" src=\"https:\/\/www.europesays.com\/de\/wp-content\/uploads\/2026\/03\/2372f41a6af40c4ed717add51f014ebd,9cd83383.jpeg\"   class=\"landscape\" loading=\"lazy\"\/><\/p>\n<p class=\"fig__caption__text\">Ernst Mienen zum Gipfel-Auftakt: Spaniens Regierungschef Pedro S\u00e1nchez (Sozialistenpartei PSOE) und Bundeskanzler Friedrich Merz (CDU)<\/p>\n<p>Foto: AFP<\/p>\n<p>\u00dcber Kreuz geraten waren bei dem 100-Milliarden-Euro-Projekt die Industriepartner \u201eDassault Aviation\u201c auf franz\u00f6sischer Seite und Airbus f\u00fcr Deutschland und Spanien. Merz hatte im Februar erstmals auch grunds\u00e4tzliche Zweifel ge\u00e4u\u00dfert.<\/p>\n<p>Das System sollte ab 2040 die Kampfjets vom Typ Rafale in Frankreich und den Eurofighter in Deutschland und Spanien ersetzen. Macron will das Projekt retten: \u201eIch halte es f\u00fcr strategisch sinnvoll\u201c, sagte er. Aus deutschen Regierungskreisen hie\u00df es zur\u00fcckhaltend, man brauche wegen der anstehenden Haushaltsverhandlungen Klarheit bis Mitte April. <\/p>\n","protected":false},"excerpt":{"rendered":"TTS-Player \u00fcberspringen\u21b5Artikel weiterlesen Br\u00fcssel \u2013 \u201eFamilienfoto\u201c nennt man das etwas steife Gruppenbild, f\u00fcr das im Geb\u00e4ude des Europ\u00e4ischen&hellip;\n","protected":false},"author":2,"featured_media":880831,"comment_status":"","ping_status":"","sticky":false,"template":"","format":"standard","meta":{"footnotes":"","_share_on_mastodon":"0"},"categories":[3933],"tags":[331,332,548,663,158,73282,3934,3935,13,14,15,54512,3082,307,12,45,317,3081],"class_list":["post-880830","post","type-post","status-publish","format-standard","has-post-thumbnail","category-eu","tag-aktuelle-nachrichten","tag-aktuelle-news","tag-eu","tag-europa","tag-europaeische-union","tag-europaeischer-rat","tag-europe","tag-european-union","tag-headlines","tag-nachrichten","tag-news","tag-orban-viktor","tag-putin-wladimir","tag-russland","tag-schlagzeilen","tag-texttospeech","tag-ukraine","tag-ukraine-konflikt"],"share_on_mastodon":{"url":"https:\/\/pubeurope.com\/@de\/116256387141785424","error":""},"_links":{"self":[{"href":"https:\/\/www.europesays.com\/de\/wp-json\/wp\/v2\/posts\/880830","targetHints":{"allow":["GET"]}}],"collection":[{"href":"https:\/\/www.europesays.com\/de\/wp-json\/wp\/v2\/posts"}],"about":[{"href":"https:\/\/www.europesays.com\/de\/wp-json\/wp\/v2\/types\/post"}],"author":[{"embeddable":true,"href":"https:\/\/www.europesays.com\/de\/wp-json\/wp\/v2\/users\/2"}],"replies":[{"embeddable":true,"href":"https:\/\/www.europesays.com\/de\/wp-json\/wp\/v2\/comments?post=880830"}],"version-history":[{"count":0,"href":"https:\/\/www.europesays.com\/de\/wp-json\/wp\/v2\/posts\/880830\/revisions"}],"wp:featuredmedia":[{"embeddable":true,"href":"https:\/\/www.europesays.com\/de\/wp-json\/wp\/v2\/media\/880831"}],"wp:attachment":[{"href":"https:\/\/www.europesays.com\/de\/wp-json\/wp\/v2\/media?parent=880830"}],"wp:term":[{"taxonomy":"category","embeddable":true,"href":"https:\/\/www.europesays.com\/de\/wp-json\/wp\/v2\/categories?post=880830"},{"taxonomy":"post_tag","embeddable":true,"href":"https:\/\/www.europesays.com\/de\/wp-json\/wp\/v2\/tags?post=880830"}],"curies":[{"name":"wp","href":"https:\/\/api.w.org\/{rel}","templated":true}]}}