{"id":881123,"date":"2026-03-19T17:46:16","date_gmt":"2026-03-19T17:46:16","guid":{"rendered":"https:\/\/www.europesays.com\/de\/881123\/"},"modified":"2026-03-19T17:46:16","modified_gmt":"2026-03-19T17:46:16","slug":"leipziger-buchmesse-fuenf-comics-fuer-jugendliteraturpreis-nominiert","status":"publish","type":"post","link":"https:\/\/www.europesays.com\/de\/881123\/","title":{"rendered":"Leipziger Buchmesse: F\u00fcnf Comics f\u00fcr\u00a0Jugendliteraturpreis nominiert"},"content":{"rendered":"<p class=\"tspCBnp tspCBnq\">F\u00fcnf Graphic Novels sind am Donnerstag im Rahmen der <a href=\"https:\/\/www.tagesspiegel.de\/kultur\/comics\/namhafte-gaste-aus-japan-und-deutschland-diese-manga-und-comic-stars-kommen-zur-leipziger-buchmesse-15256557.html?icid=in-text-link_15380334\" class=\"link link--internal\" data-gtm-class=\"article-text-link\" data-gtm-val=\"internal\" rel=\"nofollow noopener\" target=\"_blank\">Leipziger Buchmesse<\/a> f\u00fcr den Deutschen Jugendliteraturpreis 2026 nominiert worden. Der seit 1956 verliehene Staatspreis f\u00fcr Literatur wird j\u00e4hrlich f\u00fcr herausragende Werke der Kinder- und Jugendliteratur verliehen. (<a href=\"https:\/\/www.jugendliteratur.org\/nominierungen\/c-103\" target=\"_blank\" rel=\"noopener nofollow\" class=\"link link--external\" data-gtm-class=\"article-text-link\" data-gtm-val=\"external\" aria-describedby=\"message-target-blank\">Hier<\/a> gibt es die Liste aller 30 diesj\u00e4hrigen Nominierungen.)<\/p>\n<p class=\"tspCBnp\">In der Kategorie Sachbuch findet sich das Werk einer ehemaligen Tagesspiegel-Zeichnerin: <a href=\"https:\/\/www.avant-verlag.de\/comics\/schweigen\/\" target=\"_blank\" rel=\"noopener nofollow\" class=\"link link--external\" data-gtm-class=\"article-text-link\" data-gtm-val=\"external\" aria-describedby=\"message-target-blank\"><strong>Birgit Weyhes Graphic Novel \u201eSchweigen\u201c<\/strong><\/a>, die im Berliner Avant-Verlag erschienen ist (368 Seiten, 39 Euro, empfohlenes Lesealter ab 16 Jahren). In ihrem Buch arbeitet die Hamburger Comicautorin, <a href=\"https:\/\/www.tagesspiegel.de\/kultur\/comics\/heimat-ist-mehr-als-nur-ein-ort-4159873.html?icid=in-text-link_15380334\" class=\"link link--internal\" data-gtm-class=\"article-text-link\" data-gtm-val=\"internal\" rel=\"nofollow noopener\" target=\"_blank\">die lange auch f\u00fcr diese Zeitung gearbeitet hat<\/a>, die Verbrechen der Milit\u00e4rdiktatur in Argentinien auf. <a href=\"https:\/\/www.tagesspiegel.de\/kultur\/sachcomic-uber-opfer-der-argentinischen-militardiktatur-verschwunden-aber-nicht-vergessen-13777549.html?icid=in-text-link_15380334\" class=\"link link--internal\" data-gtm-class=\"article-text-link\" data-gtm-val=\"internal\" rel=\"nofollow noopener\" target=\"_blank\">Hier<\/a> gibt es eine ausf\u00fchrliche Rezension des Titels, der 2025 auch von einer Kritikerjury zu einem der besten Comics des Jahres gew\u00e4hlt wurde.<\/p>\n<p><img decoding=\"async\" src=\"https:\/\/www.europesays.com\/de\/wp-content\/uploads\/2026\/03\/aus-dem-buch-schweigen-von-birgit-weyhe-quelle-avant-verlag.jpeg\" alt=\"aus dem Buch &quot;Schweigen&quot; von Birgit Weyhe, Quelle: Avant-Verlag\" aria-labelledby=\"caption-15380424\" width=\"620\" height=\"894\" loading=\"lazy\" class=\"tspAYip\"\/> Eine Seite aus dem Buch \u201eSchweigen&#8220; von Birgit Weyhe. <\/p>\n<p class=\"tspACfv\"> \u00a9 Avant-Verlag <\/p>\n<p class=\"tspCBnp\">\u201eIn jedem Pinselstrich und jedem Wort verbindet Weyhe historische und biografische Genauigkeit mit k\u00fcnstlerischer Reflexion\u201c, lobt die Jury in ihrer Begr\u00fcndung f\u00fcr die Nominierung. Gro\u00dffl\u00e4chiges Schwarz, sparsame Farbeins\u00e4tze und wiederkehrende Muster und Motive strukturierten die Seiten und verdichteten die Themen Freiheit, Gewalt, Erinnerung und Verlust. \u201eDie Komposition aus Text und Bild folgt einem pr\u00e4zisen Rhythmus aus Wiederholung und Variation und es entsteht eine Dramaturgie, die Verschwiegenes tastend umkreist.\u201c<\/p>\n<p> \u201eEin wichtiger Beitrag gegen das Vergessen\u201c <\/p>\n<p class=\"tspCBnp\">Ein weiterer Comic in der Sachbuch-Nominierungsliste ist <a href=\"https:\/\/www.avant-verlag.de\/comics\/die-gro%C3%9Fe-verdr%C3%A4ngung\/\" target=\"_blank\" rel=\"noopener nofollow\" class=\"link link--external\" data-gtm-class=\"article-text-link\" data-gtm-val=\"external\" aria-describedby=\"message-target-blank\"><strong>\u201eDie gro\u00dfe Verdr\u00e4ngung\u201c von Roberto Grossi<\/strong><\/a><strong> <\/strong>(\u00dcbersetzung Myriam Alfano, Avant, 208 Seiten, 25 Euro, ab 16 Jahren). Darin analysiert der italienische Autor und Zeichner die wirtschaftlichen und politischen Hintergr\u00fcnde der Klimakrise.<\/p>\n<p><img decoding=\"async\" src=\"https:\/\/www.europesays.com\/de\/wp-content\/uploads\/2026\/03\/leipziger-buchmesse-2024-23-03-2024-gegen-12-30-uhr-leipzig-neue-messe-im-foto-fahnen-mit-dem-logo-d.jpeg\"   alt=\"Leipziger Buchmesse 2024 23.03.2024 gegen 12.30 Uhr Leipzig, Neue Messe Im Foto: Fahnen mit dem Logo der Leipziger Buchmesse vor der Messe Die Leipziger Buchmesse findet in diesem Jahr vom 21. bis 24. M\u00e4rz statt. Auf dem Fr\u00fchjahrstreffen der Buchbranche pr\u00e4sentierten sich \u00fcber 2.000 Aussteller aus 40 L\u00e4ndern mit ihren Neuheiten. Unter dem Motto Alles au\u00dfer flach pr\u00e4sentieren sich die Niederlande und Flandern als Gastland auf der Leipziger Buchmesse 2024. Zeitgleich zur Leipziger Buchmesse findet dieses Jahr erneut auch die Manga-Comic-Con. Leipzig Sachsen Deutschland *** Leipzig Book Fair 2024 23 03 2024 around 12 30 Leipzig, Neue Messe In the photo Flags with the Leipzig Book Fair logo in front of the fair The Leipzig Book Copyright: xEHLxMedia\/Bj\u00f6rnxStachx 240323_buchmesse-leipzig_35\" aria-labelledby=\"caption-15380430\" width=\"440\" height=\"330\" loading=\"lazy\" class=\"tspAYip\"\/> Die Leipziger Buchmesse findet in diesem Jahr bis zum 23. M\u00e4rz statt. <\/p>\n<p class=\"tspACfv\"> \u00a9 IMAGO\/EHL Media\/IMAGO\/EHL Media\/Bj\u00f6rn Stach <\/p>\n<p class=\"tspCBnp\">\u201eSeine Bildsprache ist angelehnt an ein breites Spektrum zeitgen\u00f6ssischer visueller Ausdrucksformen. Es reicht von der traditionellen Panelstruktur des Comics bis zu narrativen und ikonografischen Elementen sozialer Medien\u201c, lobt die Jury. \u201eJede Szene entwickelt ihre eigene eindringliche Argumentation, die das Ausma\u00df von Unt\u00e4tigkeit, Verharmlosung und Ignoranz sp\u00fcrbar macht.\u201c<\/p>\n<p class=\"tspCBnp\">Zwei weitere Comics finden sich in der Kategorie Jugendbuch. Zum einen die Graphic Novel <a href=\"https:\/\/helvetiq.com\/de\/lebensborn\" target=\"_blank\" rel=\"noopener nofollow\" class=\"link link--external\" data-gtm-class=\"article-text-link\" data-gtm-val=\"external\" aria-describedby=\"message-target-blank\"><strong>\u201eLebensborn: Was meine Familie mit der NS-Rassenpolitik zu tun hat\u201c von Isabelle Maroger<\/strong><\/a><strong>\u00a0<\/strong>(\u00dcbersetzung Silv Bannenberg, Helvetiq, 224 S., 22 Euro, ab 16 Jahren). Darin besch\u00e4ftigt sich die in Frankreich lebende Autorin und Zeichnerin anhand ihrer eigenen Familiengeschichte und der Biografie ihrer Mutter mit einem wenig bekannten Kapitel in der Geschichte des Nationalsozialismus.<\/p>\n<p class=\"tspCBnp\">\u201eMaroger hat ihre eigene Identit\u00e4tssuche mit fundierten Fakten zur NS-Rassenpolitik verwoben\u201c, hei\u00dft es in der Jurybegr\u00fcndung. Im Wechsel von Farbe und Schwarz-Wei\u00df, von doppelseitigen Panoramen und kleinschrittigen Panels f\u00fchre die Zeichnerin ihre Leserinnen und Leser durch die Zeitebenen: \u201eEin wichtiger Beitrag gegen das Vergessen.\u201c<\/p>\n<p><a href=\"https:\/\/www.tagesspiegel.de\/kultur\/comics\/namhafte-gaste-aus-japan-und-deutschland-diese-manga-und-comic-stars-kommen-zur-leipziger-buchmesse-15256557.html?icid=single-topic_15380334___\" data-gtm-class=\"article-mzt-link\" class=\"tspCRo0\" rel=\"nofollow noopener\" target=\"_blank\">Namhafte G\u00e4ste aus Japan und Deutschland Diese Manga- und Comic-Stars kommen zur Leipziger Buchmesse  <\/a><\/p>\n<p class=\"tspCBnp\">Der zweite Comic in der Jugendbuch-Kategorie besch\u00e4ftigt sich ebenfalls mit einem historischen Thema: In der Anthologie <a href=\"https:\/\/www.avant-verlag.de\/comics\/stell-dir-vor-1\/\" target=\"_blank\" rel=\"noopener nofollow\" class=\"link link--external\" data-gtm-class=\"article-text-link\" data-gtm-val=\"external\" aria-describedby=\"message-target-blank\"><strong>\u201eStell dir vor! Comics \u00fcber die Nachkriegszeit\u201c<\/strong><\/a> (Avant, 184 Seiten, 26 Euro, ab 14 Jahren) widmen sich sechs Zeichnerinnen Objekten aus der Zeit nach dem Zweiten Weltkrieg, die im Haus der Geschichte NRW gesammelt sind. Auf dieser Basis lassen Julia Bernhard, Melanie Garanin, Mikael Ross, Tobi Dahmen, Volker Schmitt\u00a0und Julia Zejn\u00a0Geschichte lebendig werden. <\/p>\n<p class=\"tspCBnp\">\u201eEine Anthologie von hoher \u00e4sthetischer Qualit\u00e4t\u201c, findet die Jury. \u201eDie unterschiedlichen Herangehensweisen kreieren jeweils eigene Stimmungen und verleihen den Geschichten zus\u00e4tzliche Tiefe.\u201c Innovativ sei zudem die Idee, Geschichtsvermittlung anhand von Objekten lebendig werden zu lassen. \u201eEinen Rahmen erh\u00e4lt diese Anthologie durch ein Vor- und Nachwort sowie durch Hintergrundinformationen zur historischen Einordnung.\u201c<\/p>\n<p> Offenheit gegen\u00fcber dem vermeintlich Andersartigen <\/p>\n<p class=\"tspCBnp\">In der Kategorie Kinderbuch wurde <a href=\"https:\/\/www.kibitz-verlag.de\/b%C3%BCcher\/der-zahn\/\" target=\"_blank\" rel=\"noopener nofollow\" class=\"link link--external\" data-gtm-class=\"article-text-link\" data-gtm-val=\"external\" aria-describedby=\"message-target-blank\"><strong>Ay\u015fe Klinges \u201eDer Zahn\u201c<\/strong><\/a> (Kibitz, 224 Seiten, 26 Euro, ab 6 Jahren) nominiert. Darin erz\u00e4hlt die in Berlin geborene und in Hamburg lebende Zeichnerin eine humorvolle Vampirgeschichte, die nebenbei f\u00fcr Offenheit gegen\u00fcber dem vermeintlich Andersartigen wirbt.<\/p>\n<p><img decoding=\"async\" src=\"https:\/\/www.europesays.com\/de\/wp-content\/uploads\/2026\/03\/tz.jpeg\" alt=\"Verlagspr\u00e4sentationen von Kibitz, die Illustration ist aus dem Buch &quot;Der Zahn&quot; von Ay\u015fe Klinge\" aria-labelledby=\"caption-15360239\" width=\"620\" height=\"836\" loading=\"lazy\" class=\"tspAYip\"\/> Eine Seite aus dem Buch &#8222;Der Zahn&#8220; von Ay\u015fe Klinge. <\/p>\n<p class=\"tspACfv\"> \u00a9 Kibitz-Verlag <\/p>\n<p class=\"tspCBnp\">\u201eEin au\u00dfergew\u00f6hnlicher Comic, der mit knappem Text und einem reduzierten, zugleich ausdrucksstarken Zeichenstil gro\u00dfe Themen verhandelt: Anderssein, Mobbing, Eifersucht und Tradition versus Selbstbestimmung\u201c, befindet die Jury. Ein eigenwilliger, bisweilen skurriler Humor bestimme den Grundton, und das Spiel mit Perspektiven verst\u00e4rke die emotionale Wirkung. \u201eSensibel und klug zeigt die Geschichte, wie Freundschaft scheinbar un\u00fcberbr\u00fcckbare Differenzen \u00fcberwindet.\u201c<\/p>\n<p>Mehr zur Leipziger Buchmesse 2026:<a href=\"https:\/\/www.tagesspiegel.de\/kultur\/fur-ihren-roman-goldstrand-katerina-poladjan-gewinnt-preis-der-leipziger-buchmesse-15379848.html?icid=topic-list_15380334___\" data-gtm-class=\"article-mzt-link\" data-hydrate-fingerprint=\"09740a54944caac75fd2c0c63fd5c5df\" data-hydrate-props=\"{&amp;escapedquot;element&amp;escapedquot;:{&amp;escapedquot;type&amp;escapedquot;:&amp;escapedquot;relatedContent&amp;escapedquot;,&amp;escapedquot;fieldMap&amp;escapedquot;:{},&amp;escapedquot;relation&amp;escapedquot;:{&amp;escapedquot;fields&amp;escapedquot;:{&amp;escapedquot;isPaid&amp;escapedquot;:null},&amp;escapedquot;href&amp;escapedquot;:&amp;escapedquot;\/kultur\/fur-ihren-roman-goldstrand-katerina-poladjan-gewinnt-preis-der-leipziger-buchmesse-15379848.html&amp;escapedquot;,&amp;escapedquot;teaserTitle&amp;escapedquot;:{&amp;escapedquot;kicker&amp;escapedquot;:&amp;escapedquot;F\u00fcr ihren Roman \u201eGoldstrand\u201c&amp;escapedquot;,&amp;escapedquot;headline&amp;escapedquot;:&amp;escapedquot;Katerina Poladjan gewinnt Preis der Leipziger Buchmesse&amp;escapedquot;},&amp;escapedquot;id&amp;escapedquot;:&amp;escapedquot;15379848&amp;escapedquot;,&amp;escapedquot;type&amp;escapedquot;:&amp;escapedquot;story&amp;escapedquot;},&amp;escapedquot;isPartOfList&amp;escapedquot;:true,&amp;escapedquot;topicListType&amp;escapedquot;:&amp;escapedquot;topic-list&amp;escapedquot;},&amp;escapedquot;showArrow&amp;escapedquot;:true}\" data-hydrate-slots=\"{&#039;default&#039;:[]}\" class=\"tspCRo0 tspCVo8\" rel=\"nofollow noopener\" target=\"_blank\">F\u00fcr ihren Roman \u201eGoldstrand\u201c Katerina Poladjan gewinnt Preis der Leipziger Buchmesse <\/a><a href=\"https:\/\/www.tagesspiegel.de\/kultur\/schwimmen-sie-dank-schwulen-romanze-jetzt-im-geld-eine-thuringerin-hat-die-buchrechte-zum-serien-hit-heated-rivalry-15372834.html?icid=topic-list_15380334___\" data-gtm-class=\"article-mzt-link\" data-hydrate-fingerprint=\"09740a54944caac75fd2c0c63fd5c5df\" data-hydrate-props=\"{&amp;escapedquot;element&amp;escapedquot;:{&amp;escapedquot;type&amp;escapedquot;:&amp;escapedquot;relatedContent&amp;escapedquot;,&amp;escapedquot;fieldMap&amp;escapedquot;:{},&amp;escapedquot;relation&amp;escapedquot;:{&amp;escapedquot;fields&amp;escapedquot;:{&amp;escapedquot;isPaid&amp;escapedquot;:true},&amp;escapedquot;href&amp;escapedquot;:&amp;escapedquot;\/kultur\/schwimmen-sie-dank-schwulen-romanze-jetzt-im-geld-eine-thuringerin-hat-die-buchrechte-zum-serien-hit-heated-rivalry-15372834.html&amp;escapedquot;,&amp;escapedquot;teaserTitle&amp;escapedquot;:{&amp;escapedquot;kicker&amp;escapedquot;:&amp;escapedquot;Schwimmen Sie dank Schwulen-Romanze jetzt im Geld?&amp;escapedquot;,&amp;escapedquot;headline&amp;escapedquot;:&amp;escapedquot;Eine Th\u00fcringerin hat die Buchrechte zum Serien-Hit \u201eHeated Rivalry\u201c&amp;escapedquot;},&amp;escapedquot;id&amp;escapedquot;:&amp;escapedquot;15372834&amp;escapedquot;,&amp;escapedquot;type&amp;escapedquot;:&amp;escapedquot;story&amp;escapedquot;},&amp;escapedquot;isPartOfList&amp;escapedquot;:true,&amp;escapedquot;topicListType&amp;escapedquot;:&amp;escapedquot;topic-list&amp;escapedquot;},&amp;escapedquot;showArrow&amp;escapedquot;:true}\" data-hydrate-slots=\"{&#039;default&#039;:[]}\" class=\"tspCRo0 tspCVo8\" rel=\"nofollow noopener\" target=\"_blank\">Schwimmen Sie dank Schwulen-Romanze jetzt im Geld? Eine Th\u00fcringerin hat die Buchrechte zum Serien-Hit \u201eHeated Rivalry\u201c <\/a><a href=\"https:\/\/www.tagesspiegel.de\/kultur\/ist-der-manga-boom-vorbei-15285107.html?icid=topic-list_15380334___\" data-gtm-class=\"article-mzt-link\" data-hydrate-fingerprint=\"09740a54944caac75fd2c0c63fd5c5df\" data-hydrate-props=\"{&amp;escapedquot;element&amp;escapedquot;:{&amp;escapedquot;type&amp;escapedquot;:&amp;escapedquot;relatedContent&amp;escapedquot;,&amp;escapedquot;fieldMap&amp;escapedquot;:{},&amp;escapedquot;relation&amp;escapedquot;:{&amp;escapedquot;fields&amp;escapedquot;:{&amp;escapedquot;isPaid&amp;escapedquot;:null},&amp;escapedquot;href&amp;escapedquot;:&amp;escapedquot;\/kultur\/ist-der-manga-boom-vorbei-15285107.html&amp;escapedquot;,&amp;escapedquot;teaserTitle&amp;escapedquot;:{&amp;escapedquot;kicker&amp;escapedquot;:&amp;escapedquot;Der deutsche Comicmarkt vor der Leipziger Buchmesse&amp;escapedquot;,&amp;escapedquot;headline&amp;escapedquot;:&amp;escapedquot;Ist der Manga-Boom vorbei?&amp;escapedquot;},&amp;escapedquot;id&amp;escapedquot;:&amp;escapedquot;15285107&amp;escapedquot;,&amp;escapedquot;type&amp;escapedquot;:&amp;escapedquot;story&amp;escapedquot;},&amp;escapedquot;isPartOfList&amp;escapedquot;:true,&amp;escapedquot;topicListType&amp;escapedquot;:&amp;escapedquot;topic-list&amp;escapedquot;},&amp;escapedquot;showArrow&amp;escapedquot;:true}\" data-hydrate-slots=\"{&#039;default&#039;:[]}\" class=\"tspCRo0 tspCVo8\" rel=\"nofollow noopener\" target=\"_blank\">Der deutsche Comicmarkt vor der Leipziger Buchmesse Ist der Manga-Boom vorbei? <\/a><\/p>\n<p class=\"tspCBnp\">Der Deutsche Jugendliteraturpreis ist mit insgesamt 72.000 Euro dotiert, wird vom Bundesfamilienministerium gestiftet und vom Arbeitskreis f\u00fcr Jugendliteratur ausgerichtet. Ziel des Preises ist es, \u201eKinder und Jugendliche in ihrer Pers\u00f6nlichkeit zu st\u00e4rken und Orientierungshilfe auf einem schier un\u00fcberschaubaren Buchmarkt zu bieten\u201c. Die von drei unabh\u00e4ngigen Jurys ermittelten Preistr\u00e4gerinnen und Preistr\u00e4ger 2026 werden am 9. Oktober auf der Frankfurter Buchmesse gek\u00fcrt.<\/p>\n","protected":false},"excerpt":{"rendered":"F\u00fcnf Graphic Novels sind am Donnerstag im Rahmen der Leipziger Buchmesse f\u00fcr den Deutschen Jugendliteraturpreis 2026 nominiert worden.&hellip;\n","protected":false},"author":2,"featured_media":881124,"comment_status":"","ping_status":"","sticky":false,"template":"","format":"standard","meta":{"footnotes":"","_share_on_mastodon":"0"},"categories":[1832],"tags":[12932,1797,2395,3364,29,30,692,1635,11706,137170,42922,71,915,859,2281,103983],"class_list":["post-881123","post","type-post","status-publish","format-standard","has-post-thumbnail","category-leipzig","tag-argentinien","tag-buch","tag-comics","tag-de","tag-deutschland","tag-germany","tag-hamburg","tag-jugend","tag-kinderbuch","tag-kinderbuch-und-jugendbuch","tag-kulturpreise","tag-leipzig","tag-leipziger-buchmesse","tag-sachsen","tag-silvester","tag-zweiter-weltkrieg-und-kriegsende"],"share_on_mastodon":{"url":"https:\/\/pubeurope.com\/@de\/116257095095729529","error":""},"_links":{"self":[{"href":"https:\/\/www.europesays.com\/de\/wp-json\/wp\/v2\/posts\/881123","targetHints":{"allow":["GET"]}}],"collection":[{"href":"https:\/\/www.europesays.com\/de\/wp-json\/wp\/v2\/posts"}],"about":[{"href":"https:\/\/www.europesays.com\/de\/wp-json\/wp\/v2\/types\/post"}],"author":[{"embeddable":true,"href":"https:\/\/www.europesays.com\/de\/wp-json\/wp\/v2\/users\/2"}],"replies":[{"embeddable":true,"href":"https:\/\/www.europesays.com\/de\/wp-json\/wp\/v2\/comments?post=881123"}],"version-history":[{"count":0,"href":"https:\/\/www.europesays.com\/de\/wp-json\/wp\/v2\/posts\/881123\/revisions"}],"wp:featuredmedia":[{"embeddable":true,"href":"https:\/\/www.europesays.com\/de\/wp-json\/wp\/v2\/media\/881124"}],"wp:attachment":[{"href":"https:\/\/www.europesays.com\/de\/wp-json\/wp\/v2\/media?parent=881123"}],"wp:term":[{"taxonomy":"category","embeddable":true,"href":"https:\/\/www.europesays.com\/de\/wp-json\/wp\/v2\/categories?post=881123"},{"taxonomy":"post_tag","embeddable":true,"href":"https:\/\/www.europesays.com\/de\/wp-json\/wp\/v2\/tags?post=881123"}],"curies":[{"name":"wp","href":"https:\/\/api.w.org\/{rel}","templated":true}]}}