{"id":881141,"date":"2026-03-19T17:55:19","date_gmt":"2026-03-19T17:55:19","guid":{"rendered":"https:\/\/www.europesays.com\/de\/881141\/"},"modified":"2026-03-19T17:55:19","modified_gmt":"2026-03-19T17:55:19","slug":"koeln-lifefit-kauft-just-fit-mit-21-studios-geld","status":"publish","type":"post","link":"https:\/\/www.europesays.com\/de\/881141\/","title":{"rendered":"K\u00f6ln: LifeFit kauft Just Fit mit 21 Studios | Geld"},"content":{"rendered":"<p><a class=\"skip-content skip-content--link\" href=\"#in-content-skip-link-target-v-0-0\">TTS-Player \u00fcberspringen\u21b5<\/a><a id=\"in-content-skip-link-target-v-0-0\" class=\"skip-content--target-link-hidden skip-content skip-content--target-link\" href=\"#in-content-skip-link-target-v-0-0\">Artikel weiterlesen<\/a><\/p>\n<p>K\u00f6ln \u2013 <b>Das Bundeskartellamt winkt die n\u00e4chste gro\u00dfe \u00dcbernahme auf dem Fitnessstudio-Markt durch. LifeFit schnappt sich die K\u00f6lner Kette Just Fit mit 21 Studios im Rheinland. Damit baut der Riese sein Reich weiter aus \u2013 bundesweit betreibt die Gruppe nun 203 Studios unter verschiedenen Marken wie Fitness First, Barry&#8217;s und Elixia.<\/b><\/p>\n<p>Kartellamtschef Andreas Mundt gab gr\u00fcnes Licht f\u00fcr den Deal. Zwar standen sich beide Firmen in K\u00f6ln als Konkurrenten gegen\u00fcber. Doch Mundt erkl\u00e4rte: \u201eDer Zusammenschluss konnte trotzdem freigegeben werden, weil das Wettbewerbsgeschehen bei Fitnessstudios in der K\u00f6lner Innenstadt dynamisch ist und absehbar auch bleiben wird.\u201c<\/p>\n<p>Gro\u00dfe Anbieter kaufen reihenweise zu<\/p>\n<p>LifeFit reiht \u00dcbernahme an \u00dcbernahme. Der Konzern hatte bereits im Vorjahr Fit\/One geschluckt. Den Berliner Anbieter Elixia hatte LifeFit ebenfalls 2025 \u00fcbernommen. Basic-Fit verleibte sich Clever Fit ein. All-inclusive-Fitness (AI Fitness) schnappte sich Fit Star sowie Fitness Future.<\/p>\n<p>Hinter dem Kaufrausch steckt Kalk\u00fcl: Deutschlands Fitnessbranche boomt. Menschen k\u00fcmmern sich mehr um ihre Gesundheit, in der alternden Gesellschaft wollen viele lange fit bleiben. Finanzinvestoren wittern gro\u00dfes Wachstumspotenzial, gr\u00f6\u00dfere Betreiber gewinnen massiv an Bedeutung.<\/p>\n<p>Mehr zum ThemaMitgliederzahlen steigen kr\u00e4ftig<\/p>\n<p>Die Zahlen belegen den Trend: Laut Branchenverband DSSV trainierten 2025 in <a href=\"https:\/\/www.bild.de\/themen\/orte\/deutschland\/nachrichten-news-fotos-videos-17266634.bild.html\" class=\"text-link\" rel=\"nofollow noopener\" target=\"_blank\">Deutschland<\/a> 12,3 Millionen Menschen in einem Fitnessstudio oder einer anderen Gesundheitsanlage \u2013 5,6 Prozent mehr als 2024. Bundesweit existieren dem DSSV zufolge 9.647 Anlagen. DSSV-Vorstandsmitglied Ralf Capelan betont: \u201e<a href=\"https:\/\/www.bild.de\/lifestyle\/wellness-fitness\/fitness\/thema-fitness-alle-infos-80260674.bild.html\" class=\"text-link\" rel=\"nofollow noopener\" target=\"_blank\">Fitness<\/a>&#8211; und Gesundheitstraining ist f\u00fcr viele Menschen zu einem unverzichtbaren Bestandteil ihres Alltags geworden.\u201c<\/p>\n<p>Der Experte best\u00e4tigt die Entwicklung auf dem Markt: \u201eDie Konsolidierung am Fitnessstudio-Markt l\u00e4uft, eine gro\u00dfe Kette kauft eine kleinere Kette.\u201c Um Einzelbetriebe gehe es dabei eher nicht \u2013 diese h\u00e4tten weiterhin ihre Berechtigung, da sie vor Ort nah am Kunden seien und im individuellen Service punkteten.<\/p>\n","protected":false},"excerpt":{"rendered":"TTS-Player \u00fcberspringen\u21b5Artikel weiterlesen K\u00f6ln \u2013 Das Bundeskartellamt winkt die n\u00e4chste gro\u00dfe \u00dcbernahme auf dem Fitnessstudio-Markt durch. LifeFit schnappt&hellip;\n","protected":false},"author":2,"featured_media":881142,"comment_status":"","ping_status":"","sticky":false,"template":"","format":"standard","meta":{"footnotes":"","_share_on_mastodon":"0"},"categories":[1828],"tags":[111944,1738,29,166296,247,29992,30,1420,1209,138370,45,55],"class_list":["post-881141","post","type-post","status-publish","format-standard","has-post-thumbnail","category-koeln","tag-content-pipeline","tag-desk-delta","tag-deutschland","tag-expandieren","tag-fitness","tag-fitnessstudio","tag-germany","tag-koeln","tag-nordrhein-westfalen","tag-team-first","tag-texttospeech","tag-wirtschaft"],"share_on_mastodon":{"url":"https:\/\/pubeurope.com\/@de\/116257130282238453","error":""},"_links":{"self":[{"href":"https:\/\/www.europesays.com\/de\/wp-json\/wp\/v2\/posts\/881141","targetHints":{"allow":["GET"]}}],"collection":[{"href":"https:\/\/www.europesays.com\/de\/wp-json\/wp\/v2\/posts"}],"about":[{"href":"https:\/\/www.europesays.com\/de\/wp-json\/wp\/v2\/types\/post"}],"author":[{"embeddable":true,"href":"https:\/\/www.europesays.com\/de\/wp-json\/wp\/v2\/users\/2"}],"replies":[{"embeddable":true,"href":"https:\/\/www.europesays.com\/de\/wp-json\/wp\/v2\/comments?post=881141"}],"version-history":[{"count":0,"href":"https:\/\/www.europesays.com\/de\/wp-json\/wp\/v2\/posts\/881141\/revisions"}],"wp:featuredmedia":[{"embeddable":true,"href":"https:\/\/www.europesays.com\/de\/wp-json\/wp\/v2\/media\/881142"}],"wp:attachment":[{"href":"https:\/\/www.europesays.com\/de\/wp-json\/wp\/v2\/media?parent=881141"}],"wp:term":[{"taxonomy":"category","embeddable":true,"href":"https:\/\/www.europesays.com\/de\/wp-json\/wp\/v2\/categories?post=881141"},{"taxonomy":"post_tag","embeddable":true,"href":"https:\/\/www.europesays.com\/de\/wp-json\/wp\/v2\/tags?post=881141"}],"curies":[{"name":"wp","href":"https:\/\/api.w.org\/{rel}","templated":true}]}}