{"id":881184,"date":"2026-03-19T18:20:15","date_gmt":"2026-03-19T18:20:15","guid":{"rendered":"https:\/\/www.europesays.com\/de\/881184\/"},"modified":"2026-03-19T18:20:15","modified_gmt":"2026-03-19T18:20:15","slug":"wm-testspiele-nagelsmann-nominiert-havertz-ruediger-und-undav-fuer-wm-testspiele","status":"publish","type":"post","link":"https:\/\/www.europesays.com\/de\/881184\/","title":{"rendered":"WM-Testspiele: Nagelsmann nominiert Havertz, R\u00fcdiger und Undav f\u00fcr WM-Testspiele"},"content":{"rendered":"<p class=\"paragraph article__item\"><a class=\"rtr-entity\" href=\"https:\/\/www.zeit.de\/thema\/bundestrainer\" rel=\"nofollow noopener\" target=\"_blank\">Bundestrainer<\/a> <a href=\"https:\/\/www.zeit.de\/thema\/julian-nagelsmann\" target=\"_blank\" rel=\"nofollow noopener\">Julian Nagelsmann<\/a> hat seinen Kader f\u00fcr die beiden L\u00e4nderspiele in Basel und Stuttgart vorgestellt. Die Partien gegen die Schweiz (27. M\u00e4rz) und gegen Ghana (30. M\u00e4rz) sind Tests f\u00fcr die im Sommer anstehende WM in den USA, Kanada und Mexiko.\n<\/p>\n<p class=\"paragraph article__item\">Den vorl\u00e4ufigen WM-Kader wird Nagelsmann am 16. Mai nominieren. Anfang Juni muss der finale WM-Kader von maximal 26 Spielern<br \/>\nder Fifa gemeldet werden.\n<\/p>\n<p class=\"paragraph article__item\"> Gr\u00f6\u00dfte \u00dcberraschungen im Aufgebot f\u00fcr die Testspiele waren die Nominierungen von Anton Stach von Leeds United und des Stuttgarters Josha Vagnoman. Beide waren zuletzt vor mehreren Jahren bei der Nationalmannschaft. Mit einer Berufung von <a class=\"rtr-entity\" href=\"https:\/\/www.zeit.de\/thema\/pascal-gross\" rel=\"nofollow noopener\" target=\"_blank\">Pascal Gro\u00df<\/a> von Brighton &amp; Hove Albion war ebenfalls nicht<br \/>\ngerechnet worden.\n<\/p>\n<p class=\"paragraph article__item\">Sieben der insgesamt 26 Spieler kommen vom FC Bayern, vier aus Stuttgart. Sieben der Spieler verdienen ihr Geld in der Premier League. Dazu z\u00e4hlt <a class=\"rtr-entity\" href=\"https:\/\/www.zeit.de\/thema\/kai-havertz\" rel=\"nofollow noopener\" target=\"_blank\">Kai Havertz<\/a> vom FC Arsenal der wie <a href=\"https:\/\/www.zeit.de\/thema\/antonio-ruediger\" target=\"_blank\" rel=\"nofollow noopener\">Antonio R\u00fcdiger<\/a> (Real Madrid) erwartungsgem\u00e4\u00df zur\u00fcckkehrt. Auch Deniz Undav aus Stuttgart ist wieder mit dabei. Jamal Musiala, der nach seinem Comeback in M\u00fcnchen wieder Probleme mit den Sprunggelenken hat, fehlt dagegen. Auch Niclas F\u00fcllkrug, Karim Adeyemi und Angelo Stiller sind nicht Teil des Kaders.\n<\/p>\n<p class=\"paragraph article__item\">Am kommenden Montag wird Nagelsmann sein aktuelles Aufgebot f\u00fcr die Testpartien im Stammquartier in <a href=\"https:\/\/www.zeit.de\/campus\/2024-03\/adidas-dfb-nike-herzogenaurach-nationalmannschaft\/komplettansicht\" target=\"_blank\" rel=\"nofollow noopener\">Herzogenaurach<\/a> versammeln.\n<\/p>\n<p>        &#8222;Fu\u00dfball \u00e4ndert nicht die weltpolitische Lage&#8220;        <\/p>\n<p class=\"paragraph article__item\">Der Bundestrainer nutzte die Gelegenheit auch, um \u00fcber die m\u00f6glichen Auswirkungen des Irankriegs auf die Weltmeisterschaft zu sprechen.<br \/>\n &#8222;Krieg beeinflusst immer Stimmungen, das ist selbstredend&#8220;, sagte der Nagelsmann. Er w\u00fcrde sich nat\u00fcrlich w\u00fcnschen, dass kein Krieg<br \/>\nherrsche, doch er sei der falsche Ansprechpartner, um daf\u00fcr eine L\u00f6sung<br \/>\nzu pr\u00e4sentieren. Fu\u00dfball habe zwar eine verbindende Wirkung, aber er<br \/>\nwerde &#8222;nicht die weltpolitische Lage \u00e4ndern&#8220;, sagte Nagelsman.\n<\/p>\n<p>                            \u00a9\u00a0unsplash.com<\/p>\n<p>\n                                        Newsletter<br \/>\n                                        Das tut mir gut \u2013 Der ZEIT-Gesundheitsnewsletter<\/p>\n<p class=\"newsletter-signup__text\">Einmal die Woche sammeln wir f\u00fcr Sie im ZEIT-Gesundheitsnewsletter die spannendsten Texte zu allem, was guttut. Darunter Tipps aus Psychologie und Medizin, Sport und Ern\u00e4hrung.<\/p>\n<p class=\"newsletter-signup__datapolicy\" hidden=\"\">\n            Mit Ihrer Registrierung nehmen Sie die <a href=\"https:\/\/datenschutz.zeit.de\/zon#Newsletter\" target=\"_blank\" rel=\"nofollow noopener\">Datenschutzerkl\u00e4rung<\/a><br \/>\n     zur Kenntnis.\n        <\/p>\n<p>    Vielen Dank! Wir haben Ihnen eine E-Mail geschickt.<\/p>\n<p>Pr\u00fcfen Sie Ihr Postfach und best\u00e4tigen Sie das Newsletter-Abonnement.<\/p>\n<p class=\"paragraph article__item\"><strong>Der Kader f\u00fcr die WM-Testspiele im \u00dcberblick:<\/strong>\n<\/p>\n<p class=\"paragraph article__item\"><strong>Torh\u00fcter:<\/strong> Oliver Baumann (TSG Hoffenheim), Alexander N\u00fcbel (VfB Stuttgart), Jonas Urbig (FC Bayern M\u00fcnchen).\n<\/p>\n<p class=\"paragraph article__item\"><strong>Defensive: <\/strong>Waldemar Anton (Borussia Dortmund),<br \/>\nNathaniel Brown (Eintracht Frankfurt), Pascal Gro\u00df (Brighton &amp; Hove Albion), Joshua Kimmich (FC Bayern M\u00fcnchen), Alexander Pavlovic (FC Bayern M\u00fcnchen), David Raum (RB Leipzig), <a class=\"rtr-entity\" href=\"https:\/\/www.zeit.de\/thema\/antonio-ruediger\" rel=\"nofollow noopener\" target=\"_blank\">Antonio R\u00fcdiger<\/a> (Real Madrid),<br \/>\n Nico Schlotterbeck (Borussia Dortmund), Anton Stach (Leeds United),<br \/>\nJonathan Tah (FC Bayern M\u00fcnchen), Malick Thiaw (Newcastle United), Josha Vagnoman (VfB Stuttgart).\n<\/p>\n<p class=\"paragraph article__item\"><strong>Offensive: <\/strong>Serge Gnabry (FC Bayern M\u00fcnchen),<br \/>\nLeon Goretzka (FC Bayern M\u00fcnchen), Kai Havertz (FC Arsenal), Lennart<br \/>\nKarl (FC Bayern M\u00fcnchen), Jamie Leweling (VfB Stuttgart), Felix Nmecha<br \/>\n(Borussia Dortmund), Leroy San\u00e9 (Galatasaray Istanbul), Kevin Schade (FC<br \/>\n Brentford), Deniz <a class=\"rtr-entity\" href=\"https:\/\/www.zeit.de\/thema\/deniz-undav\" rel=\"nofollow noopener\" target=\"_blank\">Undav<\/a> (VfB Stuttgart), Florian Wirtz (FC Liverpool),<br \/>\nNick Woltemade (Newcastle United).\n<\/p>\n<p>Mehr zum Thema<\/p>\n<p>            Fu\u00dfballweltmeisterschaft        <\/p>\n<p>                <a href=\"https:\/\/www.zeit.de\/2026\/06\/fussball-wm-2026-boykott-usa-donald-trump\" data-ct-label=\"Fu\u00dfball-WM 2026: Sollten wir die WM boykottieren?\" data-uuid=\"839d219e-aaae-4fbc-8e4f-7dc807a963d8\" rel=\"nofollow noopener\" target=\"_blank\"><\/p>\n<p>        Z+ (abopflichtiger Inhalt);<\/p>\n<p>    Fu\u00dfball-WM 2026:<br \/>\n                        Sollten wir die WM boykottieren?<\/p>\n<p>                <\/a><\/p>\n<p>                <a href=\"https:\/\/www.zeit.de\/sport\/2025-12\/wm-2026-usa-donald-trump-europaeische-union-fifa-gianni-infantino\" data-ct-label=\"WM 2026 in den USA: Aufm Platz sind wir Europ\u00e4er noch wer \" data-uuid=\"bd8a3c1b-d41c-4a09-898c-61c2597303dd\" rel=\"nofollow noopener\" target=\"_blank\"><\/p>\n<p>                        WM 2026 in den USA:<br \/>\n                        Aufm Platz sind wir Europ\u00e4er noch wer <\/p>\n<p>                <\/a><\/p>\n","protected":false},"excerpt":{"rendered":"Bundestrainer Julian Nagelsmann hat seinen Kader f\u00fcr die beiden L\u00e4nderspiele in Basel und Stuttgart vorgestellt. Die Partien gegen&hellip;\n","protected":false},"author":2,"featured_media":881185,"comment_status":"","ping_status":"","sticky":false,"template":"","format":"standard","meta":{"footnotes":"","_share_on_mastodon":"0"},"categories":[5],"tags":[7093,21670,22496,5695,19366,22504,13,2602,48658,14,15,11286,12,265,19150,10,8,9,11,194329],"class_list":["post-881184","post","type-post","status-publish","format-standard","has-post-thumbnail","category-nachrichten","tag-antonio-ruediger","tag-bundestrainer","tag-deniz-undav","tag-fifa","tag-fussball-wm","tag-fussballnationalmannschaft","tag-headlines","tag-julian-nagelsmann","tag-kai-havertz","tag-nachrichten","tag-news","tag-pascal-gross","tag-schlagzeilen","tag-sport","tag-sportler","tag-top-news","tag-top-meldungen","tag-topmeldungen","tag-topnews","tag-wm-testspiele"],"share_on_mastodon":{"url":"https:\/\/pubeurope.com\/@de\/116257228432918131","error":""},"_links":{"self":[{"href":"https:\/\/www.europesays.com\/de\/wp-json\/wp\/v2\/posts\/881184","targetHints":{"allow":["GET"]}}],"collection":[{"href":"https:\/\/www.europesays.com\/de\/wp-json\/wp\/v2\/posts"}],"about":[{"href":"https:\/\/www.europesays.com\/de\/wp-json\/wp\/v2\/types\/post"}],"author":[{"embeddable":true,"href":"https:\/\/www.europesays.com\/de\/wp-json\/wp\/v2\/users\/2"}],"replies":[{"embeddable":true,"href":"https:\/\/www.europesays.com\/de\/wp-json\/wp\/v2\/comments?post=881184"}],"version-history":[{"count":0,"href":"https:\/\/www.europesays.com\/de\/wp-json\/wp\/v2\/posts\/881184\/revisions"}],"wp:featuredmedia":[{"embeddable":true,"href":"https:\/\/www.europesays.com\/de\/wp-json\/wp\/v2\/media\/881185"}],"wp:attachment":[{"href":"https:\/\/www.europesays.com\/de\/wp-json\/wp\/v2\/media?parent=881184"}],"wp:term":[{"taxonomy":"category","embeddable":true,"href":"https:\/\/www.europesays.com\/de\/wp-json\/wp\/v2\/categories?post=881184"},{"taxonomy":"post_tag","embeddable":true,"href":"https:\/\/www.europesays.com\/de\/wp-json\/wp\/v2\/tags?post=881184"}],"curies":[{"name":"wp","href":"https:\/\/api.w.org\/{rel}","templated":true}]}}