{"id":881268,"date":"2026-03-19T19:08:15","date_gmt":"2026-03-19T19:08:15","guid":{"rendered":"https:\/\/www.europesays.com\/de\/881268\/"},"modified":"2026-03-19T19:08:15","modified_gmt":"2026-03-19T19:08:15","slug":"leipziger-buchmesse-streik-schlangen-neue-regeln-so-gelingt-der-besuch","status":"publish","type":"post","link":"https:\/\/www.europesays.com\/de\/881268\/","title":{"rendered":"Leipziger Buchmesse: Streik, Schlangen, neue Regeln &#8211; so gelingt der Besuch"},"content":{"rendered":"<p>Mit <a name=\"Zug\">Zug<\/a> und S-Bahn \u00fcber Leipzig-Messe anreisen<\/p>\n<p class=\"text\">\nDer \u00d6PNV in Leipzig f\u00e4hrt regul\u00e4r, das best\u00e4tigte die Gewerkschaft ver.di auf Anfrage von MDR KULTUR. Um zum Messegel\u00e4nde zu gelangen, k\u00f6nnen vom Hauptbahnhof die Stra\u00dfenbahnlinien 14 und 16 genutzt werden. Auch Regional- und S-Bahnen fahren regul\u00e4r. Mit der S20 ist w\u00e4hrend der Buchmesse eine zus\u00e4tzliche S-Bahn-Linie im Einsatz, die zwischen Leipzig Hauptbahnhof und Bahnhof Messe verkehrt.\n<\/p>\n<p class=\"text\">\nAu\u00dferdem halten w\u00e4hrend der <a href=\"https:\/\/www.mdr.de\/kultur\/buchmesse\/leipziger-buchmesse-306.html\" title=\"Leipziger Buchmesse 2026: Alle Infos zu Programm, Autoren, Promis\" rel=\"nofollow noopener\" target=\"_blank\">Leipziger Buchmesse<\/a> morgens einige ICE und IC der Deutschen Bahn zus\u00e4tzlich am Bahnhof Messe. Laut einer Bahnsprecherin betrifft das Z\u00fcge aus Richtung Berlin, Frankfurt, Hamburg oder M\u00fcnchen. Auch am Abend zwischen 17 und 19 Uhr seien zus\u00e4tzliche Halte vorgesehen.\n<\/p>\n<p class=\"text\">\nSonderz\u00fcge wie der der sogenannte &#8222;B\u00fccherwurm&#8220; zwischen Dresden und Leipzig werden am Samstag und Sonntag ebenso wieder eingesetzt.\n<\/p>\n<p>Anreise mit dem Auto oder per Park &amp; Ride<\/p>\n<p class=\"text\">\nWer mit dem Auto anreist, kann direkt auf dem Messegel\u00e4nde parken. Insgesamt stehen rund 14.000 Parkpl\u00e4tze zur Verf\u00fcgung. Bei der Parkplatzsuche ist ein dynamisches Parkleitsystem behilflich, das den Weg weist. Die Parkgeb\u00fchr betr\u00e4gt pro Auto zehn Euro f\u00fcr einen Tag.\n<\/p>\n<p class=\"text\">\nWer ganz sicher gehen will, sollte die Park &amp; Ride-Parkpl\u00e4tze in der Umgebung nutzen und die letzte Wegstrecke mit dem \u00d6PNV zur\u00fccklegen.\n<\/p>\n<p>Kostenlos mit Stra\u00dfenbahn fahren<\/p>\n<p class=\"text\">\nAuch 2026 k\u00f6nnen Besucherinnen und Besucher ihr Eintrittsticket zur Buchmesse am jeweiligen Besuchstag als Fahrkarte f\u00fcr Stra\u00dfenbahnen der Leipziger Verkehrsbetriebe nutzen.\n<\/p>\n<p class=\"text\">\nWie in den vergangenen Jahren werden wieder mehr Trams w\u00e4hrend der Buchmesse eingesetzt. Zu den Sto\u00dfzeiten sollen alle 2 bis 3 Minuten Stra\u00dfenbahnen zwischen Hauptbahnhof und Messegel\u00e4nde verkehren. Am Sonntag fahren die Bahnen etwas seltener. Auf allen Linien werden laut Leipziger Verkehrsbetriebe gr\u00f6\u00dfere Fahrzeuge eingesetzt.\n<\/p>\n<p class=\"text\">\nZwischen dem S-Bahnhof Messe und den Eing\u00e4ngen der Messe wird wieder ein Shuttleverkehr mit Bussen angeboten.\n<\/p>\n<p>Zur Buchmesse mit dem Fahrrad fahren<\/p>\n<p class=\"text\">\nWer mit dem Fahrrad zur Leipziger Messe f\u00e4hrt, findet an allen Besuchereing\u00e4ngen Stellpl\u00e4tze. Vor dem Verwaltungsgeb\u00e4ude gibt es zus\u00e4tzlich eine Ladestation f\u00fcr die Akkus von E-Bikes mit verschlie\u00dfbaren Akku-F\u00e4chern. Ein abgez\u00e4unter Fahrradstellplatz am Messesee (Eingang Halle West) kann von 8 bis 19 Uhr kostenlos genutzt werden.\n<\/p>\n<p class=\"text\">\nSollten es unterwegs einen Platten geben, stellt die Messe eigenen Angaben nach eine mobile Werkstatt zur Verf\u00fcgung.\n<\/p>\n<p class=\"text\">\nVon der Mitnahme des Fahrrads in der S-Bahn wird aus Platzgr\u00fcnden abgeraten. Aus der Leipziger Innenstadt f\u00fchrt jedoch ein Radweg direkt bis zum Messegel\u00e4nde.<\/p>\n","protected":false},"excerpt":{"rendered":"Mit Zug und S-Bahn \u00fcber Leipzig-Messe anreisen Der \u00d6PNV in Leipzig f\u00e4hrt regul\u00e4r, das best\u00e4tigte die Gewerkschaft ver.di&hellip;\n","protected":false},"author":2,"featured_media":881269,"comment_status":"","ping_status":"","sticky":false,"template":"","format":"standard","meta":{"footnotes":"","_share_on_mastodon":"0"},"categories":[1832],"tags":[242,15574,86,1739,8057,70,96,3364,29,89,98,92,30,99,12353,95,87,88,91,80,84,66,90,71,100,101,93,1665,81,85,82,47,97,5112,194339,83,859,1238,94,1406],"class_list":["post-881268","post","type-post","status-publish","format-standard","has-post-thumbnail","category-leipzig","tag-242","tag-anreise","tag-artour","tag-bahn","tag-besuch","tag-buchmesse","tag-buehne","tag-de","tag-deutschland","tag-erlebnis-musik","tag-feature","tag-film","tag-germany","tag-hoerspiele","tag-karten","tag-kino","tag-kino-royal","tag-kinoroyal","tag-klassik","tag-kultur","tag-kulturfernsehen","tag-kulturnachrichten","tag-lebenslaeufe","tag-leipzig","tag-lesezeit","tag-lesung","tag-literatur","tag-maerz","tag-mdr","tag-mdr-figaro","tag-mdr-kultur","tag-messe","tag-oper","tag-oepnv","tag-oepnv-streik","tag-radio","tag-sachsen","tag-streik","tag-theater","tag-tickets"],"share_on_mastodon":{"url":"https:\/\/pubeurope.com\/@de\/116257417299397892","error":""},"_links":{"self":[{"href":"https:\/\/www.europesays.com\/de\/wp-json\/wp\/v2\/posts\/881268","targetHints":{"allow":["GET"]}}],"collection":[{"href":"https:\/\/www.europesays.com\/de\/wp-json\/wp\/v2\/posts"}],"about":[{"href":"https:\/\/www.europesays.com\/de\/wp-json\/wp\/v2\/types\/post"}],"author":[{"embeddable":true,"href":"https:\/\/www.europesays.com\/de\/wp-json\/wp\/v2\/users\/2"}],"replies":[{"embeddable":true,"href":"https:\/\/www.europesays.com\/de\/wp-json\/wp\/v2\/comments?post=881268"}],"version-history":[{"count":0,"href":"https:\/\/www.europesays.com\/de\/wp-json\/wp\/v2\/posts\/881268\/revisions"}],"wp:featuredmedia":[{"embeddable":true,"href":"https:\/\/www.europesays.com\/de\/wp-json\/wp\/v2\/media\/881269"}],"wp:attachment":[{"href":"https:\/\/www.europesays.com\/de\/wp-json\/wp\/v2\/media?parent=881268"}],"wp:term":[{"taxonomy":"category","embeddable":true,"href":"https:\/\/www.europesays.com\/de\/wp-json\/wp\/v2\/categories?post=881268"},{"taxonomy":"post_tag","embeddable":true,"href":"https:\/\/www.europesays.com\/de\/wp-json\/wp\/v2\/tags?post=881268"}],"curies":[{"name":"wp","href":"https:\/\/api.w.org\/{rel}","templated":true}]}}