{"id":881295,"date":"2026-03-19T19:22:15","date_gmt":"2026-03-19T19:22:15","guid":{"rendered":"https:\/\/www.europesays.com\/de\/881295\/"},"modified":"2026-03-19T19:22:15","modified_gmt":"2026-03-19T19:22:15","slug":"internationale-bahnfahrten-neue-bahn-direktverbindung-berlin-amsterdam-gestartet","status":"publish","type":"post","link":"https:\/\/www.europesays.com\/de\/881295\/","title":{"rendered":"Internationale Bahnfahrten: Neue Bahn-Direktverbindung Berlin-Amsterdam gestartet"},"content":{"rendered":"<p>        19. M\u00e4rz 2026, 11:08 Uhr<br \/>\n    Quelle: dpa Berlin\/Brandenburg\n<\/p>\n<p>        Hinweis<\/p>\n<p class=\"article-notice__text\">DIE ZEIT hat diese Meldung redaktionell nicht bearbeitet. Sie wurde automatisch von der Deutschen Presse-Agentur (dpa) \u00fcbernommen.<\/p>\n<p>            <img decoding=\"async\" class=\"article__media-item\" src=\"https:\/\/www.europesays.com\/de\/wp-content\/uploads\/2026\/03\/1773948135_778_wide__660x371.jpeg\" alt=\"Internationale Bahnfahrten: Die neue Verbindung startet in Berlin am Bahnhof Gesundbrunnen. (Archivbild)\"\/><\/p>\n<p>                    Die neue Verbindung startet in Berlin am Bahnhof Gesundbrunnen. (Archivbild)<br \/>\n            \u00a9\u00a0Sebastian Christoph Gollnow\/\u200bdpa<\/p>\n<p class=\"paragraph article__item\">Heute ist eine neue Direktverbindung per Zug von Berlin nach <a class=\"rtr-entity\" href=\"https:\/\/www.zeit.de\/thema\/amsterdam\" rel=\"nofollow noopener\" target=\"_blank\">Amsterdam<\/a> gestartet. Das niederl\u00e4ndische Bahnunternehmen Govolta bietet die Verbindung ab sofort dreimal pro Woche an. Abfahrt ist jeweils um 15.46 Uhr am Bahnhof Gesundbrunnen, die Ankunft in Amsterdam (Centraal) planm\u00e4\u00dfig um 23.55 Uhr. Die Fahrten finden dienstags, donnerstags und sonntags statt. Tickets f\u00fcr die Fahrt am kommenden Sonntag kosten online derzeit ab 35 Euro.\n<\/p>\n<p>Aktuelles<\/p>\n<p>                <a href=\"https:\/\/www.zeit.de\/mobilitaet\/2026-02\/warnstreik-oepnv-verdi-verkehr-faq-gxe\" data-ct-label=\"Warnstreik im \u00d6PNV: Wann und wo f\u00e4hrt nichts mehr?\" data-uuid=\"35104551-9819-460c-8189-d00f4ac74927\" rel=\"nofollow noopener\" target=\"_blank\"><\/p>\n<p>                        Warnstreik im \u00d6PNV:<br \/>\n                        Wann und wo f\u00e4hrt nichts mehr?<\/p>\n<p>                <\/a><\/p>\n<p>                <a href=\"https:\/\/www.zeit.de\/mobilitaet\/2026-02\/deutsche-bahn-sofortprogramm-komfort-sauberkeit-zuege-gxe\" data-ct-label=\"Deutsche Bahn: Bahn stellt Sofortprogramm f\u00fcr mehr Komfort und Sauberkeit vor\" data-uuid=\"533dc0be-667d-4124-9e61-2b0191318e6a\" rel=\"nofollow noopener\" target=\"_blank\"><\/p>\n<p>                        Deutsche Bahn:<br \/>\n                        Bahn stellt Sofortprogramm f\u00fcr mehr Komfort und Sauberkeit vor<\/p>\n<p>                <\/a><\/p>\n<p>                <a href=\"https:\/\/www.zeit.de\/mobilitaet\/2026-03\/warnstreiks-ende-oepnv-verdi-gxe\" data-ct-label=\"\u00d6PNV: Warnstreiks im Nahverkehr sind vielerorts zu Ende\" data-uuid=\"b1e59306-e374-4293-b9e8-09e02ba5f76b\" rel=\"nofollow noopener\" target=\"_blank\"><\/p>\n<p>                        \u00d6PNV:<br \/>\n                        Warnstreiks im Nahverkehr sind vielerorts zu Ende<\/p>\n<p>                <\/a><\/p>\n<p class=\"paragraph article__item\">Auf dem Weg nach Amsterdam h\u00e4lt der Zug in Hannover, Osnabr\u00fcck, Bad Bentheim, Hengelo, Deventer und Amersfoort.\n<\/p>\n<p class=\"paragraph article__item\">Bereits jetzt k\u00f6nnen Bahnreisende ohne Umstieg von <a class=\"rtr-entity\" href=\"https:\/\/www.zeit.de\/thema\/berlin\" rel=\"nofollow noopener\" target=\"_blank\">Berlin<\/a> nach Amsterdam fahren, die Deutsche Bahn bietet diese Verbindung ebenfalls an. Die Fahrzeit betr\u00e4gt bei der Bahn rund sechs Stunden.\n<\/p>\n<p class=\"paragraph article__item\">\u00a9 dpa-infocom, dpa:260319-930-837423\/1<\/p>\n","protected":false},"excerpt":{"rendered":"19. M\u00e4rz 2026, 11:08 Uhr Quelle: dpa Berlin\/Brandenburg Hinweis DIE ZEIT hat diese Meldung redaktionell nicht bearbeitet. Sie&hellip;\n","protected":false},"author":2,"featured_media":881296,"comment_status":"","ping_status":"","sticky":false,"template":"","format":"standard","meta":{"footnotes":"","_share_on_mastodon":"0"},"categories":[1825],"tags":[1941,1939,550,69493,157625,296,1937,194344,29,47803,30,194343,1940,15,1938],"class_list":["post-881295","post","type-post","status-publish","format-standard","has-post-thumbnail","category-berlin","tag-aktuelle-nachrichten-aus-berlin","tag-aktuelle-news-aus-berlin","tag-amsterdam","tag-bahnfahrt","tag-bahnunternehmen","tag-berlin","tag-berlin-news","tag-berlin-amsterdam","tag-deutschland","tag-direktverbindung","tag-germany","tag-internationale-bahnfahrten","tag-nachrichten-aus-berlin","tag-news","tag-news-aus-berlin"],"share_on_mastodon":{"url":"https:\/\/pubeurope.com\/@de\/116257472357940413","error":""},"_links":{"self":[{"href":"https:\/\/www.europesays.com\/de\/wp-json\/wp\/v2\/posts\/881295","targetHints":{"allow":["GET"]}}],"collection":[{"href":"https:\/\/www.europesays.com\/de\/wp-json\/wp\/v2\/posts"}],"about":[{"href":"https:\/\/www.europesays.com\/de\/wp-json\/wp\/v2\/types\/post"}],"author":[{"embeddable":true,"href":"https:\/\/www.europesays.com\/de\/wp-json\/wp\/v2\/users\/2"}],"replies":[{"embeddable":true,"href":"https:\/\/www.europesays.com\/de\/wp-json\/wp\/v2\/comments?post=881295"}],"version-history":[{"count":0,"href":"https:\/\/www.europesays.com\/de\/wp-json\/wp\/v2\/posts\/881295\/revisions"}],"wp:featuredmedia":[{"embeddable":true,"href":"https:\/\/www.europesays.com\/de\/wp-json\/wp\/v2\/media\/881296"}],"wp:attachment":[{"href":"https:\/\/www.europesays.com\/de\/wp-json\/wp\/v2\/media?parent=881295"}],"wp:term":[{"taxonomy":"category","embeddable":true,"href":"https:\/\/www.europesays.com\/de\/wp-json\/wp\/v2\/categories?post=881295"},{"taxonomy":"post_tag","embeddable":true,"href":"https:\/\/www.europesays.com\/de\/wp-json\/wp\/v2\/tags?post=881295"}],"curies":[{"name":"wp","href":"https:\/\/api.w.org\/{rel}","templated":true}]}}