{"id":881331,"date":"2026-03-19T19:45:17","date_gmt":"2026-03-19T19:45:17","guid":{"rendered":"https:\/\/www.europesays.com\/de\/881331\/"},"modified":"2026-03-19T19:45:17","modified_gmt":"2026-03-19T19:45:17","slug":"harz-und-heide-messe-braunschweig-startet-spaeter-wegen-ehrlich-brothers","status":"publish","type":"post","link":"https:\/\/www.europesays.com\/de\/881331\/","title":{"rendered":"Harz-und-Heide-Messe Braunschweig startet sp\u00e4ter \u2013 wegen Ehrlich-Brothers"},"content":{"rendered":"<p>&#8222;Freundschaftlich arrangiert&#8220; <\/p>\n<p>Ehrlich Brothers funken dazwischen: Kultmesse startet sp\u00e4ter<\/p>\n<p>Aktualisiert am 19.03.2026 &#8211; 19:34 UhrLesedauer: 2 Min.<\/p>\n<p><a href=\"#focus-0\" class=\"transition-colors duration-200 block text-current relative\" data-sctrack=\"FocusGalleryImage.Reference\"><img fetchpriority=\"high\" data-testid=\"Opener.Image\" style=\"--lqipURL:url('https:\/\/images.t-online.de\/2026\/02\/p48bJKJO6Cyh\/0x375:4000x2250\/fit-in\/150x0\/filters:blur(25)\/harz-und-heide-gelaende-hier-finden-unter-anderem-regelmaessig-flohmaerkte-statt.jpg')\"   loading=\"eager\" src=\"https:\/\/www.europesays.com\/de\/wp-content\/uploads\/2026\/03\/harz-und-heide-gelaende-hier-finden-unter-anderem-regelmaessig-flohmaerkte-statt.jpg\" alt=\"Harz-und-Heide-Gel\u00e4nde: Hier finden unter anderem regelm\u00e4\u00dfig Flohm\u00e4rkte statt.\" title=\"Harz-und-Heide-Gel\u00e4nde: Hier finden unter anderem regelm\u00e4\u00dfig Flohm\u00e4rkte statt.\" width=\"4000\" height=\"2250\" class=\"bg-[url:var(--lqipURL)] bg-cover bg-center flex h-full w-full max-w-full\" decoding=\"async\"\/><img style=\"--width:32;--height:32\" loading=\"lazy\" src=\"https:\/\/braunschweig.t-online.de\/s\/paper\/_next\/static\/media\/zoom-in.f7dae02f.svg\" alt=\"Vergr\u00f6\u00dfern des Bildes\" title=\"Vergr\u00f6\u00dfern des Bildes\" class=\"block h-[calc(var(--height)_\/_16_*_1rem)] w-[calc(var(--width)_\/_16_*_1rem)] max-w-none absolute bottom-8 right-8 rounded-4 bg-snow p-8\" decoding=\"async\"\/><\/a><\/p>\n<p>Harz-und-Heide-Gel\u00e4nde: Hier finden unter anderem regelm\u00e4\u00dfig Flohm\u00e4rkte statt. (Quelle: Katharina Keller\/t-online)<\/p>\n<p class=\"font-bold text-18 leading-17 user-text-lg:text-22 user-text-xl:text-24\">Nach vielen Jahren Pause kehrt die Harz-und-Heide-Messe zur\u00fcck nach Braunschweig. Doch der urspr\u00fcngliche Termin musste noch einmal verschoben werden.<\/p>\n<p class=\"text-18 leading-17 user-text-lg:text-22 user-text-xl:text-24\">Viele Jahre gab es die gro\u00dfe und \u00fcber die Grenzen der Stadt bekannte Messe in Braunschweig \u2013 sogar das Gel\u00e4nde tr\u00e4gt den Namen. 2008 war dann Schluss. Nun wird sie wiederbelebt: Die Harz-und-Heide-Messe kehrt in diesem Jahr in die L\u00f6wenstadt zur\u00fcck.<\/p>\n<p class=\"text-18 leading-17 user-text-lg:text-22 user-text-xl:text-24\">Urspr\u00fcnglicher Termin f\u00fcr die mehrt\u00e4gige Schau war der 21. bis 25. Mai. Jetzt aber findet die Messe ein wenig sp\u00e4ter statt: Start ist am 27. Mai, der letzte Besuchertag ist dann der 31. Mai. Veranstalter der Verkaufsschau ist die Expotec GmbH aus Berlin. Deren Gesch\u00e4ftsf\u00fchrer Frank Baumann nennt auf Anfrage der Braunschweiger t-online-Redaktion den Grund f\u00fcr die Verschiebung: &#8222;Das Problem war, dass die Stadt Braunschweig aufgrund eines Auftritts der Ehrlich-Brothers in der VW-Halle die Parkpl\u00e4tze ben\u00f6tigt. Wir haben uns freundschaftlich arrangiert.&#8220;<\/p>\n<p class=\"text-18 leading-17 user-text-lg:text-22 user-text-xl:text-24\">Die Ehrlich-Brothers treten am 22. Mai sowohl nachmittags als auch f\u00fcr eine Abendvorstellung in Braunschweig auf.<\/p>\n<p class=\"text-18 leading-17 user-text-lg:text-22 user-text-xl:text-24\">Auf der Messe selbst soll es Altbekanntes und Neues geben. So gibt es Schwerpunkte wie &#8222;Haushalt und Garten&#8220; ebenso wie &#8222;Studieren und Arbeiten&#8220;. In einem fr\u00fcheren Gespr\u00e4ch hatte Baumann berichtet, dass es eine Messe f\u00fcr die ganze Familie sein soll, so wie sie es eben fr\u00fcher war. Die Regionalit\u00e4t spiele wieder eine Rolle, ebenso wie die Vielfalt der Branchen, so der Gesch\u00e4ftsf\u00fchrer. Zu den laufenden Vorbereitungen f\u00fcr die Messe sagt Baumann, dass diese &#8222;routiniert und optimistisch, mit Vorfreude auf das neue Projekt&#8220; laufen.<\/p>\n<p class=\"text-18 leading-17 user-text-lg:text-22 user-text-xl:text-24\">Nach fast 20 Jahren ohne die Messe auf dem Harz-und-Heide-Gel\u00e4nde seien die Reaktionen auf die Wiederbelebung positiv gewesen. Baumann berichtet, dass der Name beziehungsweise die Messe in Braunschweig sehr bekannt seien. &#8222;Viele freuen sich auf den Neustart&#8220;, sagt der Gesch\u00e4ftsf\u00fchrer.<\/p>\n<p class=\"text-18 leading-17 user-text-lg:text-22 user-text-xl:text-24\">Das Team arbeite laufend am Rahmenprogramm, hier w\u00fcrden sich sukzessive nat\u00fcrlich immer neue Perspektiven ergeben. Die Ausstelleranmeldungen k\u00e4men jetzt vermehrt rein, sodass sie das Ziel von drei Zelten plus Freifl\u00e4che schaffen w\u00fcrden.<\/p>\n","protected":false},"excerpt":{"rendered":"&#8222;Freundschaftlich arrangiert&#8220; Ehrlich Brothers funken dazwischen: Kultmesse startet sp\u00e4ter Aktualisiert am 19.03.2026 &#8211; 19:34 UhrLesedauer: 2 Min. Harz-und-Heide-Gel\u00e4nde:&hellip;\n","protected":false},"author":2,"featured_media":881332,"comment_status":"","ping_status":"","sticky":false,"template":"","format":"standard","meta":{"footnotes":"","_share_on_mastodon":"0"},"categories":[1850],"tags":[296,6429,3364,29,12220,548,663,3934,64830,8294,30,13,194348,47,14,15,1411,12,226],"class_list":["post-881331","post","type-post","status-publish","format-standard","has-post-thumbnail","category-braunschweig","tag-berlin","tag-braunschweig","tag-de","tag-deutschland","tag-ehrlich-brothers","tag-eu","tag-europa","tag-europe","tag-expotec","tag-frank-baumann","tag-germany","tag-headlines","tag-kultmesse","tag-messe","tag-nachrichten","tag-news","tag-niedersachsen","tag-schlagzeilen","tag-t-online"],"share_on_mastodon":{"url":"https:\/\/pubeurope.com\/@de\/116257562847453027","error":""},"_links":{"self":[{"href":"https:\/\/www.europesays.com\/de\/wp-json\/wp\/v2\/posts\/881331","targetHints":{"allow":["GET"]}}],"collection":[{"href":"https:\/\/www.europesays.com\/de\/wp-json\/wp\/v2\/posts"}],"about":[{"href":"https:\/\/www.europesays.com\/de\/wp-json\/wp\/v2\/types\/post"}],"author":[{"embeddable":true,"href":"https:\/\/www.europesays.com\/de\/wp-json\/wp\/v2\/users\/2"}],"replies":[{"embeddable":true,"href":"https:\/\/www.europesays.com\/de\/wp-json\/wp\/v2\/comments?post=881331"}],"version-history":[{"count":0,"href":"https:\/\/www.europesays.com\/de\/wp-json\/wp\/v2\/posts\/881331\/revisions"}],"wp:featuredmedia":[{"embeddable":true,"href":"https:\/\/www.europesays.com\/de\/wp-json\/wp\/v2\/media\/881332"}],"wp:attachment":[{"href":"https:\/\/www.europesays.com\/de\/wp-json\/wp\/v2\/media?parent=881331"}],"wp:term":[{"taxonomy":"category","embeddable":true,"href":"https:\/\/www.europesays.com\/de\/wp-json\/wp\/v2\/categories?post=881331"},{"taxonomy":"post_tag","embeddable":true,"href":"https:\/\/www.europesays.com\/de\/wp-json\/wp\/v2\/tags?post=881331"}],"curies":[{"name":"wp","href":"https:\/\/api.w.org\/{rel}","templated":true}]}}