{"id":881386,"date":"2026-03-19T20:17:24","date_gmt":"2026-03-19T20:17:24","guid":{"rendered":"https:\/\/www.europesays.com\/de\/881386\/"},"modified":"2026-03-19T20:17:24","modified_gmt":"2026-03-19T20:17:24","slug":"hannover-airport-rund-750-000-passagiere-ueber-osterferien-erwartet","status":"publish","type":"post","link":"https:\/\/www.europesays.com\/de\/881386\/","title":{"rendered":"Hannover Airport: Rund 750.000 Passagiere \u00fcber Osterferien erwartet"},"content":{"rendered":"<p>\n                Stand: 19.03.2026 17:24 Uhr<\/p>\n<p>                    <a href=\"https:\/\/www.europesays.com\/de\/wp-content\/uploads\/2026\/03\/flughafenhannover180.webp.webp\" class=\"zoomimage\" title=\"Bild vergr\u00f6\u00dfern\"><\/p>\n<p>        <img decoding=\"async\" src=\"https:\/\/www.europesays.com\/de\/wp-content\/uploads\/2026\/03\/flughafenhannover180.webp.webp\" alt=\"An der Fassade eines Flughafenterminals in Hannover-Langenhagen ist der Schriftzug \u201eHannover Airport\u201c angebracht.\" title=\"Ostersonntag wird laut Flughafen mit mehr als 20.000 Passagieren der verkehrsst\u00e4rkste Tag. (Themenbild) | NDR, Julius Matuschik\" class=\"responsive\" loading=\"lazy\"\/><\/p>\n<p>                    <\/a><\/p>\n<p>                    Ostersonntag wird laut Flughafen mit mehr als 20.000 Passagieren der verkehrsst\u00e4rkste Tag. (Themenbild)<\/p>\n<p class=\"\">Dem Hannover Airport steht eigenen Angaben zufolge die erste gro\u00dfe Reisewelle des Jahres bevor. Der Flughafen rechnet zwischen dem Beginn der Ferien in Niedersachsen und dem Ende der Ferien in Nordrhein-Westfalen mit etwa 750.000 Passagieren. Niedersachsens Sch\u00fclerinnen und Sch\u00fcler haben am Freitag den letzten Schultag, das benachbarte Bundesland startet eine Woche sp\u00e4ter in die Ferien. Mehrere tausend Reisende werden dem Flughafen zufolge t\u00e4glich abheben. Am Ostersonntag wird am meisten los sein: &#8222;Dann kehren die Niedersachsen aus dem Urlaub zur\u00fcck und Nordrhein-Westfalen startet in die zweite Ferienwoche&#8220;, hei\u00dft es in einer Mitteilung. An diesem Tag werden mehr als 20.000 Passagiere erwartet. Zu den beliebtesten Zielen ab Hannover geh\u00f6ren den Angaben nach die t\u00fcrkische Riviera, Palma de Mallorca, die griechischen Inseln und weitere Orte rund um das Mittelmeer.<\/p>\n<p>        <img decoding=\"async\" src=\"https:\/\/www.europesays.com\/de\/wp-content\/uploads\/2026\/03\/zimmerfrei140.webp.webp\" alt=\"Schild &quot;Zimmer frei&quot;\" title=\"Schild &quot;Zimmer frei&quot; | dpa, picture alliance, Arno Burgi\" class=\"responsive\" loading=\"lazy\"\/><\/p>\n<p>Die Tourismusregionen Harz, Heide und Nordseek\u00fcste rechnen zum Beginn der Ferien vor allem mit kurzfristigen Buchungen. <\/p>\n<p>        <img decoding=\"async\" src=\"https:\/\/www.europesays.com\/de\/wp-content\/uploads\/2026\/03\/tankstelle-214.webp.webp\" alt=\"Autos fahren an der Anzeige einer Tankstelle vorbei\" title=\"Autos fahren an der Anzeige einer Tankstelle vorbei | picture alliance \/ SvenSimon | Frank Hoermann \/ SVEN SIMON\" class=\"responsive\" loading=\"lazy\"\/><\/p>\n<p>Der ADAC vermutet, dass einige den Osterausflug dieses Mal ausfallen lassen. Wie sieht es bei Ihnen aus? Sagen Sie es uns!<\/p>\n<p>        <img decoding=\"async\" src=\"https:\/\/www.europesays.com\/de\/wp-content\/uploads\/2026\/03\/schulferien126.webp.webp\" alt=\"In einem Klassenraum stehen die St\u00fchle auf den Tischen.\" title=\"In einem Klassenraum stehen die St\u00fchle auf den Tischen. | imago images \/ stpp\" class=\"responsive\" loading=\"lazy\"\/><\/p>\n<p>Die Ferientermine der norddeutschen Bundesl\u00e4nder auf einen Blick.<\/p>\n<p>        <img decoding=\"async\" src=\"https:\/\/www.europesays.com\/de\/wp-content\/uploads\/2026\/03\/screenshot1941044.webp.webp\" alt=\"Flughafenpersonal beim Beladen eines Flugzeugs mit Gep\u00e4ck\" title=\"Flughafenpersonal beim Beladen eines Flugzeugs mit Gep\u00e4ck | Screenshot\" class=\"responsive\" loading=\"lazy\"\/><\/p>\n<p>\n                                    11 Min<\/p>\n<p>Ob mit dem Bus \u00fcber das Rollfeld oder eine Besichtigung bei der Flughafenfeuerwehr, f\u00fcr Flugenthusiasten gibt es eine Menge zu erleben.<\/p>\n<p>Dieses Thema im Programm:<\/p>\n<p>                NDR 1 Niedersachsen | Regional Hannover | 19.03.2026 | 15:00 Uhr<\/p>\n","protected":false},"excerpt":{"rendered":"Stand: 19.03.2026 17:24 Uhr Ostersonntag wird laut Flughafen mit mehr als 20.000 Passagieren der verkehrsst\u00e4rkste Tag. (Themenbild) Dem&hellip;\n","protected":false},"author":2,"featured_media":881387,"comment_status":"","ping_status":"","sticky":false,"template":"","format":"standard","meta":{"footnotes":"","_share_on_mastodon":"0"},"categories":[1836],"tags":[590,3364,29,10499,2109,27345,844,30,46,194358,3467,14,15,1411,2453,10500],"class_list":["post-881386","post","type-post","status-publish","format-standard","has-post-thumbnail","category-hannover","tag-aktuell","tag-de","tag-deutschland","tag-fluege","tag-flughafen","tag-flugreisen","tag-flugverkehr","tag-germany","tag-hannover","tag-hannover-airport","tag-landeshauptstadt","tag-nachrichten","tag-news","tag-niedersachsen","tag-osterferien","tag-passagiere"],"share_on_mastodon":{"url":"https:\/\/pubeurope.com\/@de\/116257688867209777","error":""},"_links":{"self":[{"href":"https:\/\/www.europesays.com\/de\/wp-json\/wp\/v2\/posts\/881386","targetHints":{"allow":["GET"]}}],"collection":[{"href":"https:\/\/www.europesays.com\/de\/wp-json\/wp\/v2\/posts"}],"about":[{"href":"https:\/\/www.europesays.com\/de\/wp-json\/wp\/v2\/types\/post"}],"author":[{"embeddable":true,"href":"https:\/\/www.europesays.com\/de\/wp-json\/wp\/v2\/users\/2"}],"replies":[{"embeddable":true,"href":"https:\/\/www.europesays.com\/de\/wp-json\/wp\/v2\/comments?post=881386"}],"version-history":[{"count":0,"href":"https:\/\/www.europesays.com\/de\/wp-json\/wp\/v2\/posts\/881386\/revisions"}],"wp:featuredmedia":[{"embeddable":true,"href":"https:\/\/www.europesays.com\/de\/wp-json\/wp\/v2\/media\/881387"}],"wp:attachment":[{"href":"https:\/\/www.europesays.com\/de\/wp-json\/wp\/v2\/media?parent=881386"}],"wp:term":[{"taxonomy":"category","embeddable":true,"href":"https:\/\/www.europesays.com\/de\/wp-json\/wp\/v2\/categories?post=881386"},{"taxonomy":"post_tag","embeddable":true,"href":"https:\/\/www.europesays.com\/de\/wp-json\/wp\/v2\/tags?post=881386"}],"curies":[{"name":"wp","href":"https:\/\/api.w.org\/{rel}","templated":true}]}}