{"id":881562,"date":"2026-03-19T22:03:13","date_gmt":"2026-03-19T22:03:13","guid":{"rendered":"https:\/\/www.europesays.com\/de\/881562\/"},"modified":"2026-03-19T22:03:13","modified_gmt":"2026-03-19T22:03:13","slug":"berlin-nach-leichenfund-durchsucht-polizei-buerogebaeude-regional","status":"publish","type":"post","link":"https:\/\/www.europesays.com\/de\/881562\/","title":{"rendered":"Berlin: Nach Leichenfund durchsucht Polizei B\u00fcrogeb\u00e4ude | Regional"},"content":{"rendered":"<p><a class=\"skip-content skip-content--link\" href=\"#in-content-skip-link-target-v-0-0\">TTS-Player \u00fcberspringen\u21b5<\/a><a id=\"in-content-skip-link-target-v-0-0\" class=\"skip-content--target-link-hidden skip-content skip-content--target-link\" href=\"#in-content-skip-link-target-v-0-0\">Artikel weiterlesen<\/a><\/p>\n<p>Berlin \u2013 <b>Ist die Berliner Polizei zwei Tage nach dem Fund der Leiche des Ukrainers Oleksii Khmarenko dem M\u00f6rder auf der Spur? Mordkommission und Kriminaltechnik haben am Mittwoch ein B\u00fcrogeb\u00e4ude in Spandau durchsucht. Staatsanwaltssprecher Michael Petzold best\u00e4tigte den Vorgang sowie die Sicherstellung von Beweismitteln auf Anfrage.<\/b><\/p>\n<p>R\u00fcckblick: Am Montag wurde der 45-J\u00e4hrige an der Freybr\u00fccke in Spandau entdeckt und aus der Havel gezogen. Schnell war klar \u2013 der Mann wurde ermordet.<\/p>\n<p>Zwei Tage danach r\u00fcckte die <a href=\"https:\/\/www.bild.de\/regional\/aktuelles\/polizei\/polizeieinsatz-alle-infos-76681760.bild.html\" class=\"text-link\" rel=\"nofollow noopener\" target=\"_blank\">Polizei<\/a> in ein B\u00fcrogeb\u00e4ude an der Seeburger Stra\u00dfe in <a href=\"https:\/\/www.bild.de\/regional\/berlin\/berlin-regional\/home-15823246.bild.html\" class=\"text-link\" rel=\"nofollow noopener\" target=\"_blank\">Berlin<\/a>-Spandau ein. Nach BILD-Informationen gehen die Ermittler davon aus, dass der Ukrainer dort ermordet und zur Havel gebracht wurde. Offenbar hatten Zeugen den entscheidenden Hinweis gegeben.<\/p>\n<p><img decoding=\"async\" width=\"992\" height=\"1178\" alt=\"Oleksii Khmarenko\" src=\"https:\/\/www.europesays.com\/de\/wp-content\/uploads\/2026\/03\/a44f2e6abfc2237133c6189e56c9cd0e,fa952471.jpeg\"   class=\"portrait\" loading=\"lazy\"\/><\/p>\n<p class=\"fig__caption__text\">Oleksii Khmarenko<\/p>\n<p>Foto: Polizei Berlin<\/p>\n<p><b>Das<\/b><a href=\"https:\/\/www.bild.de\/regional\/berlin\/berlin-mordverdacht-ukrainer-tot-in-havel-entdeckt-zeugen-gesucht-69b17362e195474c505c9f88\" class=\"text-link\" rel=\"nofollow noopener\" target=\"_blank\"><b> Motiv f\u00fcr das Verbrechen<\/b><\/a><b> ist unklar. Die Mordkommission ist weiterhin auf Hinweise aus der Bev\u00f6lkerung angewiesen und fragt:<\/b><\/p>\n<p>\u25ba Wer kannte Oleksii Khmarenko und kann Angaben zu seinem Umfeld und seinen Lebensgewohnheiten machen?<\/p>\n<p>\u25ba Wer hat Oleksii Khmarenko am Wochenende 7. oder 8. M\u00e4rz 2026 gesehen?<\/p>\n<p>\u25ba Wer hat am 8. M\u00e4rz bzw. in der Nacht zum 9. M\u00e4rz 2026 oder am Morgen des 9. M\u00e4rz 2026 im Bereich der Altstadt Spandau bis hin zur Freybr\u00fccke am Ufer der Havel oder in der n\u00e4heren Umgebung verd\u00e4chtige Wahrnehmungen gemacht, z. B. Personen oder Fahrzeuge im Uferbereich?<\/p>\n<p><b>Hinweise nimmt die 6. Mordkommission des Landeskriminalamts an der Keithstra\u00dfe 30 in Berlin-Tiergarten unter der Rufnummer (030) 4664-911666 oder per E-Mail an LKA116-Hinweis@polizei.berlin.de sowie jede andere Polizeidienststelle entgegen.<\/b><\/p>\n","protected":false},"excerpt":{"rendered":"TTS-Player \u00fcberspringen\u21b5Artikel weiterlesen Berlin \u2013 Ist die Berliner Polizei zwei Tage nach dem Fund der Leiche des Ukrainers&hellip;\n","protected":false},"author":2,"featured_media":881563,"comment_status":"","ping_status":"","sticky":false,"template":"","format":"standard","meta":{"footnotes":"","_share_on_mastodon":"0"},"categories":[1825],"tags":[296,29,30,24915,2183,15377,121,529,1997,45],"class_list":["post-881562","post","type-post","status-publish","format-standard","has-post-thumbnail","category-berlin","tag-berlin","tag-deutschland","tag-germany","tag-havel","tag-mord","tag-mordverdacht","tag-polizei","tag-spandau","tag-staatsanwaltschaft","tag-texttospeech"],"share_on_mastodon":{"url":"https:\/\/pubeurope.com\/@de\/116258105442438499","error":""},"_links":{"self":[{"href":"https:\/\/www.europesays.com\/de\/wp-json\/wp\/v2\/posts\/881562","targetHints":{"allow":["GET"]}}],"collection":[{"href":"https:\/\/www.europesays.com\/de\/wp-json\/wp\/v2\/posts"}],"about":[{"href":"https:\/\/www.europesays.com\/de\/wp-json\/wp\/v2\/types\/post"}],"author":[{"embeddable":true,"href":"https:\/\/www.europesays.com\/de\/wp-json\/wp\/v2\/users\/2"}],"replies":[{"embeddable":true,"href":"https:\/\/www.europesays.com\/de\/wp-json\/wp\/v2\/comments?post=881562"}],"version-history":[{"count":0,"href":"https:\/\/www.europesays.com\/de\/wp-json\/wp\/v2\/posts\/881562\/revisions"}],"wp:featuredmedia":[{"embeddable":true,"href":"https:\/\/www.europesays.com\/de\/wp-json\/wp\/v2\/media\/881563"}],"wp:attachment":[{"href":"https:\/\/www.europesays.com\/de\/wp-json\/wp\/v2\/media?parent=881562"}],"wp:term":[{"taxonomy":"category","embeddable":true,"href":"https:\/\/www.europesays.com\/de\/wp-json\/wp\/v2\/categories?post=881562"},{"taxonomy":"post_tag","embeddable":true,"href":"https:\/\/www.europesays.com\/de\/wp-json\/wp\/v2\/tags?post=881562"}],"curies":[{"name":"wp","href":"https:\/\/api.w.org\/{rel}","templated":true}]}}