{"id":882040,"date":"2026-03-20T02:43:30","date_gmt":"2026-03-20T02:43:30","guid":{"rendered":"https:\/\/www.europesays.com\/de\/882040\/"},"modified":"2026-03-20T02:43:30","modified_gmt":"2026-03-20T02:43:30","slug":"gefaelschte-gefahrgutbescheinigungen-und-gefahrgutzug-mit-defekter-bremse-bei-kooperativen-kontrollen-auf-der-a-2-aufgedeckt","status":"publish","type":"post","link":"https:\/\/www.europesays.com\/de\/882040\/","title":{"rendered":"Gef\u00e4lschte Gefahrgutbescheinigungen und Gefahrgutzug mit defekter Bremse bei &#8222;Kooperativen Kontrollen&#8220; auf der A 2 aufgedeckt"},"content":{"rendered":"<p id=\"absatz1\" class=\"em_text\">Bielefeld (ots) &#8211; <br \/>MK &#8211; Bielefeld &#8211; Br\u00f6nninghausen BAB 2 &#8211; Experten mit unterschiedlichen Fachkenntnissen haben bei einer gemeinsamen Verkehrskontrolle am Dienstag, 17.03.2026, auf der Rastanlage Lipperland S\u00fcd insbesondere zahlreiche Berufskraftfahrer und deren Fahrzeuge \u00fcberpr\u00fcft. Beteiligt waren Kontrolleure aus unterschiedlichen Beh\u00f6rden, wie dem Bundesamt f\u00fcr Logistik und Mobilit\u00e4t, dem Zoll, der Bezirksregierung Detmold, dem Ordnungsamt Rietberg und dem Veterin\u00e4ramt Bielefeld. Beamte und Mitarbeiter der Polizei waren vertreten durch die Verkehrsdienste der Kreispolizeibeh\u00f6rden Minden-L\u00fcbbecke und Herford sowie der beiden Verkehrsdienste der Stadt und der Autobahn des Polizeipr\u00e4sidiums Bielefeld.<\/p>\n<p id=\"absatz2\" class=\"em_text\">In der Zeit zwischen 08:00 Uhr und 14:00 Uhr setzten die Kontrolleure einen Schwerpunkt ihrer \u00dcberpr\u00fcfungen auf den gewerblichen Personen- und G\u00fcterverkehr und ahndeten folgende Verst\u00f6\u00dfe:<\/p>\n<p id=\"absatz4\" class=\"em_text\">Verwarngelder wurden erhoben einmal im Bereich mangelnde Ladungssicherheit und zweimal wegen Verst\u00f6\u00dfen gegen das Fahrpersonal Gesetz.<\/p>\n<p>        <a href=\"https:\/\/www.nw.de\/_em_daten\/_cache\/image\/1xY1FFNWJWMUpOdmVDSmV5VHVEQXhZaVJzZCtzdWFWdFBoMHl1N3hIUWFIVE12b2hYeERDS2pXNEYreEJ1WUVwZ20zdDB3M1BFOWZwK1QvaXVzTjJlUHVQWmI5Qlg5dEdJR2JNQ1BZUS9VRVk9\/260319-1530-gefahrguttafel.jpg\" class=\"nw-article-image\" title=\"Kennzeichnung Methanol\" data-glightbox=\"type: image; description: Kennzeichnung Methanol  | \u00a9 Bielefeld \" rel=\"nofollow noopener\" target=\"_blank\"><br \/>\n            <img decoding=\"async\" src=\"https:\/\/www.europesays.com\/de\/wp-content\/uploads\/2026\/03\/260319-1530-gefahrguttafel.jpg\" class=\"nw-img-fluid nw-w-full nw-lazy nw-rounded-t-md\" alt=\"Kennzeichnung Methanol - \u00a9 Bielefeld\" data-format=\"16:9\"\/><br \/>\n        <\/a><\/p>\n<p>                Kennzeichnung Methanol<br \/>\n                                    | \u00a9 Bielefeld<\/p>\n<p id=\"absatz5\" class=\"em_text\">Ordnungswidrigkeiten Anzeigen, wie eine nach dem Abfallrecht, drei nach dem Gefahrgutrecht, drei nach den Sozialvorschriften, vier nach der Technischen Kontrollverordnung, sechs zur Ladungssicherheit wurden geahndet.<\/p>\n<p id=\"absatz6\" class=\"em_text\">Strafanzeigen zu Delikten, wie ein Fahren ohne Fahrerlaubnis und zwei Urkundenf\u00e4lschungen wurden erstattet.<\/p>\n<p id=\"absatz7\" class=\"em_text\">Weiterhin wird Verdachtsf\u00e4llen nachgegangen zu einem Steuervergehen, zwei Verst\u00f6\u00dfen gegen die Gemeinsamen Vorschriften f\u00fcr die Sozialversicherung und zwei Leistungsbetr\u00fcgen nach dem Schwarzarbeitsgesetz.<\/p>\n<p id=\"absatz8\" class=\"em_text\">Ein Taser wurde sichergestellt und als Versto\u00df gegen das Waffengesetz geahndet.<\/p>\n<p id=\"absatz9\" class=\"em_text\">Zwei gef\u00e4lschte Gefahrgutbescheinigungen erkannt<\/p>\n<p id=\"absatz10\" class=\"em_text\">Bei der Kontrolle eines Gefahrgut Sattelzuges &#8211; mit einer Zugmaschine aus Belgien und einem Auflieger aus Litauen &#8211; konnte der 52-j\u00e4hrige Fahrer aus Indien gegen 08:35 Uhr einen F\u00fchrerschein vorzeigen, der ihm gestattet, Lkw nur bis 7,5 Tonnen zu fahren. Zum F\u00fchren des 40-Tonnen Transports fehlte ihm die Berechtigung.<\/p>\n<p id=\"absatz11\" class=\"em_text\">F\u00fcr das im Sattelauflieger bef\u00f6rderte Gefahrgut war eine, nach dem \u00dcbereinkommen \u00fcber die internationale Bef\u00f6rderung gef\u00e4hrlicher G\u00fcter auf der Stra\u00dfe (ADR), eine Bescheinigung notwendig. Das Dokument, das der 52-J\u00e4hrige den Beamten pr\u00e4sentierte, stellte sich nach eingehender Pr\u00fcfung als Totalf\u00e4lschung heraus.<\/p>\n<p id=\"absatz12\" class=\"em_text\">Die gef\u00e4lschte Bescheinigung stellten Polizisten sicher und der Fahrer zahlte 730 Euro in Form einer Sicherheitsleistung.<\/p>\n<p id=\"absatz13\" class=\"em_text\">Nach einer Kontaktaufnahme mit der Spedition entsendete diese einen Ersatzfahrer. Bei der Kontrolle der ADR-Bescheinigung des 49-J\u00e4hrigen wei\u00dfrussischen Staatsb\u00fcrgers, erkannten die Polizisten ebenfalls F\u00e4lschungsmerkmale. Au\u00dferdem wies er keinen Nachweis \u00fcber eine Berufskraftfahrerqualifikation vor. Da er mit einem 40 Tonnen Sattelzug angekommen war, h\u00e4tte er diese besitzen m\u00fcssen. Er musste eine Sicherheitsleistung in H\u00f6he von 400 Euro vor Ort leisten. W\u00e4hrend der Kontrollzeit war es der Firma nicht m\u00f6glich, einen weiteren Fahrer zu entsenden.<\/p>\n<p id=\"absatz14\" class=\"em_text\">Gefahrguttransport mit defekter Bremsanlage gestoppt<\/p>\n<p id=\"absatz15\" class=\"em_text\">Ein 39-j\u00e4hriger Fahrer aus der Ukraine transportierte mit einem Gefahrgut Sattelzug 22.400 Liter Methanol, welches leicht entz\u00fcndlich und giftig ist. Problematisch war die Feststellung, dass ein Bremssattel in der Bremstrommel des Sattelaufliegers festsa\u00df. Dies hatte bereits durch die Reibungsenergie w\u00e4hrend der Fahrt zu einer erheblichen Hitzebildung gef\u00fchrt.<\/p>\n<p id=\"absatz16\" class=\"em_text\">Aufgrund der drohenden Brandgefahr wurde der Lastzug sichergestellt. F\u00fcr Fahrer und Firma betrugen die Bu\u00dfgelder 660 Euro. Der 39-J\u00e4hrige musste zudem ein Verwarngeld wegen fahrpersonalrechtlicher Verst\u00f6\u00dfe zahlen.<\/p>\n<p id=\"absatz17\" class=\"em_text\">Nach der Sicherstellung des Sattelzuges k\u00fcmmerten sich die Polizisten um die Unterbringung des Fahrers in einem Hotel. Er muss die Reparatur der defekten Bremse in einer \u00f6rtlichen Fachwerkstatt abwarten, bevor er weiterfahren darf.<\/p>\n<p id=\"absatz18\" class=\"em_text\">Ein positives Ergebnis war, dass bei zwei kontrollierten Reisebussen und Ihren Fahrern keine Auff\u00e4lligkeiten erkannt wurden.<\/p>\n<p id=\"absatz19\" class=\"em_text\">Mit Blick auf die gravierenden Verst\u00f6\u00dfe und die vielf\u00e4ltigen Themenbereiche, die bei einer solchen Gro\u00dfkontrolle abgedeckt werden k\u00f6nnen, werden die beteiligten Partner auch in Zukunft weiter gemeinsam den gewerblichen Personen- und G\u00fcterverkehr im Blick behalten.<\/p>\n<p id=\"absatz20\" class=\"em_text\">Quelle: <a href=\"https:\/\/www.presseportal.de\/blaulicht\/pm\/12522\/6239393\" rel=\"nofollow noopener\" target=\"_blank\">https:\/\/www.presseportal.de\/blaulicht\/pm\/12522\/6239393<\/a> <\/p>\n","protected":false},"excerpt":{"rendered":"Bielefeld (ots) &#8211; MK &#8211; Bielefeld &#8211; Br\u00f6nninghausen BAB 2 &#8211; Experten mit unterschiedlichen Fachkenntnissen haben bei einer&hellip;\n","protected":false},"author":2,"featured_media":215667,"comment_status":"","ping_status":"","sticky":false,"template":"","format":"standard","meta":{"footnotes":"","_share_on_mastodon":"0"},"categories":[1841],"tags":[48232,6027,25017,1605,3364,16397,29,194502,514,194504,194503,30,16398,177,2776,26860,1209,176,121,37661,22054,20035,8183],"class_list":["post-882040","post","type-post","status-publish","format-standard","has-post-thumbnail","category-bielefeld","tag-brnninghausen","tag-ordnungsamt","tag-a2","tag-bielefeld","tag-de","tag-detmold","tag-deutschland","tag-fachkenntnis","tag-fahrzeug","tag-gefahrgutbescheinigung","tag-gefahrgutzug","tag-germany","tag-herford","tag-kriminalitt","tag-logistik","tag-minden-lbbecke","tag-nordrhein-westfalen","tag-nrw","tag-polizei","tag-rastanlage","tag-rietberg","tag-serie_polizeibericht","tag-verkehrskontrolle"],"share_on_mastodon":{"url":"https:\/\/pubeurope.com\/@de\/116259206441212331","error":""},"_links":{"self":[{"href":"https:\/\/www.europesays.com\/de\/wp-json\/wp\/v2\/posts\/882040","targetHints":{"allow":["GET"]}}],"collection":[{"href":"https:\/\/www.europesays.com\/de\/wp-json\/wp\/v2\/posts"}],"about":[{"href":"https:\/\/www.europesays.com\/de\/wp-json\/wp\/v2\/types\/post"}],"author":[{"embeddable":true,"href":"https:\/\/www.europesays.com\/de\/wp-json\/wp\/v2\/users\/2"}],"replies":[{"embeddable":true,"href":"https:\/\/www.europesays.com\/de\/wp-json\/wp\/v2\/comments?post=882040"}],"version-history":[{"count":0,"href":"https:\/\/www.europesays.com\/de\/wp-json\/wp\/v2\/posts\/882040\/revisions"}],"wp:featuredmedia":[{"embeddable":true,"href":"https:\/\/www.europesays.com\/de\/wp-json\/wp\/v2\/media\/215667"}],"wp:attachment":[{"href":"https:\/\/www.europesays.com\/de\/wp-json\/wp\/v2\/media?parent=882040"}],"wp:term":[{"taxonomy":"category","embeddable":true,"href":"https:\/\/www.europesays.com\/de\/wp-json\/wp\/v2\/categories?post=882040"},{"taxonomy":"post_tag","embeddable":true,"href":"https:\/\/www.europesays.com\/de\/wp-json\/wp\/v2\/tags?post=882040"}],"curies":[{"name":"wp","href":"https:\/\/api.w.org\/{rel}","templated":true}]}}