{"id":882059,"date":"2026-03-20T02:55:18","date_gmt":"2026-03-20T02:55:18","guid":{"rendered":"https:\/\/www.europesays.com\/de\/882059\/"},"modified":"2026-03-20T02:55:18","modified_gmt":"2026-03-20T02:55:18","slug":"lage-im-nahen-osten-nicht-zulassen-dass-sich-2015-wiederholt-eu-bereitet-sich-auf-moegliche-migrationskrise-vor","status":"publish","type":"post","link":"https:\/\/www.europesays.com\/de\/882059\/","title":{"rendered":"Lage im Nahen Osten: \u201eNicht zulassen, dass sich 2015 wiederholt\u201c \u2013 EU bereitet sich auf m\u00f6gliche Migrationskrise vor"},"content":{"rendered":"<p>Die EU-Staaten wollen auf eine m\u00f6gliche Migrationskrise durch den Iran-Krieg vorbereitet sein. EU-Kommissionspr\u00e4sidentin Ursula von der Leyen betont, dass \u201e2015 sich nicht wiederholen darf\u201c. Frederiksen und Meloni fordern eine \u201eNotbremse\u201c f\u00fcr den Ernstfall.<\/p>\n<p class=\"is-first-paragraph\" data-external=\"Article.FirstParagraph\">Die Europ\u00e4ischen Staats- und Regierungschefs wollen sich angesichts der eskalierenden Lage im Nahen Osten nicht von einer m\u00f6glichen Migrationskrise \u00fcberraschen lassen. \u201eWir werden nicht zulassen, dass sich 2015 wiederholt\u201c, sagte EU-Kommissionspr\u00e4sidentin Ursula von der Leyen nach dem EU-Gipfel in Br\u00fcssel. Bisher beobachte man wegen der Situation keine Migrationsbewegungen in Richtung Europa, aber die EU m\u00fcsse vorbereitet sein.<\/p>\n<p>Der Iran-Krieg l\u00f6st bei einigen die Bef\u00fcrchtung aus, es k\u00f6nne zu einer neuen Migrationskrise kommen.<\/p>\n<p><a class=\"is-link c-block-items__link c-link--rich-text-renderer\" href=\"https:\/\/www.welt.de\/politik\/ausland\/article69b3690228b7770e637eb152\/iran-krieg-netanjahu-iran-kann-kein-uran-mehr-anreichern-und-keine-ballistischen-raketen-herstellen-liveticker.html\" data-internal-tracking-enabled=\"true\" data-internal-tracking=\"{&quot;action&quot;:&quot;click&quot;,&quot;label&quot;:&quot;link&quot;,&quot;name&quot;:&quot;Inline Element&quot;,&quot;data&quot;:{&quot;source&quot;:&quot;&quot;,&quot;target&quot;:&quot;https:\/\/www.welt.de\/politik\/ausland\/article69b3690228b7770e637eb152\/iran-krieg-netanjahu-iran-kann-kein-uran-mehr-anreichern-und-keine-ballistischen-raketen-herstellen-liveticker.html&quot;,&quot;trackingName&quot;:&quot;&quot;,&quot;trackingLabel&quot;:&quot;&quot;}}\" rel=\"nofollow noopener\" target=\"_blank\"><b>+++ Alle Entwicklungen zur Lage im Iran finden Sie unserem Live-Ticker +++<\/b><\/a><\/p>\n<p>In den Abschlusserkl\u00e4rungen der Staats- und Regierungschefs hei\u00dft es, die EU sei bereit, ihre diplomatischen, rechtlichen, operativen und finanziellen Instrumente zu nutzen, um \u201eunkontrollierte Migrationsbewegungen\u201c zu verhindern. \u201eDie Sicherheit und die Kontrolle der Au\u00dfengrenzen der Europ\u00e4ischen Union werden weiter gest\u00e4rkt.\u201c<\/p>\n<p>Besonders aus dem vom B\u00fcrgerkrieg geplagten Syrien, aber auch aus Afghanistan flohen Mitte der 2010er Jahre Millionen Menschen nach Europa, viele auch nach Deutschland. Allein 2015 beantragten deutlich \u00fcber eine Million Menschen in der EU Asyl.<\/p>\n<p>Ausgehend von einer Initiative der d\u00e4nischen Ministerpr\u00e4sidentin Mette Frederiksen und der italienischen Ministerpr\u00e4sidentin Giorgia Meloni, spielte das Thema Migration beim Gipfel in Br\u00fcssel eine gr\u00f6\u00dfere Rolle als urspr\u00fcnglich angenommen.<\/p>\n<p>Die beiden Regierungschefinnen fordern die EU-Kommission in einem Brief auf, einen Mechanismus zu pr\u00fcfen, der im Falle gro\u00dfer Migrationsbewegungen als \u201eNotbremse\u201c fungieren k\u00f6nnte. Als Beispiel f\u00fcr eine m\u00f6gliche Ma\u00dfnahme nannte Frederiksen im d\u00e4nischen Fernsehen eine Regel zur Abweisung von Asylsuchenden direkt an der Grenze.<\/p>\n<p>Strengere Migrationsregeln ab Juni geplant<\/p>\n<p>Im Juni sollen die strengeren Migrationsregeln der europ\u00e4ischen Asylreform (Geas) in Kraft treten. Dadurch sollen etwa Schutzsuchende zwischen den Mitgliedsl\u00e4ndern solidarischer verteilt und Asylverfahren schneller abgewickelt werden. Zudem hat die EU in den vergangenen Jahren die Kooperation mit mehreren Drittstaaten ausgebaut, um unerw\u00fcnschte Migration zu verhindern.<\/p>\n<p>dpa\/ceb<\/p>\n","protected":false},"excerpt":{"rendered":"Die EU-Staaten wollen auf eine m\u00f6gliche Migrationskrise durch den Iran-Krieg vorbereitet sein. EU-Kommissionspr\u00e4sidentin Ursula von der Leyen betont,&hellip;\n","protected":false},"author":2,"featured_media":882060,"comment_status":"","ping_status":"","sticky":false,"template":"","format":"standard","meta":{"footnotes":"","_share_on_mastodon":"0"},"categories":[3933],"tags":[331,332,548,663,158,7736,3934,3935,51374,13,9497,51375,47967,14,15,110,12,45,9498],"class_list":["post-882059","post","type-post","status-publish","format-standard","has-post-thumbnail","category-eu","tag-aktuelle-nachrichten","tag-aktuelle-news","tag-eu","tag-europa","tag-europaeische-union","tag-europaeische-union-eu","tag-europe","tag-european-union","tag-frederiksen","tag-headlines","tag-leyen","tag-mette","tag-migrationspolitik-ks","tag-nachrichten","tag-news","tag-newsteam","tag-schlagzeilen","tag-texttospeech","tag-ursula-von-der"],"share_on_mastodon":{"url":"https:\/\/pubeurope.com\/@de\/116259253476437572","error":""},"_links":{"self":[{"href":"https:\/\/www.europesays.com\/de\/wp-json\/wp\/v2\/posts\/882059","targetHints":{"allow":["GET"]}}],"collection":[{"href":"https:\/\/www.europesays.com\/de\/wp-json\/wp\/v2\/posts"}],"about":[{"href":"https:\/\/www.europesays.com\/de\/wp-json\/wp\/v2\/types\/post"}],"author":[{"embeddable":true,"href":"https:\/\/www.europesays.com\/de\/wp-json\/wp\/v2\/users\/2"}],"replies":[{"embeddable":true,"href":"https:\/\/www.europesays.com\/de\/wp-json\/wp\/v2\/comments?post=882059"}],"version-history":[{"count":0,"href":"https:\/\/www.europesays.com\/de\/wp-json\/wp\/v2\/posts\/882059\/revisions"}],"wp:featuredmedia":[{"embeddable":true,"href":"https:\/\/www.europesays.com\/de\/wp-json\/wp\/v2\/media\/882060"}],"wp:attachment":[{"href":"https:\/\/www.europesays.com\/de\/wp-json\/wp\/v2\/media?parent=882059"}],"wp:term":[{"taxonomy":"category","embeddable":true,"href":"https:\/\/www.europesays.com\/de\/wp-json\/wp\/v2\/categories?post=882059"},{"taxonomy":"post_tag","embeddable":true,"href":"https:\/\/www.europesays.com\/de\/wp-json\/wp\/v2\/tags?post=882059"}],"curies":[{"name":"wp","href":"https:\/\/api.w.org\/{rel}","templated":true}]}}