{"id":882061,"date":"2026-03-20T02:56:17","date_gmt":"2026-03-20T02:56:17","guid":{"rendered":"https:\/\/www.europesays.com\/de\/882061\/"},"modified":"2026-03-20T02:56:17","modified_gmt":"2026-03-20T02:56:17","slug":"usa-erreichen-in-belarus-die-freilassung-politischer-gefangener","status":"publish","type":"post","link":"https:\/\/www.europesays.com\/de\/882061\/","title":{"rendered":"USA erreichen in Belarus die Freilassung politischer Gefangener"},"content":{"rendered":"<p>            <img loading=\"lazy\" decoding=\"async\" class=\"ts-image\" src=\"https:\/\/www.europesays.com\/de\/wp-content\/uploads\/2026\/03\/coale-lukaschenko-102.jpg\" alt=\"John Coale und Alexander Lukaschenko\" title=\"John Coale und Alexander Lukaschenko | EPA\"\/><\/p>\n<p class=\"metatextline\">Stand: 19.03.2026 \u2022 20:28 Uhr<\/p>\n<p class=\"article-head__shorttext\">\n        <strong>Nach direkten Verhandlungen mit den USA l\u00e4sst Belarus 250 politische H\u00e4ftlinge frei. Im Gegenzug hebt die US-Regierung einige Sanktionen auf. Pr\u00e4sident Lukaschenko k\u00f6nnte bald sogar pers\u00f6nlich profitieren.<\/strong>\n    <\/p>\n<p class=\"textabsatz m-ten m-offset-one l-eight l-offset-two columns twelve\">Im autorit\u00e4r regierten Belarus sollen 250 politische Gefangene freigelassen werden. Dies gab Pr\u00e4sident Alexander Lukaschenko nach Verhandlungen mit dem Sondergesandten der US-Regierung, John Coale, in der belarusischen Hauptstadt Minsk bekannt.<\/p>\n<p class=\"textabsatz m-ten m-offset-one l-eight l-offset-two columns twelve\">Im Gegenzug hebt die US-Regierung Sanktionen gegen zwei belarusische Banken, zwei D\u00fcngemittelhersteller sowie das dortige Finanzministerium auf. Coale sprach mit Blick auf die Freilassung von einem &#8222;erheblichen humanit\u00e4ren Meilenstein&#8220;. Dies zeige, dass sich Pr\u00e4sident Donald Trump f\u00fcr &#8222;direkte kompromisslose Diplomatie&#8220; einsetze. Anders als die EU, die Lukaschenko wegen seiner Menschenrechtsverst\u00f6\u00dfe isoliert, setzen die USA auf Fortschritte durch direkte Kontakte nach Minsk.<\/p>\n<p>    Lukaschenko spricht nur von Straft\u00e4tern<\/p>\n<p class=\"textabsatz m-ten m-offset-one l-eight l-offset-two columns twelve\">Unter den Freigelassenen befindet sich Marfa Rabkowa, die Koordinatorin des Freiwilligennetzwerks der Menschenrechtsgruppe Wjasna. Sie war im September 2020 festgenommen worden und verb\u00fc\u00dfte eine Haftstrafe von 14 Jahren und neun Monaten wegen Extremismus und anderer Vorw\u00fcrfe. Sie bestreitet diese Vorw\u00fcrfe.<\/p>\n<p class=\"textabsatz m-ten m-offset-one l-eight l-offset-two columns twelve\">Auch die Fernsehjournalistin Jekaterina Andrejewa soll freigelassen werden, berichtet das oppositionelle belarusische Portal Nascha Niwa. Andrejewa war wegen ihrer Reportagen \u00fcber die Massenproteste gegen Lukaschenkos manipulierte Wiederwahl 2020 inhaftiert worden.<\/p>\n<p class=\"textabsatz m-ten m-offset-one l-eight l-offset-two columns twelve\">B\u00fcrgerrechtler und Nichtregierungsorganisationen z\u00e4hlen bis zu 1.400 politische H\u00e4ftlinge in Belarus. Lukaschenko selbst streitet ab, dass es politische Gefangene gibt. Seiner Ansicht nach handelt es sich um regul\u00e4re Straft\u00e4ter.<\/p>\n<p>    Reise in die USA?<\/p>\n<p class=\"textabsatz m-ten m-offset-one l-eight l-offset-two columns twelve\">F\u00fcr den autorit\u00e4ren Herrscher Lukaschenko k\u00f6nnte es zudem eine diplomatische Anerkennungsgeste geben. &#8222;Wir sprachen auch \u00fcber eine m\u00f6gliche Reise von Pr\u00e4sident Lukaschenko in die USA&#8220;, sagte Coale vor Fernsehkameras. Auch ein Telefonat mit Trump sei m\u00f6glich.<\/p>\n","protected":false},"excerpt":{"rendered":"Stand: 19.03.2026 \u2022 20:28 Uhr Nach direkten Verhandlungen mit den USA l\u00e4sst Belarus 250 politische H\u00e4ftlinge frei. Im&hellip;\n","protected":false},"author":2,"featured_media":882062,"comment_status":"","ping_status":"","sticky":false,"template":"","format":"standard","meta":{"footnotes":"","_share_on_mastodon":"0"},"categories":[5],"tags":[331,332,916,3364,29,30,13,39559,14,15,194516,12],"class_list":["post-882061","post","type-post","status-publish","format-standard","has-post-thumbnail","category-nachrichten","tag-aktuelle-nachrichten","tag-aktuelle-news","tag-belarus","tag-de","tag-deutschland","tag-germany","tag-headlines","tag-lukaschenko","tag-nachrichten","tag-news","tag-politische-gefangene","tag-schlagzeilen"],"share_on_mastodon":{"url":"https:\/\/pubeurope.com\/@de\/116259257497167694","error":""},"_links":{"self":[{"href":"https:\/\/www.europesays.com\/de\/wp-json\/wp\/v2\/posts\/882061","targetHints":{"allow":["GET"]}}],"collection":[{"href":"https:\/\/www.europesays.com\/de\/wp-json\/wp\/v2\/posts"}],"about":[{"href":"https:\/\/www.europesays.com\/de\/wp-json\/wp\/v2\/types\/post"}],"author":[{"embeddable":true,"href":"https:\/\/www.europesays.com\/de\/wp-json\/wp\/v2\/users\/2"}],"replies":[{"embeddable":true,"href":"https:\/\/www.europesays.com\/de\/wp-json\/wp\/v2\/comments?post=882061"}],"version-history":[{"count":0,"href":"https:\/\/www.europesays.com\/de\/wp-json\/wp\/v2\/posts\/882061\/revisions"}],"wp:featuredmedia":[{"embeddable":true,"href":"https:\/\/www.europesays.com\/de\/wp-json\/wp\/v2\/media\/882062"}],"wp:attachment":[{"href":"https:\/\/www.europesays.com\/de\/wp-json\/wp\/v2\/media?parent=882061"}],"wp:term":[{"taxonomy":"category","embeddable":true,"href":"https:\/\/www.europesays.com\/de\/wp-json\/wp\/v2\/categories?post=882061"},{"taxonomy":"post_tag","embeddable":true,"href":"https:\/\/www.europesays.com\/de\/wp-json\/wp\/v2\/tags?post=882061"}],"curies":[{"name":"wp","href":"https:\/\/api.w.org\/{rel}","templated":true}]}}