{"id":882453,"date":"2026-03-20T06:39:13","date_gmt":"2026-03-20T06:39:13","guid":{"rendered":"https:\/\/www.europesays.com\/de\/882453\/"},"modified":"2026-03-20T06:39:13","modified_gmt":"2026-03-20T06:39:13","slug":"das-gesicht-der-notfallseelsorge-wenn-man-reinhard-herzog-braucht-ist-er-zur-stelle-ludwigshafen","status":"publish","type":"post","link":"https:\/\/www.europesays.com\/de\/882453\/","title":{"rendered":"Das Gesicht der Notfallseelsorge: Wenn man Reinhard Herzog braucht, ist er zur Stelle &#8211; Ludwigshafen"},"content":{"rendered":"<p class=\"rhp-dpa-teaser\"><b>Die  kirchliche Notfallseelsorge f\u00fcr Ludwigshafen und den Rhein-Pfalz-Kreis k\u00fcndigt  wichtige personelle Ver\u00e4nderungen an: Wer geht und wer  kommt.<\/b><\/p>\n<p> Reinhard Herzog ist so etwas wie das Gesicht der Notfallseelsorge. Wird er gebraucht, ist er zur Stelle \u2013 erfahren, empathisch, verl\u00e4sslich. W\u00e4hrend eines der dienst\u00e4ltesten  Mitglieder aus dem aktiven Dienst  verabschiedet wird,  werden gleichzeitig Constanze Bruhn (60,<\/p>\n<p class=\"rhp-teaser\"><b>Die  kirchliche Notfallseelsorge f\u00fcr Ludwigshafen und den Rhein-Pfalz-Kreis k\u00fcndigt  wichtige personelle Ver\u00e4nderungen an: Wer geht und wer  kommt.<\/b><\/p>\n","protected":false},"excerpt":{"rendered":"Die kirchliche Notfallseelsorge f\u00fcr Ludwigshafen und den Rhein-Pfalz-Kreis k\u00fcndigt wichtige personelle Ver\u00e4nderungen an: Wer geht und wer kommt.&hellip;\n","protected":false},"author":2,"featured_media":882454,"comment_status":"","ping_status":"","sticky":false,"template":"","format":"standard","meta":{"footnotes":"","_share_on_mastodon":"0"},"categories":[1845],"tags":[1634,3948,31,194586,16785,3364,29,194588,548,663,3934,985,28800,30,13,194587,4060,25476,2096,194589,14,15,194585,26286,44981,34574,12,54045],"class_list":["post-882453","post","type-post","status-publish","format-standard","has-post-thumbnail","category-mannheim","tag-baden-wuerttemberg","tag-basf","tag-cdu","tag-constanze-bruhn","tag-darmstadt","tag-de","tag-deutschland","tag-dirk-garbe","tag-eu","tag-europa","tag-europe","tag-feuerwehr","tag-gartenstadt","tag-germany","tag-headlines","tag-kaerntner-strasse","tag-lokal","tag-ludwigshafen","tag-mannheim","tag-markus-spreckelsen","tag-nachrichten","tag-news","tag-reinhard-herzog","tag-rhein-pfalz-kreis","tag-rheingoenheim","tag-ruchheim","tag-schlagzeilen","tag-technische-werke-ludwigshafen"],"share_on_mastodon":{"url":"https:\/\/pubeurope.com\/@de\/116260134522005750","error":""},"_links":{"self":[{"href":"https:\/\/www.europesays.com\/de\/wp-json\/wp\/v2\/posts\/882453","targetHints":{"allow":["GET"]}}],"collection":[{"href":"https:\/\/www.europesays.com\/de\/wp-json\/wp\/v2\/posts"}],"about":[{"href":"https:\/\/www.europesays.com\/de\/wp-json\/wp\/v2\/types\/post"}],"author":[{"embeddable":true,"href":"https:\/\/www.europesays.com\/de\/wp-json\/wp\/v2\/users\/2"}],"replies":[{"embeddable":true,"href":"https:\/\/www.europesays.com\/de\/wp-json\/wp\/v2\/comments?post=882453"}],"version-history":[{"count":0,"href":"https:\/\/www.europesays.com\/de\/wp-json\/wp\/v2\/posts\/882453\/revisions"}],"wp:featuredmedia":[{"embeddable":true,"href":"https:\/\/www.europesays.com\/de\/wp-json\/wp\/v2\/media\/882454"}],"wp:attachment":[{"href":"https:\/\/www.europesays.com\/de\/wp-json\/wp\/v2\/media?parent=882453"}],"wp:term":[{"taxonomy":"category","embeddable":true,"href":"https:\/\/www.europesays.com\/de\/wp-json\/wp\/v2\/categories?post=882453"},{"taxonomy":"post_tag","embeddable":true,"href":"https:\/\/www.europesays.com\/de\/wp-json\/wp\/v2\/tags?post=882453"}],"curies":[{"name":"wp","href":"https:\/\/api.w.org\/{rel}","templated":true}]}}