{"id":882539,"date":"2026-03-20T07:29:32","date_gmt":"2026-03-20T07:29:32","guid":{"rendered":"https:\/\/www.europesays.com\/de\/882539\/"},"modified":"2026-03-20T07:29:32","modified_gmt":"2026-03-20T07:29:32","slug":"ein-weiterer-mueller-verlaesst-wohl-den-rekordmeister","status":"publish","type":"post","link":"https:\/\/www.europesays.com\/de\/882539\/","title":{"rendered":"Ein weiterer M\u00fcller verl\u00e4sst wohl den Rekordmeister"},"content":{"rendered":"<p>FC Bayern M\u00fcnchen <\/p>\n<p>Ein weiterer M\u00fcller verl\u00e4sst wohl den Rekordmeister<\/p>\n<p>Aktualisiert am 20.03.2026 &#8211; 05:06 UhrLesedauer: 2 Min.<\/p>\n<p><a href=\"#focus-0\" class=\"transition-colors duration-200 block text-current relative\" data-sctrack=\"FocusGalleryImage.Reference\"><img fetchpriority=\"high\" data-testid=\"Opener.Image\" style=\"--lqipURL:url('https:\/\/images.t-online.de\/2026\/03\/94tmuP4HSsJr\/586x126:2843x1599\/fit-in\/150x0\/filters:blur(25)\/05-072024-fussball-herren-uefa-europameisterschaft-2024-quarter-final-viertelfinale-spanien-deutschland-bruder-von-thomas-mueller-simon-mueller-stuttgart-mhp-arena-baden-wuerttemberg-deutschland-de-05-07-2024-football-men-uefa-european-championship-2024-quarter-final-quarter-final-spain-germany-brother-of-thomas-mueller-simon-mueller-stuttgart-mhp-arena-baden-wuerttemberg-germany-de-copyright-xsebastianxbachx.jpg')\"   loading=\"eager\" src=\"https:\/\/www.europesays.com\/de\/wp-content\/uploads\/2026\/03\/05-072024-fussball-herren-uefa-europameisterschaft-2024-quarter-final-viertelfinale-spanien-deutschl.jpeg\" alt=\"imago images 1047246560\" title=\"imago images 1047246560\" width=\"2843\" height=\"1599\" class=\"bg-[url:var(--lqipURL)] bg-cover bg-center flex h-full w-full max-w-full\" decoding=\"async\"\/><img style=\"--width:32;--height:32\" loading=\"lazy\" src=\"https:\/\/www.t-online.de\/s\/paper\/_next\/static\/media\/zoom-in.f7dae02f.svg\" alt=\"Vergr\u00f6\u00dfern des Bildes\" title=\"Vergr\u00f6\u00dfern des Bildes\" class=\"block h-[calc(var(--height)_\/_16_*_1rem)] w-[calc(var(--width)_\/_16_*_1rem)] max-w-none absolute bottom-8 right-8 rounded-4 bg-snow p-8\" decoding=\"async\"\/><\/a><\/p>\n<p>Simon M\u00fcller schaut bei einem Spiel der Nationalmannschaft zu. Er wird wohl auch den FC Bayern verlassen. (Quelle: IMAGO\/Sebastian Bach\/imago)<\/p>\n<p class=\"font-bold text-18 leading-17 user-text-lg:text-22 user-text-xl:text-24\">Seit dem Sommer 2025 fehlt Thomas M\u00fcller an der S\u00e4bener Stra\u00dfe. Nun soll auch sein j\u00fcngerer Bruder Simon den Klub verlassen \u2013 nach mehr als zehn Jahren.<\/p>\n<p class=\"text-18 leading-17 user-text-lg:text-22 user-text-xl:text-24\">Simon M\u00fcller hat offenbar seinen Vertrag beim <a class=\"transition-colors duration-200 cursor-pointer text-inherit no-underline text-salemsfur md:hover:text-magenta md:hover:border-magenta md:focus:text-magenta border-current border-b border-solid break-words\" data-tracking=\"{&quot;action&quot;:&quot;click&quot;,&quot;category&quot;:&quot;intextLink&quot;,&quot;label&quot;:&quot;\/themen\/fc-bayern-muenchen\/&quot;}\" href=\"https:\/\/www.t-online.de\/themen\/fc-bayern-muenchen\/\" data-sctrack=\"BodyAnchor\" rel=\"nofollow noopener\" target=\"_blank\">FC Bayern M\u00fcnchen<\/a> gek\u00fcndigt. Der 33-J\u00e4hrige war mehr als zehn Jahre lang in der Fanbetreuung des Klubs t\u00e4tig, wie die &#8222;Bild&#8220;-Zeitung berichtete. Zum Saisonende verl\u00e4sst er demnach die S\u00e4bener Stra\u00dfe, um sich beruflich neu zu orientieren.<\/p>\n<p class=\"text-18 leading-17 user-text-lg:text-22 user-text-xl:text-24\">In seiner Zeit beim <a class=\"transition-colors duration-200 cursor-pointer text-inherit no-underline text-salemsfur md:hover:text-magenta md:hover:border-magenta md:focus:text-magenta border-current border-b border-solid break-words\" data-tracking=\"{&quot;action&quot;:&quot;click&quot;,&quot;category&quot;:&quot;intextLink&quot;,&quot;label&quot;:&quot;\/themen\/fc-bayern-muenchen\/&quot;}\" href=\"https:\/\/www.t-online.de\/themen\/fc-bayern-muenchen\/\" data-sctrack=\"BodyAnchor\" rel=\"nofollow noopener\" target=\"_blank\">FC Bayern<\/a> begleitete Simon M\u00fcller den Verein auch zu Ausw\u00e4rtsspielen in der <a class=\"transition-colors duration-200 cursor-pointer text-inherit no-underline text-salemsfur md:hover:text-magenta md:hover:border-magenta md:focus:text-magenta border-current border-b border-solid break-words\" data-tracking=\"{&quot;action&quot;:&quot;click&quot;,&quot;category&quot;:&quot;intextLink&quot;,&quot;label&quot;:&quot;\/sport\/ergebnisse-tabelle\/fussball\/champions-league-m\/ergebnisse\/sdc_fmdo-5\/champions-league-m-aktueller-spieltag.html&quot;}\" href=\"https:\/\/www.t-online.de\/sport\/ergebnisse-tabelle\/fussball\/champions-league-m\/ergebnisse\/sdc_fmdo-5\/champions-league-m-aktueller-spieltag.html\" data-sctrack=\"BodyAnchor\" rel=\"nofollow noopener\" target=\"_blank\">Champions League<\/a>, etwa beim Hinspiel gegen <a class=\"transition-colors duration-200 cursor-pointer text-inherit no-underline text-salemsfur md:hover:text-magenta md:hover:border-magenta md:focus:text-magenta border-current border-b border-solid break-words\" data-tracking=\"{&quot;action&quot;:&quot;click&quot;,&quot;category&quot;:&quot;intextLink&quot;,&quot;label&quot;:&quot;\/themen\/atalanta-bergamo\/&quot;}\" href=\"https:\/\/www.t-online.de\/themen\/atalanta-bergamo\/\" data-sctrack=\"BodyAnchor\" rel=\"nofollow noopener\" target=\"_blank\">Atalanta Bergamo<\/a>. Neben der beruflichen Neuorientierung plane er laut dem Bericht, die gewonnene Zeit zu nutzen, um seinen Bruder Thomas in Vancouver zu besuchen. Bereits im September 2025 war Simon nach Kanada gereist und hatte Thomas im BC Place Stadium unterst\u00fctzt, mit einem Whitecaps-Trikot mit der R\u00fcckennummer 13 seines Bruders.<\/p>\n<p class=\"text-18 leading-17 user-text-lg:text-22 user-text-xl:text-24\">Die Verbindung der beiden Br\u00fcder zum FC Bayern reicht weit zur\u00fcck. Als Kinder spielten Thomas und Simon gemeinsam beim TSV P\u00e4hl, bevor Thomas den Sprung zum Rekordmeister schaffte. Simon folgte ihm an die S\u00e4bener Stra\u00dfe, allerdings nicht als Spieler, sondern in die Gesch\u00e4ftsstelle.<\/p>\n<p class=\"text-18 leading-17 user-text-lg:text-22 user-text-xl:text-24\">Bei der Bekanntgabe von Thomas&#8216; Wechsel in die nordamerikanische Profiliga MLS \u00fcbernahm Simon im Abschiedsvideo die Rolle eines Cowboys neben seinem Bruder und Vater Gerhard. Auch in der Amazon-Prime-Dokumentation &#8222;Thomas M\u00fcller \u2013 Einer wie Keiner&#8220; war er pr\u00e4sent. Mit seinem Abgang gibt es beim FC <a class=\"transition-colors duration-200 cursor-pointer text-inherit no-underline text-salemsfur md:hover:text-magenta md:hover:border-magenta md:focus:text-magenta border-current border-b border-solid break-words\" data-tracking=\"{&quot;action&quot;:&quot;click&quot;,&quot;category&quot;:&quot;intextLink&quot;,&quot;label&quot;:&quot;\/themen\/fc-bayern-muenchen\/&quot;}\" href=\"https:\/\/www.t-online.de\/themen\/fc-bayern-muenchen\/\" data-sctrack=\"BodyAnchor\" rel=\"nofollow noopener\" target=\"_blank\">Bayern M\u00fcnchen<\/a> erstmals seit vielen Jahren wohl keinen M\u00fcller mehr, weder auf dem Platz noch in der Gesch\u00e4ftsstelle.<\/p>\n","protected":false},"excerpt":{"rendered":"FC Bayern M\u00fcnchen Ein weiterer M\u00fcller verl\u00e4sst wohl den Rekordmeister Aktualisiert am 20.03.2026 &#8211; 05:06 UhrLesedauer: 2 Min.&hellip;\n","protected":false},"author":2,"featured_media":882540,"comment_status":"","ping_status":"","sticky":false,"template":"","format":"standard","meta":{"footnotes":"","_share_on_mastodon":"0"},"categories":[1827],"tags":[722,17161,70569,772,9492,468,29,458,30,1268,3197,194608,18760],"class_list":["post-882539","post","type-post","status-publish","format-standard","has-post-thumbnail","category-muenchen","tag-722","tag-17161","tag-atalanta-bergamo-calcio","tag-bayern","tag-bild-zeitung","tag-champions-league","tag-deutschland","tag-fc-bayern-muenchen","tag-germany","tag-muenchen","tag-thomas-mueller","tag-tsv-paehl","tag-vancouver"],"share_on_mastodon":{"url":"https:\/\/pubeurope.com\/@de\/116260331179661355","error":""},"_links":{"self":[{"href":"https:\/\/www.europesays.com\/de\/wp-json\/wp\/v2\/posts\/882539","targetHints":{"allow":["GET"]}}],"collection":[{"href":"https:\/\/www.europesays.com\/de\/wp-json\/wp\/v2\/posts"}],"about":[{"href":"https:\/\/www.europesays.com\/de\/wp-json\/wp\/v2\/types\/post"}],"author":[{"embeddable":true,"href":"https:\/\/www.europesays.com\/de\/wp-json\/wp\/v2\/users\/2"}],"replies":[{"embeddable":true,"href":"https:\/\/www.europesays.com\/de\/wp-json\/wp\/v2\/comments?post=882539"}],"version-history":[{"count":0,"href":"https:\/\/www.europesays.com\/de\/wp-json\/wp\/v2\/posts\/882539\/revisions"}],"wp:featuredmedia":[{"embeddable":true,"href":"https:\/\/www.europesays.com\/de\/wp-json\/wp\/v2\/media\/882540"}],"wp:attachment":[{"href":"https:\/\/www.europesays.com\/de\/wp-json\/wp\/v2\/media?parent=882539"}],"wp:term":[{"taxonomy":"category","embeddable":true,"href":"https:\/\/www.europesays.com\/de\/wp-json\/wp\/v2\/categories?post=882539"},{"taxonomy":"post_tag","embeddable":true,"href":"https:\/\/www.europesays.com\/de\/wp-json\/wp\/v2\/tags?post=882539"}],"curies":[{"name":"wp","href":"https:\/\/api.w.org\/{rel}","templated":true}]}}