{"id":882573,"date":"2026-03-20T07:52:14","date_gmt":"2026-03-20T07:52:14","guid":{"rendered":"https:\/\/www.europesays.com\/de\/882573\/"},"modified":"2026-03-20T07:52:14","modified_gmt":"2026-03-20T07:52:14","slug":"zwei-festnahmen-und-mehrere-verletzte","status":"publish","type":"post","link":"https:\/\/www.europesays.com\/de\/882573\/","title":{"rendered":"zwei Festnahmen und mehrere Verletzte"},"content":{"rendered":"<p class=\"richtext text-em-55 !leading-serif mx-6 desktop:mx-0\">Nach Sch\u00fcssen in der Innenstadt von M\u00f6nchengladbach sind zwei Personen vorl\u00e4ufig festgenommen worden. Das berichtet eine Polizeisprecherin am Freitagmorgen im Gespr\u00e4ch mit unserer Redaktion. Am Abend zuvor \u2013 Donnerstag, 19.\u2005M\u00e4rz \u2013 war ersten Erkenntnissen zufolge ein Streit am Bismarckplatz eskaliert. In der Folge sollen Sch\u00fcsse gefallen sein. Eine Waffe wurde in der N\u00e4he des Tatorts gefunden.<\/p>\n","protected":false},"excerpt":{"rendered":"Nach Sch\u00fcssen in der Innenstadt von M\u00f6nchengladbach sind zwei Personen vorl\u00e4ufig festgenommen worden. Das berichtet eine Polizeisprecherin am&hellip;\n","protected":false},"author":2,"featured_media":882574,"comment_status":"","ping_status":"","sticky":false,"template":"","format":"standard","meta":{"footnotes":"","_share_on_mastodon":"0"},"categories":[5],"tags":[18412,3786,13,2065,187314,4455,14,15,12,2688,218,10,8,9,11,17262,3258,161153],"class_list":["post-882573","post","type-post","status-publish","format-standard","has-post-thumbnail","category-nachrichten","tag-bereich","tag-grosseinsatz","tag-headlines","tag-innenstadt","tag-meiden","tag-moenchengladbach","tag-nachrichten","tag-news","tag-schlagzeilen","tag-schuesse","tag-tatort","tag-top-news","tag-top-meldungen","tag-topmeldungen","tag-topnews","tag-unklar","tag-verletzte","tag-weitraeumig"],"share_on_mastodon":{"url":"https:\/\/pubeurope.com\/@de\/116260421373036862","error":""},"_links":{"self":[{"href":"https:\/\/www.europesays.com\/de\/wp-json\/wp\/v2\/posts\/882573","targetHints":{"allow":["GET"]}}],"collection":[{"href":"https:\/\/www.europesays.com\/de\/wp-json\/wp\/v2\/posts"}],"about":[{"href":"https:\/\/www.europesays.com\/de\/wp-json\/wp\/v2\/types\/post"}],"author":[{"embeddable":true,"href":"https:\/\/www.europesays.com\/de\/wp-json\/wp\/v2\/users\/2"}],"replies":[{"embeddable":true,"href":"https:\/\/www.europesays.com\/de\/wp-json\/wp\/v2\/comments?post=882573"}],"version-history":[{"count":0,"href":"https:\/\/www.europesays.com\/de\/wp-json\/wp\/v2\/posts\/882573\/revisions"}],"wp:featuredmedia":[{"embeddable":true,"href":"https:\/\/www.europesays.com\/de\/wp-json\/wp\/v2\/media\/882574"}],"wp:attachment":[{"href":"https:\/\/www.europesays.com\/de\/wp-json\/wp\/v2\/media?parent=882573"}],"wp:term":[{"taxonomy":"category","embeddable":true,"href":"https:\/\/www.europesays.com\/de\/wp-json\/wp\/v2\/categories?post=882573"},{"taxonomy":"post_tag","embeddable":true,"href":"https:\/\/www.europesays.com\/de\/wp-json\/wp\/v2\/tags?post=882573"}],"curies":[{"name":"wp","href":"https:\/\/api.w.org\/{rel}","templated":true}]}}