{"id":882609,"date":"2026-03-20T08:13:16","date_gmt":"2026-03-20T08:13:16","guid":{"rendered":"https:\/\/www.europesays.com\/de\/882609\/"},"modified":"2026-03-20T08:13:16","modified_gmt":"2026-03-20T08:13:16","slug":"putin-und-trump-geben-nicht-auf","status":"publish","type":"post","link":"https:\/\/www.europesays.com\/de\/882609\/","title":{"rendered":"Putin und Trump geben nicht auf"},"content":{"rendered":"<p class=\"font-bold text-18 leading-17 user-text-lg:text-22 user-text-xl:text-24\">Der Fr\u00fchling naht, die Weltlage hat sich allerdings weiter versch\u00e4rft. Daran<br \/>tragen die Politrentner Wladimir Putin und Donald Trump die Schuld, meint<br \/>Wladimir Kaminer. Und hat da ein paar Vorschl\u00e4ge.<\/p>\n<p><img style=\"--width:32;--height:32\" loading=\"lazy\" src=\"https:\/\/www.t-online.de\/s\/paper\/_next\/static\/media\/affiliate-disclaimer-icon.805ed620.svg\" alt=\"\" title=\"\" class=\"block h-[calc(var(--height)_\/_16_*_1rem)] w-[calc(var(--width)_\/_16_*_1rem)] max-w-none undefined\" decoding=\"async\"\/><\/p>\n<p class=\"w-full font-bold\">Erfahren Sie mehr zu unseren Affiliate-Links<\/p>\n<p><img style=\"--width:16;--height:16\" loading=\"lazy\" src=\"https:\/\/www.t-online.de\/s\/paper\/_next\/static\/media\/chevron-down-bold.ddb61db9.svg\" alt=\"\" title=\"\" class=\"block h-[calc(var(--height)_\/_16_*_1rem)] w-[calc(var(--width)_\/_16_*_1rem)] max-w-none flex w-fit justify-end\" decoding=\"async\"\/><\/p>\n<p class=\"disclaimer-item pt-16 leading-15 text-trout\">Wenn Sie \u00fcber diese Links einkaufen, erhalten wir eine Provision, die unsere redaktionelle Arbeit unterst\u00fctzt. Der Preis f\u00fcr Sie bleibt unver\u00e4ndert. Diese Affiliate-Links sind durch ein<img loading=\"lazy\" src=\"https:\/\/www.t-online.de\/s\/paper\/_next\/static\/media\/affiliate-disclaimer-icon-inline.b49ce9f1.svg\" alt=\"Symbol f\u00fcr den Affiliate-Hinweis\" title=\"Symbol f\u00fcr den Affiliate-Hinweis\" width=\"16\" height=\"16\" class=\"\" decoding=\"async\"\/>gekennzeichnet.<\/p>\n<p class=\"text-18 leading-17 user-text-lg:text-22 user-text-xl:text-24\">Meine neuen Katzen, zwei junge Bengalen, eine gelungene Kreuzung einer asiatischen Leopardkatze mit einer Hauskatze, sind geborene J\u00e4ger. Doch es gab bis jetzt f\u00fcr sie in der Wohnung nicht viel zu jagen. Gestern haben sie endlich eine Fr\u00fchlingsfliege gesehen, zum ersten Mal in ihren Leben. Sie sind beide erst im Herbst auf die Welt gekommen und wussten nicht, was im M\u00e4rz in unserer Biotonne auf dem Hinterhof alles zum Leben erwacht.<\/p>\n<p class=\"text-18 leading-17 user-text-lg:text-22 user-text-xl:text-24\">Die Fr\u00fchlingsfliege, fett und zielstrebig, flog durch die ge\u00f6ffnete Balkont\u00fcr in die K\u00fcche hinein und blamierte sich. Ich glaube, sie hat schnell verstanden, dass sie in die falsche Wohnung reingeflogen war, doch ein R\u00fcckzieher kam f\u00fcr sie nicht infrage. Ich habe schon fr\u00fcher bemerkt, dass Menschen und Fliegen sich mit dem Eingestehen eigener Fehler \u00e4u\u00dferst schwertun. Und meistens ist die Zeit schnell verstrichen, f\u00fcr einen R\u00fcckzieher ist es zu sp\u00e4t.<\/p>\n<p class=\"text-18 leading-17 user-text-lg:text-22 user-text-xl:text-24\">Bei uns in der K\u00fcche k\u00f6nnte die Fliege noch den R\u00fcckw\u00e4rtsgang einlegen. Stattdessen stieg sie in die H\u00f6he und gab Gas: Sie wollte ihre \u00dcberlegenheit von oben ausnutzen, die H\u00f6he kontrollieren, &#8222;High Ground&#8220; ist fundamentales Prinzip der milit\u00e4rischen Strategie. Es hat ihr nichts gebracht. Die Bengalen k\u00f6nnen inzwischen sekundenschnell vom Boden zum K\u00fchlschrank und von dort aus zur Decke springen.<\/p>\n<p class=\"text-18 leading-17 user-text-lg:text-22 user-text-xl:text-24\">Die Fliege zog ein paar Kreise, nach zehn Minuten kam das Aus f\u00fcr sie. Zur\u00fcck zu den Menschen: Auch sie tun sich schwer damit, eigene Fehler einzugestehen, besonders wenn sie alt und Pr\u00e4sidenten sind, die Kriege entfesseln. Letzte Woche bin ich viel durch Deutschland gereist, zwischen <a class=\"transition-colors duration-200 cursor-pointer text-inherit no-underline text-salemsfur md:hover:text-magenta md:hover:border-magenta md:focus:text-magenta border-current border-b border-solid break-words\" data-tracking=\"{&quot;action&quot;:&quot;click&quot;,&quot;category&quot;:&quot;intextLink&quot;,&quot;label&quot;:&quot;\/themen\/jena\/&quot;}\" href=\"https:\/\/www.t-online.de\/themen\/jena\/\" data-sctrack=\"BodyAnchor\" rel=\"nofollow noopener\" target=\"_blank\">Jena<\/a> und Bamberg, und immer wieder stand ich im Stau wegen einer Demonstration.<\/p>\n<p class=\"text-18 leading-17 user-text-lg:text-22 user-text-xl:text-24\">In der Regel waren es \u00e4ltere Menschen, die f\u00fcr den Frieden und gegen den Krieg demonstrierten. Sie kamen langsam voran, mit Gl\u00f6ckchen, Pfeifen und Polizeischutz, obwohl die Wahrscheinlichkeit, auf eine Gegendemo f\u00fcr den Krieg und gegen den Frieden zu sto\u00dfen, \u00e4u\u00dferst gering, aus meiner Sicht sogar nicht vorhanden war. &#8222;Guck Dir diese Rentner an, sie haben viel Zeit und m\u00fcssen sich nicht beeilen&#8220;, schimpfte der Taxifahrer neben mir, der sich beeilen wollte. &#8222;Geht lieber arbeiten!&#8220;, rief er den Demonstranten zu.<\/p>\n","protected":false},"excerpt":{"rendered":"Der Fr\u00fchling naht, die Weltlage hat sich allerdings weiter versch\u00e4rft. Darantragen die Politrentner Wladimir Putin und Donald Trump&hellip;\n","protected":false},"author":2,"featured_media":882610,"comment_status":"","ping_status":"","sticky":false,"template":"","format":"standard","meta":{"footnotes":"","_share_on_mastodon":"0"},"categories":[4013],"tags":[3028,331,332,29,106,1213,13,851,345,49554,308,14,15,7435,35061,4043,4044,850,307,12,67200,35060,306],"class_list":["post-882609","post","type-post","status-publish","format-standard","has-post-thumbnail","category-russland","tag-3028","tag-aktuelle-nachrichten","tag-aktuelle-news","tag-deutschland","tag-donald-trump","tag-gas","tag-headlines","tag-herbst","tag-iran","tag-luege","tag-moskau","tag-nachrichten","tag-news","tag-rentner","tag-russendisko","tag-russia","tag-russian-federation","tag-russische-foederation","tag-russland","tag-schlagzeilen","tag-weltlage","tag-wladimir-kaminer","tag-wladimir-putin"],"share_on_mastodon":{"url":"https:\/\/pubeurope.com\/@de\/116260504240209193","error":""},"_links":{"self":[{"href":"https:\/\/www.europesays.com\/de\/wp-json\/wp\/v2\/posts\/882609","targetHints":{"allow":["GET"]}}],"collection":[{"href":"https:\/\/www.europesays.com\/de\/wp-json\/wp\/v2\/posts"}],"about":[{"href":"https:\/\/www.europesays.com\/de\/wp-json\/wp\/v2\/types\/post"}],"author":[{"embeddable":true,"href":"https:\/\/www.europesays.com\/de\/wp-json\/wp\/v2\/users\/2"}],"replies":[{"embeddable":true,"href":"https:\/\/www.europesays.com\/de\/wp-json\/wp\/v2\/comments?post=882609"}],"version-history":[{"count":0,"href":"https:\/\/www.europesays.com\/de\/wp-json\/wp\/v2\/posts\/882609\/revisions"}],"wp:featuredmedia":[{"embeddable":true,"href":"https:\/\/www.europesays.com\/de\/wp-json\/wp\/v2\/media\/882610"}],"wp:attachment":[{"href":"https:\/\/www.europesays.com\/de\/wp-json\/wp\/v2\/media?parent=882609"}],"wp:term":[{"taxonomy":"category","embeddable":true,"href":"https:\/\/www.europesays.com\/de\/wp-json\/wp\/v2\/categories?post=882609"},{"taxonomy":"post_tag","embeddable":true,"href":"https:\/\/www.europesays.com\/de\/wp-json\/wp\/v2\/tags?post=882609"}],"curies":[{"name":"wp","href":"https:\/\/api.w.org\/{rel}","templated":true}]}}