{"id":882674,"date":"2026-03-20T08:50:15","date_gmt":"2026-03-20T08:50:15","guid":{"rendered":"https:\/\/www.europesays.com\/de\/882674\/"},"modified":"2026-03-20T08:50:15","modified_gmt":"2026-03-20T08:50:15","slug":"tote-frau-in-muenchner-wohnung-aufgefunden-ein-verdaechtiger-gefasst","status":"publish","type":"post","link":"https:\/\/www.europesays.com\/de\/882674\/","title":{"rendered":"Tote Frau in M\u00fcnchner Wohnung aufgefunden \u2013 ein Verd\u00e4chtiger gefasst"},"content":{"rendered":"<p>Am Donnerstagabend lief im M\u00fcnchner Stadtteil Moosach in der Karlingerstra\u00dfe ein gr\u00f6\u00dferer Polizeieinsatz. In einer dortigen Wohnung ist eine tote Frau aufgefunden worden, wie die Polizei auf Nachfrage der Abendzeitung best\u00e4tigte.\u00a0<\/p>\n<p>Ersten Informationen der Polizei zufolge ging gegen 19.30 Uhr ein Notruf bei der M\u00fcnchner Polizei ein. Der Anrufer teilte dieser mit, eine Frau in einer Wohnung in Moosach sei verletzt. Ob und in welcher Beziehung der Anrufer zur toten Frau steht, sei zun\u00e4chst unklar gewesen.\u00a0 Als die Polizeistreife dort eintraf, sei die Frau bereits tot gewesen, hie\u00df es von einem Polizeisprecher. Wie lange die Frau bereits tot war, war demnach zun\u00e4chst unklar.\u00a0<\/p>\n<p>Hinweise auf Fremdverschulden \u2013 eine Person festgenommen<\/p>\n<p>Wie der Polizeisprecher weiter mitteilte, gab es vor Ort Hinweise auf ein Fremdverschulden. Eine vors\u00e4tzliche Tat sei nicht auszuschlie\u00dfen. Bei einer Absuche im Nahbereich nahmen Beamte einen m\u00e4nnlichen Verd\u00e4chtigen vorl\u00e4ufig fest. &#8222;Es wird derzeit kein weiterer Tatverd\u00e4chtiger gesucht&#8220;, so der Sprecher.<\/p>\n<p>Am Freitagmorgen konnte die Polizei noch keine weiteren Informationen zur Tat nennen. N\u00e4here Details werden erst zur Mittagszeit erwartet.\u00a0<\/p>\n","protected":false},"excerpt":{"rendered":"Am Donnerstagabend lief im M\u00fcnchner Stadtteil Moosach in der Karlingerstra\u00dfe ein gr\u00f6\u00dferer Polizeieinsatz. In einer dortigen Wohnung ist&hellip;\n","protected":false},"author":2,"featured_media":882675,"comment_status":"","ping_status":"","sticky":false,"template":"","format":"standard","meta":{"footnotes":"","_share_on_mastodon":"0"},"categories":[1827],"tags":[772,29,72307,30,6533,1268,16184,121,5089,12219],"class_list":["post-882674","post","type-post","status-publish","format-standard","has-post-thumbnail","category-muenchen","tag-bayern","tag-deutschland","tag-fremdverschulden","tag-germany","tag-moosach","tag-muenchen","tag-notruf","tag-polizei","tag-taeter","tag-tote"],"share_on_mastodon":{"url":"https:\/\/pubeurope.com\/@de\/116260649505910086","error":""},"_links":{"self":[{"href":"https:\/\/www.europesays.com\/de\/wp-json\/wp\/v2\/posts\/882674","targetHints":{"allow":["GET"]}}],"collection":[{"href":"https:\/\/www.europesays.com\/de\/wp-json\/wp\/v2\/posts"}],"about":[{"href":"https:\/\/www.europesays.com\/de\/wp-json\/wp\/v2\/types\/post"}],"author":[{"embeddable":true,"href":"https:\/\/www.europesays.com\/de\/wp-json\/wp\/v2\/users\/2"}],"replies":[{"embeddable":true,"href":"https:\/\/www.europesays.com\/de\/wp-json\/wp\/v2\/comments?post=882674"}],"version-history":[{"count":0,"href":"https:\/\/www.europesays.com\/de\/wp-json\/wp\/v2\/posts\/882674\/revisions"}],"wp:featuredmedia":[{"embeddable":true,"href":"https:\/\/www.europesays.com\/de\/wp-json\/wp\/v2\/media\/882675"}],"wp:attachment":[{"href":"https:\/\/www.europesays.com\/de\/wp-json\/wp\/v2\/media?parent=882674"}],"wp:term":[{"taxonomy":"category","embeddable":true,"href":"https:\/\/www.europesays.com\/de\/wp-json\/wp\/v2\/categories?post=882674"},{"taxonomy":"post_tag","embeddable":true,"href":"https:\/\/www.europesays.com\/de\/wp-json\/wp\/v2\/tags?post=882674"}],"curies":[{"name":"wp","href":"https:\/\/api.w.org\/{rel}","templated":true}]}}