{"id":882858,"date":"2026-03-20T10:33:14","date_gmt":"2026-03-20T10:33:14","guid":{"rendered":"https:\/\/www.europesays.com\/de\/882858\/"},"modified":"2026-03-20T10:33:14","modified_gmt":"2026-03-20T10:33:14","slug":"studie-arbeitsmarkt-in-mitteldeutschland-im-wandel-hallespektrum-de","status":"publish","type":"post","link":"https:\/\/www.europesays.com\/de\/882858\/","title":{"rendered":"Studie: Arbeitsmarkt in Mitteldeutschland im Wandel &#8211; HalleSpektrum.de"},"content":{"rendered":"<p>\n\t\t\t20. M\u00e4rz 2026\t\t<\/p>\n<p>Halle (Saale) \u2013 Der Arbeitsmarkt in Mitteldeutschland ver\u00e4ndert sich grundlegend. Zu diesem Ergebnis kommt eine aktuelle Untersuchung des Institut f\u00fcr Arbeitsmarkt- und Berufsforschung (IAB) f\u00fcr Sachsen-Anhalt und Th\u00fcringen. Die Studie beleuchtet die Entwicklung der Besch\u00e4ftigung seit 2013 und wagt einen Ausblick bis zum Jahr 2040.<\/p>\n<p>Besonders deutlich zeigt sich der Wandel in Sachsen-Anhalt, w\u00e4hrend sich Th\u00fcringen und Sachsen im bundesweiten Vergleich im Mittelfeld bewegen. Auch innerhalb der Regionen gibt es Unterschiede: St\u00e4dte wie Erfurt oder Suhl verzeichnen besonders starke Ver\u00e4nderungen.<\/p>\n<p>Die Analyse zeigt, dass klassische T\u00e4tigkeiten zunehmend an Bedeutung verlieren. Dazu z\u00e4hlen vor allem Berufe in der Landwirtschaft, im Gartenbau sowie Teile der Industrie, etwa im Metallbereich. Gleichzeitig entstehen neue Besch\u00e4ftigungsm\u00f6glichkeiten, insbesondere in technischen Berufen wie Elektrotechnik und Mechatronik sowie in Forschung und Entwicklung. Ein genereller R\u00fcckgang der Industrie ist jedoch nicht festzustellen \u2013 vielmehr ver\u00e4ndert sich deren Struktur hin zu spezialisierteren T\u00e4tigkeiten.<\/p>\n<p>Deutlich w\u00e4chst hingegen der Dienstleistungssektor. Vor allem im Gesundheits- und Sozialwesen sowie in kulturellen Berufen entstehen neue Arbeitspl\u00e4tze. Auch T\u00e4tigkeiten in der Informationstechnologie und den Naturwissenschaften nehmen zu, bleiben jedoch weiterhin unter dem Bundesdurchschnitt.<\/p>\n<p>F\u00fcr die kommenden Jahre erwarten die Fachleute eine Fortsetzung dieser Entwicklung. Wissensintensive Dienstleistungen d\u00fcrften weiter an Bedeutung gewinnen, w\u00e4hrend andere Bereiche auch durch den demografischen Wandel unter Druck geraten. Zus\u00e4tzlich ver\u00e4ndern Digitalisierung und Klimaschutz zahlreiche Berufsbilder.<\/p>\n<p>Aus Sicht der Studie ergeben sich daraus klare Anforderungen an Politik und Wirtschaft. Weiterbildung und Qualifizierung gewinnen an Bedeutung, ebenso moderne Ausbildungsangebote. Besonders gefragt sind Kompetenzen in Technik, IT, Naturwissenschaften und im Umweltbereich.<\/p>\n<p>Auch die Bundesagentur f\u00fcr Arbeit sieht Handlungsbedarf. Unternehmen seien zunehmend darauf angewiesen, ihre Besch\u00e4ftigten weiterzubilden und an neue Anforderungen anzupassen. Unterst\u00fctzungsangebote der Arbeitsagenturen k\u00f6nnten dabei helfen, den Strukturwandel aktiv zu gestalten.<\/p>\n","protected":false},"excerpt":{"rendered":"20. M\u00e4rz 2026 Halle (Saale) \u2013 Der Arbeitsmarkt in Mitteldeutschland ver\u00e4ndert sich grundlegend. Zu diesem Ergebnis kommt eine&hellip;\n","protected":false},"author":2,"featured_media":882859,"comment_status":"","ping_status":"","sticky":false,"template":"","format":"standard","meta":{"footnotes":"","_share_on_mastodon":"0"},"categories":[1860],"tags":[50993,620,3364,29,11691,548,663,3934,22554,30,4062,17332,13,14,15,17331,860,12],"class_list":["post-882858","post","type-post","status-publish","format-standard","has-post-thumbnail","category-halle-saale","tag-strukturwandel","tag-arbeitsmarkt","tag-de","tag-deutschland","tag-dienstleistungen","tag-eu","tag-europa","tag-europe","tag-fachkraefte","tag-germany","tag-halle","tag-halle-saale","tag-headlines","tag-nachrichten","tag-news","tag-saale","tag-sachsen-anhalt","tag-schlagzeilen"],"share_on_mastodon":{"url":"https:\/\/pubeurope.com\/@de\/116261054532145453","error":""},"_links":{"self":[{"href":"https:\/\/www.europesays.com\/de\/wp-json\/wp\/v2\/posts\/882858","targetHints":{"allow":["GET"]}}],"collection":[{"href":"https:\/\/www.europesays.com\/de\/wp-json\/wp\/v2\/posts"}],"about":[{"href":"https:\/\/www.europesays.com\/de\/wp-json\/wp\/v2\/types\/post"}],"author":[{"embeddable":true,"href":"https:\/\/www.europesays.com\/de\/wp-json\/wp\/v2\/users\/2"}],"replies":[{"embeddable":true,"href":"https:\/\/www.europesays.com\/de\/wp-json\/wp\/v2\/comments?post=882858"}],"version-history":[{"count":0,"href":"https:\/\/www.europesays.com\/de\/wp-json\/wp\/v2\/posts\/882858\/revisions"}],"wp:featuredmedia":[{"embeddable":true,"href":"https:\/\/www.europesays.com\/de\/wp-json\/wp\/v2\/media\/882859"}],"wp:attachment":[{"href":"https:\/\/www.europesays.com\/de\/wp-json\/wp\/v2\/media?parent=882858"}],"wp:term":[{"taxonomy":"category","embeddable":true,"href":"https:\/\/www.europesays.com\/de\/wp-json\/wp\/v2\/categories?post=882858"},{"taxonomy":"post_tag","embeddable":true,"href":"https:\/\/www.europesays.com\/de\/wp-json\/wp\/v2\/tags?post=882858"}],"curies":[{"name":"wp","href":"https:\/\/api.w.org\/{rel}","templated":true}]}}