{"id":883148,"date":"2026-03-20T13:17:18","date_gmt":"2026-03-20T13:17:18","guid":{"rendered":"https:\/\/www.europesays.com\/de\/883148\/"},"modified":"2026-03-20T13:17:18","modified_gmt":"2026-03-20T13:17:18","slug":"lehrer-sammelkarten-in-braunschweig-hype-an-gaussschule","status":"publish","type":"post","link":"https:\/\/www.europesays.com\/de\/883148\/","title":{"rendered":"Lehrer-Sammelkarten in Braunschweig: Hype an Gau\u00dfschule"},"content":{"rendered":"<p _ngcontent-sc113=\"\"> 20. M\u00e4rz 2026 \u2013 Sascha Funke <\/p>\n<p _ngcontent-sc113=\"\">An der Gau\u00dfschule in Braunschweig wird auf dem Schulhof gerade eifrig getauscht und gesammelt. Diesmal geht es aber nicht um Fu\u00dfballstars oder Fantasyfiguren, sondern um das eigene Schulpersonal. Hinter der Aktion steckt aber mehr als nur ein Gag.<\/p>\n<p>Eine Schule im Sammelfieber<\/p>\n<p _ngcontent-sc85=\"\" align=\"false\">An der Gau\u00dfschule in Braunschweig hat ein ungew\u00f6hnlicher Sammeltrend das Schulgel\u00e4nde erfasst: Sch\u00fclerinnen und Sch\u00fcler sammeln Sticker mit Lehrerinnen, Lehrern, Hausmeister oder Kantinenchef \u2013 jeweils mit Foto und Steckbrief auf der R\u00fcckseite. Die Karten sorgen f\u00fcr Gespr\u00e4chsstoff auf dem Schulhof und f\u00fcllen ganz nebenbei auch noch die Abi-Kasse.<br _ngcontent-sc85=\"\"\/> <br _ngcontent-sc85=\"\"\/> Die Idee dazu kam \u00fcber Social Media. Andere Schulen hatten \u00e4hnliche Aktionen bereits vorgemacht. Die Gau\u00dfschule stie\u00df dabei auf ein Hannoveraner Start-up, das solche Sticker herstellt. Eine der Sch\u00fclerinnen hinter dem Projekt ist Elsa Kothe. Sie erkl\u00e4rt den Erfolg so: \u201eIch denke, es ist erfolgreich, weil es einfach cool ist, Lehrer als Sammelkarten zu haben.\u201c Au\u00dferdem h\u00e4tten viele ohnehin schon Sammelerfahrungen \u2013 \u201eund es bringt die Schulgemeinschaft einfach zusammen\u201c.<\/p>\n<p>Lehrer sammeln mit<\/p>\n<p _ngcontent-sc85=\"\" align=\"false\">Wie gro\u00df der Hype inzwischen ist, zeigt sich offenbar in fast allen Jahrg\u00e4ngen. Schulleiter Stefan L\u00fcttenberg hat die Idee sofort unterst\u00fctzt, hat er Antenne-Niedersachsen-Reporter Hannes Westermann erz\u00e4hlt: \u201eAlso ich habe das sofort f\u00fcr eine sehr gute Idee gehalten, weil ich auch sofort gedacht habe, dann kommen die Menschen ins Gespr\u00e4ch miteinander.\u201c<\/p>\n<p _ngcontent-sc85=\"\" align=\"false\">Nach seinen Eindr\u00fccken hat die Aktion die Schule noch st\u00e4rker zusammengebracht als zun\u00e4chst gedacht. \u201eEs kommen immer wieder auch Sch\u00fclerinnen oder Sch\u00fcler zu Lehrkr\u00e4ften angelaufen, die dann auch ein Autogramm auf ihrer Sammelkarte haben wollen\u201c, sagt L\u00fcttenberg. Au\u00dferdem sammelt er selbst mit \u2013 und bis vor kurzem fehlte ihm ausgerechnet noch die seltene Version von sich selbst.<\/p>\n<p>Der Spa\u00df erfordert Fingerspitzengef\u00fchl<\/p>\n<p _ngcontent-sc85=\"\" align=\"false\">Ganz neu ist das Konzept nicht. Der Ursprung liegt bei Aiko Zimmermann, dem Gr\u00fcnder von <a _ngcontent-sc132=\"\" target=\"_self\" href=\"https:\/\/www.lehrerkarten.de\/\" rel=\"nofollow noopener\">lehrerkarten.de<\/a>. Zu den Anf\u00e4ngen hei\u00dft es dort: &#8222;Damals sa\u00dfen wir im Chemieunterricht an der Bismarckschule in Hannover und suchten nach einer M\u00f6glichkeit, unsere Abi-Kasse aufzubessern.\u201c Aus der Idee sei sp\u00e4ter ein Trend und dann ein kleines Start-up geworden.<\/p>\n<p _ngcontent-sc85=\"\" align=\"false\"> So spielerisch das Projekt wirkt \u2013 hinter jeder Karte steckt ein echter Mensch. Ein respektvoller Umgang ist eine absolute Grundvoraussetzung f\u00fcr ein Sammelkarten-Projekt, das wie aktuell an der<a _ngcontent-sc132=\"\" target=\"_self\" href=\"https:\/\/gaussschule-braunschweig.de\/\" rel=\"nofollow noopener\"> <\/a><a _ngcontent-sc132=\"\" target=\"_self\" href=\"https:\/\/gaussschule-braunschweig.de\/\" rel=\"nofollow noopener\">Gau\u00dfschule Braunschweig<\/a> den Zusammenhalt f\u00f6rdert und gleichzeitig Geld in die Abi-Kasse sp\u00fclt.  <\/p>\n<p><img decoding=\"async\" _ngcontent-sc96=\"\" src=\"https:\/\/www.europesays.com\/de\/wp-content\/uploads\/2026\/03\/2015_sto_gebaeude.jpg.webp.webp\" alt=\"Zu sehen ist eine Komplettaufnahme der beeindruckende, grau-wei\u00dfen Fassade der denkmalgesch\u00fctzten Gau\u00dfschule in Braunschweig mit vielen Fenstern \" title=\"Zu sehen ist eine Komplettaufnahme der beeindruckende, grau-wei\u00dfen Fassade der denkmalgesch\u00fctzten Gau\u00dfschule in Braunschweig mit vielen Fenstern \"\/><\/p>\n<p>Die Gau\u00dfschule liegt im historischen Stadtkern von Braunschweig und steht unter Denkmalschutz<\/p>\n<p><br _ngcontent-sc85=\"\"\/><\/p>\n","protected":false},"excerpt":{"rendered":"20. M\u00e4rz 2026 \u2013 Sascha Funke An der Gau\u00dfschule in Braunschweig wird auf dem Schulhof gerade eifrig getauscht&hellip;\n","protected":false},"author":2,"featured_media":883149,"comment_status":"","ping_status":"","sticky":false,"template":"","format":"standard","meta":{"footnotes":"","_share_on_mastodon":"0"},"categories":[1850],"tags":[194684,6429,3364,29,548,663,3934,194681,30,13,194682,194683,194686,14,15,1411,12,194685,116062],"class_list":["post-883148","post","type-post","status-publish","format-standard","has-post-thumbnail","category-braunschweig","tag-abi-kasse","tag-braunschweig","tag-de","tag-deutschland","tag-eu","tag-europa","tag-europe","tag-gaussschule","tag-germany","tag-headlines","tag-lehrer-sammelkarten","tag-lehrerkarten","tag-lehrerkarten-de","tag-nachrichten","tag-news","tag-niedersachsen","tag-schlagzeilen","tag-schule-niedersachsen","tag-schulgemeinschaft"],"share_on_mastodon":{"url":"https:\/\/pubeurope.com\/@de\/116261699378376477","error":""},"_links":{"self":[{"href":"https:\/\/www.europesays.com\/de\/wp-json\/wp\/v2\/posts\/883148","targetHints":{"allow":["GET"]}}],"collection":[{"href":"https:\/\/www.europesays.com\/de\/wp-json\/wp\/v2\/posts"}],"about":[{"href":"https:\/\/www.europesays.com\/de\/wp-json\/wp\/v2\/types\/post"}],"author":[{"embeddable":true,"href":"https:\/\/www.europesays.com\/de\/wp-json\/wp\/v2\/users\/2"}],"replies":[{"embeddable":true,"href":"https:\/\/www.europesays.com\/de\/wp-json\/wp\/v2\/comments?post=883148"}],"version-history":[{"count":0,"href":"https:\/\/www.europesays.com\/de\/wp-json\/wp\/v2\/posts\/883148\/revisions"}],"wp:featuredmedia":[{"embeddable":true,"href":"https:\/\/www.europesays.com\/de\/wp-json\/wp\/v2\/media\/883149"}],"wp:attachment":[{"href":"https:\/\/www.europesays.com\/de\/wp-json\/wp\/v2\/media?parent=883148"}],"wp:term":[{"taxonomy":"category","embeddable":true,"href":"https:\/\/www.europesays.com\/de\/wp-json\/wp\/v2\/categories?post=883148"},{"taxonomy":"post_tag","embeddable":true,"href":"https:\/\/www.europesays.com\/de\/wp-json\/wp\/v2\/tags?post=883148"}],"curies":[{"name":"wp","href":"https:\/\/api.w.org\/{rel}","templated":true}]}}