{"id":883248,"date":"2026-03-20T14:10:14","date_gmt":"2026-03-20T14:10:14","guid":{"rendered":"https:\/\/www.europesays.com\/de\/883248\/"},"modified":"2026-03-20T14:10:14","modified_gmt":"2026-03-20T14:10:14","slug":"muenchner-wohnen-erst-fehler-bei-der-heizkostenabrechnung-dann-bei-der-entschaedigung-muenchen","status":"publish","type":"post","link":"https:\/\/www.europesays.com\/de\/883248\/","title":{"rendered":"M\u00fcnchner Wohnen: Erst Fehler bei der Heizkostenabrechnung, dann bei der Entsch\u00e4digung &#8211; M\u00fcnchen"},"content":{"rendered":"<p data-manual=\"paragraph\" data-schema-org-speakable=\"true\" class=\"css-1ygz9cx\">Als Gabriele Peters ihre Betriebskostenabrechnungen f\u00fcr das Jahr 2022 bekam, hat sie ihren ganzen Familienschmuck verkauft. Etwa 12 500 Euro hatte die st\u00e4dtische Wohnungsgesellschaft M\u00fcnchner Wohnen\u00a0(MW) ihr allein f\u00fcr <a href=\"https:\/\/www.sueddeutsche.de\/thema\/Heizkosten\" rel=\"nofollow noopener\" target=\"_blank\">Heizkosten<\/a> in Rechnung gestellt. 2023 beliefen sich diese trotz aller Sparversuche immer noch auf knapp 8800 Euro\u00a0\u2013 da nahm Gabriele Peters ein Darlehen auf und lieh sich privat noch etwas, um die Forderungen zu begleichen. Als ihr dann im vorigen November mitgeteilt wurde, dass sie f\u00fcr das Jahr 2024 Geld zur\u00fcckbek\u00e4me, exakt 2293,07 Euro, war sie erleichtert: \u201eDas ist ein kleiner Schritt, dass ich etwas zur\u00fcckzahlen kann.\u201c<\/p>\n","protected":false},"excerpt":{"rendered":"Als Gabriele Peters ihre Betriebskostenabrechnungen f\u00fcr das Jahr 2022 bekam, hat sie ihren ganzen Familienschmuck verkauft. Etwa 12&hellip;\n","protected":false},"author":2,"featured_media":883249,"comment_status":"","ping_status":"","sticky":false,"template":"","format":"standard","meta":{"footnotes":"","_share_on_mastodon":"0"},"categories":[1827],"tags":[772,29,2815,30,2811,11387,15626,5732,5726,9353,1268,58079,149],"class_list":["post-883248","post","type-post","status-publish","format-standard","has-post-thumbnail","category-muenchen","tag-bayern","tag-deutschland","tag-feldmoching-hasenbergl","tag-germany","tag-hasenbergl","tag-heizen","tag-heizkosten","tag-immobilien-und-wohnen","tag-immobilien-und-wohnen-in-muenchen","tag-mietwohnungen","tag-muenchen","tag-muenchner-wohnen","tag-sueddeutsche-zeitung"],"share_on_mastodon":{"url":"https:\/\/pubeurope.com\/@de\/116261907805998510","error":""},"_links":{"self":[{"href":"https:\/\/www.europesays.com\/de\/wp-json\/wp\/v2\/posts\/883248","targetHints":{"allow":["GET"]}}],"collection":[{"href":"https:\/\/www.europesays.com\/de\/wp-json\/wp\/v2\/posts"}],"about":[{"href":"https:\/\/www.europesays.com\/de\/wp-json\/wp\/v2\/types\/post"}],"author":[{"embeddable":true,"href":"https:\/\/www.europesays.com\/de\/wp-json\/wp\/v2\/users\/2"}],"replies":[{"embeddable":true,"href":"https:\/\/www.europesays.com\/de\/wp-json\/wp\/v2\/comments?post=883248"}],"version-history":[{"count":0,"href":"https:\/\/www.europesays.com\/de\/wp-json\/wp\/v2\/posts\/883248\/revisions"}],"wp:featuredmedia":[{"embeddable":true,"href":"https:\/\/www.europesays.com\/de\/wp-json\/wp\/v2\/media\/883249"}],"wp:attachment":[{"href":"https:\/\/www.europesays.com\/de\/wp-json\/wp\/v2\/media?parent=883248"}],"wp:term":[{"taxonomy":"category","embeddable":true,"href":"https:\/\/www.europesays.com\/de\/wp-json\/wp\/v2\/categories?post=883248"},{"taxonomy":"post_tag","embeddable":true,"href":"https:\/\/www.europesays.com\/de\/wp-json\/wp\/v2\/tags?post=883248"}],"curies":[{"name":"wp","href":"https:\/\/api.w.org\/{rel}","templated":true}]}}